{"id":387034,"date":"2025-09-13T05:03:20","date_gmt":"2025-09-13T05:03:20","guid":{"rendered":"https:\/\/www.europesays.com\/fr\/387034\/"},"modified":"2025-09-13T05:03:20","modified_gmt":"2025-09-13T05:03:20","slug":"maxime-30-ans-mort-ne-mais-bien-vivant","status":"publish","type":"post","link":"https:\/\/www.europesays.com\/fr\/387034\/","title":{"rendered":"Maxime, 30 ans, \u00ab mort-n\u00e9 \u00bb, mais bien vivant"},"content":{"rendered":"<p>Maxime Garnier est un survivant, presque un miracul\u00e9. Un accouchement compliqu\u00e9, il vient au monde \u00ab mort-n\u00e9 \u00bb. La r\u00e9animation lui sauve la vie. Mais, comme de nombreux nouveau-n\u00e9s dans sa situation, il ne sort pas indemne de cette premi\u00e8re \u00e9preuve de son existence. La paralysie c\u00e9r\u00e9brale dont il est atteint touche pr\u00e8s d\u2019un b\u00e9b\u00e9 sur mille dans le cas d\u2019une naissance \u00e0 terme. Le risque augmente significativement avec la pr\u00e9maturit\u00e9 : 1 % entre 32 et 36 semaines d\u2019am\u00e9norrh\u00e9e, 6 % au-dessous de 32 semaines. Dans la plupart des cas, le cerveau subit des dommages irr\u00e9versibles, soit parce qu\u2019il n\u2019a plus \u00e9t\u00e9 oxyg\u00e9n\u00e9, soit parce qu\u2019il n\u2019a plus \u00e9t\u00e9 aliment\u00e9 en sang (anoxie-isch\u00e9mie), soit en raison d\u2019une h\u00e9morragie c\u00e9r\u00e9brale. Les causes sont diverses et jamais sans cons\u00e9quence.<\/p>\n<p>  Des contractions musculaires tr\u00e8s fortes<\/p>\n<p>Chez Maxime, les complications de l\u2019accouchement ont ab\u00eem\u00e9 la mati\u00e8re blanche de son cerveau, \u00ab celle qui conduit l\u2019information aux membres, d\u2019o\u00f9 le manque de coordination, etc. \u00bb, explique-t-il. Dans un entretien que nous avons d\u00fb mener par \u00e9crit, Maxime d\u00e9crit son handicap et ses sympt\u00f4mes : \u00ab Je suis Infirme Moteur C\u00e9r\u00e9bral (IMC), c\u2019est une forme de paralysie c\u00e9r\u00e9brale. Elle touche tous les membres, inf\u00e9rieurs et sup\u00e9rieurs, et la sph\u00e8re oro-faciale, d\u2019o\u00f9 des troubles importants d\u2019\u00e9locution. J\u2019ai des contractions musculaires tr\u00e8s fortes. Elles sont trait\u00e9es, donc amoindries, mais font tr\u00e8s mal. J\u2019ai appris \u00e0 g\u00e9rer \u00e7a, mais c\u2019est fatigant. \u00bb A contrario, il lui arrive parfois de perdre ses forces : \u00ab Je suis en hypotonie. Le bon c\u00f4t\u00e9, c\u2019est que je n\u2019ai aucun probl\u00e8me de rep\u00e9rage dans l\u2019espace comme certains paralys\u00e9s c\u00e9r\u00e9braux. \u00bb La m\u00e9moire de Maxime \u00ab n\u2019est pas affect\u00e9e non plus \u00bb.<\/p>\n<p>Vive, elle lui a permis de suivre des \u00e9tudes universitaires. Le trentenaire est titulaire d\u2019une licence de management du Sport d\u00e9croch\u00e9e \u00e0 \ufeffl\u2019URF STAPS de Nancy. Il recherche un contrat dans sa partie. Et lance un appel aux employeurs : \u00ab Il est quand m\u00eame dommage de se passer de talents et de gens surmotiv\u00e9s ! Un \u00ab handi \u00bb c\u2019est quelqu\u2019un \u00e0 installer, entourer, bien s\u00fbr\u2026 Mais, c\u2019est aussi quelqu\u2019un qui est HEUREUX de travailler. Quelqu\u2019un qui va tout donner ! \u00bb Maxime en est l\u2019incarnation. Combatif, r\u00e9silient, bouillonnant, il \u00e9tait surnomm\u00e9 le \u00ab petit indien \u00bb tout petit tant il se montrait d\u00e9termin\u00e9 \u00e0 accomplir les exercices de r\u00e9\u00e9ducation qu\u2019on lui prescrivait : \u00ab Sur le ballon de mon kin\u00e9 (Alain Chuen), je ne l\u00e2chais pas, je poussais un cri et je reprenais l\u2019effort de plus belle. Je suis comme \u00e7a, c\u2019est tout. J\u2019ai toujours voulu aller plus loin, me d\u00e9passer, quoi que je fasse pour y arriver. \u00bb<\/p>\n<p>  En chute libre<\/p>\n<p>Son corps n\u2019est pas un carcan. Pour Maxime, le plus p\u00e9nible est \u00ab de ne pas parvenir \u00e0 communiquer par la parole \u00bb, ce qui l\u2019isole. Pour le reste, il en fait son affaire : \u00ab Je ne peux pas marcher, courir, chanter, \u00e9crire, dessiner, manger par mes propres moyens, m\u2019habiller\u2026 Bref, plein de trucs assez pratiques. Mais bon, j\u2019ai aussi la chance de pouvoir faire quelques pas si besoin, de bien conna\u00eetre les possibilit\u00e9s d\u2019un ordinateur et du web, j\u2019ai un sens de l\u2019observation tr\u00e8s aiguis\u00e9. \u00bb Bien qu\u2019en fauteuil roulant, le jeune homme n\u2019est pas clou\u00e9 au sol. Son \u00e9nergie, sa fureur de vivre, l\u2019a m\u00eame pouss\u00e9 par-del\u00e0 des nuages. Passionn\u00e9 de sports extr\u00eames, il aligne six titres de champion de France de handifly.<\/p>\n<p>Dans cette discipline du parachutisme, Maxime a d\u2019ailleurs fond\u00e9 sa propre association Handi\u2019skydive. Elle a d\u00e9j\u00e0 permis \u00e0 135 personnes en situation de handicap de go\u00fbter aux joies de la chute libre. Sa devise, entendue au d\u00e9tour d\u2019un \u00e9v\u00e9nement pilot\u00e9 par Maxime : \u00ab Ne renoncez pas \u00e0 vos r\u00eaves \u00e0 cause de votre handicap, c\u2019est justement parce que vous \u00eates handicap\u00e9 qu\u2019il faut les r\u00e9aliser. \u00bb Pour porter ce message en ce mois de septembre, le Nanc\u00e9ien a pr\u00eat\u00e9 son visage et son \u00e9loquence \u00e0 la campagne de collecte de fonds au profit de la recherche sur la paralysie c\u00e9r\u00e9brale, STEPTember. Pour participer \u00e0 ce <a href=\"https:\/\/www.republicain-lorrain.fr\/sante\/2025\/05\/03\/cinq-enfants-handicapes-ont-pu-se-depasser-et-s-epanouir-a-la-piscine\" target=\"_blank\" rel=\"noopener\">d\u00e9fi sportif et caritatif<\/a> , il suffit de s\u2019inscrire sur le <a href=\"https:\/\/www.steptember.fr\/le-defi\/\" target=\"_blank\" rel=\"noopener\">site de la Fondation paralysie c\u00e9r\u00e9brale et de t\u00e9l\u00e9charger une application<\/a> qui vous permettra de comptabiliser vos pas jusqu\u2019au 30 septembre. Tous les 2 500 pas, 1 euro sera vers\u00e9 \u00e0 la science. Maxime, de son c\u00f4t\u00e9, montrera l\u2019exemple en r\u00e9alisant un atterrissage seul en parachute et en emmenant dans les airs Mayline, 8 ans, et Betsy, 30 ans, le 21 septembre. La maxime de Maxime pourrait \u00eatre finalement celle de Buzz l\u2019\u00e9clair : \u00ab Vers l\u2019infini et au-del\u00e0 ! \u00bb<\/p>\n","protected":false},"excerpt":{"rendered":"Maxime Garnier est un survivant, presque un miracul\u00e9. Un accouchement compliqu\u00e9, il vient au monde \u00ab mort-n\u00e9 \u00bb.&hellip;\n","protected":false},"author":2,"featured_media":387035,"comment_status":"","ping_status":"","sticky":false,"template":"","format":"standard","meta":{"footnotes":""},"categories":[9635],"tags":[5897,1111,11,1704,1777,674,1011,27,775,1943,5362,224,3457,1702,1703,12,3456,25,71,4604,104],"class_list":{"0":"post-387034","1":"post","2":"type-post","3":"status-publish","4":"format-standard","5":"has-post-thumbnail","7":"category-nancy","8":"tag-activite-physique","9":"tag-actu","10":"tag-actualites","11":"tag-edition-nancy-et-agglomeration","12":"tag-eu","13":"tag-europe","14":"tag-fr","15":"tag-france","16":"tag-grand-est","17":"tag-handicap","18":"tag-magazine-sante","19":"tag-medecine","20":"tag-meurthe-et-moselle","21":"tag-nancy","22":"tag-nancy-ville-54b","23":"tag-news","24":"tag-region-lorraine","25":"tag-republique-francaise","26":"tag-sante","27":"tag-selection-abonne","28":"tag-societe"},"share_on_mastodon":{"url":"https:\/\/pubeurope.com\/@fr\/115195242294023192","error":""},"_links":{"self":[{"href":"https:\/\/www.europesays.com\/fr\/wp-json\/wp\/v2\/posts\/387034","targetHints":{"allow":["GET"]}}],"collection":[{"href":"https:\/\/www.europesays.com\/fr\/wp-json\/wp\/v2\/posts"}],"about":[{"href":"https:\/\/www.europesays.com\/fr\/wp-json\/wp\/v2\/types\/post"}],"author":[{"embeddable":true,"href":"https:\/\/www.europesays.com\/fr\/wp-json\/wp\/v2\/users\/2"}],"replies":[{"embeddable":true,"href":"https:\/\/www.europesays.com\/fr\/wp-json\/wp\/v2\/comments?post=387034"}],"version-history":[{"count":0,"href":"https:\/\/www.europesays.com\/fr\/wp-json\/wp\/v2\/posts\/387034\/revisions"}],"wp:featuredmedia":[{"embeddable":true,"href":"https:\/\/www.europesays.com\/fr\/wp-json\/wp\/v2\/media\/387035"}],"wp:attachment":[{"href":"https:\/\/www.europesays.com\/fr\/wp-json\/wp\/v2\/media?parent=387034"}],"wp:term":[{"taxonomy":"category","embeddable":true,"href":"https:\/\/www.europesays.com\/fr\/wp-json\/wp\/v2\/categories?post=387034"},{"taxonomy":"post_tag","embeddable":true,"href":"https:\/\/www.europesays.com\/fr\/wp-json\/wp\/v2\/tags?post=387034"}],"curies":[{"name":"wp","href":"https:\/\/api.w.org\/{rel}","templated":true}]}}