{"id":387036,"date":"2025-09-13T05:05:12","date_gmt":"2025-09-13T05:05:12","guid":{"rendered":"https:\/\/www.europesays.com\/fr\/387036\/"},"modified":"2025-09-13T05:05:12","modified_gmt":"2025-09-13T05:05:12","slug":"toulon-sur-arroux-larrivee-dune-gendarmerie-a-nouveau-annoncee-le-maire-prudent","status":"publish","type":"post","link":"https:\/\/www.europesays.com\/fr\/387036\/","title":{"rendered":"Toulon-sur-Arroux. L\u2019arriv\u00e9e d\u2019une gendarmerie\u00a0\u00e0 nouveau annonc\u00e9e, le maire prudent"},"content":{"rendered":"<p>De l\u2019enthousiasme mesur\u00e9. C\u2019est par ce double sentiment que Bernard Labrosse a accueilli la nouvelle tomb\u00e9e officiellement. \u00ab\u00a0J\u2019ai re\u00e7u lundi ou mardi une lettre du minist\u00e8re, sign\u00e9e de Bruno Retailleau qui \u00e9tait encore le ministre de l\u2019Int\u00e9rieur, m\u2019informant que la commune a \u00e9t\u00e9 s\u00e9lectionn\u00e9e pour recevoir l\u2019implantation d\u2019une nouvelle brigade de gendarmerie\u00a0\u00bb, explique, presque d\u00e9tach\u00e9, le maire de Toulon-sur-Arroux.<\/p>\n<p>Ce vendredi, l\u2019\u00e9lu \u00e9tait certes tr\u00e8s heureux pour sa commune, mais quelque peu\u2026 prudent. L\u2019homme n\u2019applaudira qu\u2019une fois le document sign\u00e9 entre les mains et le ruban d\u2019inauguration coup\u00e9, \u00ab\u00a0mais \u00e7a ne sera pas par moi\u00a0!\u00a0\u00bb pr\u00e9cise celui qui ne se pr\u00e9sentera pas en mars\u00a02026.<\/p>\n<p>  Tout \u00e9tait pr\u00eat\u2026<\/p>\n<p>La raison de cet accueil un peu froid remonte \u00e0 janvier\u00a02024. Alors que le maire est convaincu que sa commune <a href=\"https:\/\/www.lejsl.com\/politique\/2023\/01\/19\/la-commune-en-passe-de-retrouver-une-gendarmerie\" target=\"_blank\" rel=\"noopener\">va accueillir cette nouvelle gendarmerie<\/a> , la priorit\u00e9 lui passe sous le nez, au dernier moment. Un retournement qu\u2019il a toujours du mal \u00e0 dig\u00e9rer un an plus tard. \u00ab\u00a0Tout \u00e9tait pr\u00eat, on avait beaucoup travaill\u00e9 avec la pr\u00e9fecture et le D\u00e9partement\u2026 et finalement on apprend que <a href=\"https:\/\/www.lejsl.com\/politique\/2025\/01\/11\/quel-avenir-pour-les-nouvelles-brigades-de-gendarmeries-promises-a-la-saone-et-loire\" target=\"_blank\" rel=\"noopener\">c\u2019est Pierreclos qui passe avant<\/a>.\u00a0\u00bb Le maire avait d\u2019ailleurs <a href=\"https:\/\/www.lejsl.com\/politique\/2024\/02\/28\/report-du-projet-de-gendarmerie-le-maire-dit-sa-deception-au-prefet\" target=\"_blank\" rel=\"noopener\">fait part de sa col\u00e8re au pr\u00e9fet<\/a> puis \u00e0 Andr\u00e9 Accary, pr\u00e9sident du D\u00e9partement. \u00ab\u00a0C\u2019est une d\u00e9cision importante pour la commune, pour la population du bassin\u00a0; c\u2019est vraiment une bonne nouvelle, mais je veux rester prudent.\u00a0\u00bb<\/p>\n<p>  Quatre cr\u00e9ations dans le d\u00e9partement<\/p>\n<p>Un peu plus t\u00f4t, dans la matin\u00e9e, du c\u00f4t\u00e9 de M\u00e2con, le chef des gendarmes du d\u00e9partement s\u2019est exprim\u00e9 sur cette cr\u00e9ation qui \u00ab\u00a0permettra d\u2019assurer la s\u00e9curit\u00e9 et de porter la pr\u00e9sence de l\u2019\u00c9tat dans la profondeur des territoires\u00a0\u00bb, commentait le colonel Lukic. Sur son compte Facebook, le s\u00e9nateur Fabien Genet se r\u00e9jouissait de la nouvelle \u00ab\u00a0qui intervient apr\u00e8s plusieurs ann\u00e9es de travail et de suivi attentif de ce dossier\u00a0\u00bb. Cette annonce s\u2019inscrit dans le cadre <a href=\"https:\/\/www.lejsl.com\/faits-divers-justice\/2023\/10\/02\/quatre-nouvelles-brigades-de-gendarmerie-en-saone-et-loire-d-ici-2027\" target=\"_blank\" rel=\"noopener\">d\u2019un vaste programme d\u2019implantation<\/a> de nouvelles gendarmeries dont quatre sur le territoire de la Sa\u00f4ne-et-Loire (Lux, Toulon-sur-Arroux, Pierreclos et une brigade mobile \u00e0 Autun).<\/p>\n<p>La date officielle d\u2019ouverture n\u2019est pas connue. On sait qu\u2019elle interviendra en 2026. Lors du premier projet, la pr\u00e9sence de huit \u00e0 dix militaires \u00e9tait \u00e9voqu\u00e9e. Les gendarmes pourraient int\u00e9grer l\u2019ancien b\u00e2timent de la Poste de mani\u00e8re temporaire, avant d\u2019exercer dans de nouveaux locaux dont la construction sera prise en charge par le D\u00e9partement. Le site est choisi mais sa communication n\u2019a pas \u00e9t\u00e9 faite. Il pourrait s\u2019agir d\u2019un terrain situ\u00e9 pr\u00e8s (ou au sein) <a href=\"https:\/\/www.lejsl.com\/economie\/2025\/06\/15\/en-route-pour-accueillir-de-nouvelles-entreprises-sur-la-zone-artisanale\" target=\"_blank\" rel=\"noopener\">de la zone artisanale<\/a>.<\/p>\n","protected":false},"excerpt":{"rendered":"De l\u2019enthousiasme mesur\u00e9. C\u2019est par ce double sentiment que Bernard Labrosse a accueilli la nouvelle tomb\u00e9e officiellement. \u00ab\u00a0J\u2019ai&hellip;\n","protected":false},"author":2,"featured_media":387037,"comment_status":"","ping_status":"","sticky":false,"template":"","format":"standard","meta":{"footnotes":""},"categories":[9619],"tags":[1111,11,12568,1777,674,274,107,1011,27,14000,12,882,25,6003,2310,13999],"class_list":{"0":"post-387036","1":"post","2":"type-post","3":"status-publish","4":"format-standard","5":"has-post-thumbnail","7":"category-toulon","8":"tag-actu","9":"tag-actualites","10":"tag-edition-montceau-les-mines","11":"tag-eu","12":"tag-europe","13":"tag-faits-divers-justice","14":"tag-fil-info","15":"tag-fr","16":"tag-france","17":"tag-montceau-les-mines-bassin","18":"tag-news","19":"tag-provence-alpes-cote-dazur","20":"tag-republique-francaise","21":"tag-saone-et-loire","22":"tag-toulon","23":"tag-toulon-sur-arroux"},"share_on_mastodon":{"url":"https:\/\/pubeurope.com\/@fr\/115195250165935657","error":""},"_links":{"self":[{"href":"https:\/\/www.europesays.com\/fr\/wp-json\/wp\/v2\/posts\/387036","targetHints":{"allow":["GET"]}}],"collection":[{"href":"https:\/\/www.europesays.com\/fr\/wp-json\/wp\/v2\/posts"}],"about":[{"href":"https:\/\/www.europesays.com\/fr\/wp-json\/wp\/v2\/types\/post"}],"author":[{"embeddable":true,"href":"https:\/\/www.europesays.com\/fr\/wp-json\/wp\/v2\/users\/2"}],"replies":[{"embeddable":true,"href":"https:\/\/www.europesays.com\/fr\/wp-json\/wp\/v2\/comments?post=387036"}],"version-history":[{"count":0,"href":"https:\/\/www.europesays.com\/fr\/wp-json\/wp\/v2\/posts\/387036\/revisions"}],"wp:featuredmedia":[{"embeddable":true,"href":"https:\/\/www.europesays.com\/fr\/wp-json\/wp\/v2\/media\/387037"}],"wp:attachment":[{"href":"https:\/\/www.europesays.com\/fr\/wp-json\/wp\/v2\/media?parent=387036"}],"wp:term":[{"taxonomy":"category","embeddable":true,"href":"https:\/\/www.europesays.com\/fr\/wp-json\/wp\/v2\/categories?post=387036"},{"taxonomy":"post_tag","embeddable":true,"href":"https:\/\/www.europesays.com\/fr\/wp-json\/wp\/v2\/tags?post=387036"}],"curies":[{"name":"wp","href":"https:\/\/api.w.org\/{rel}","templated":true}]}}