{"id":387043,"date":"2025-09-13T05:10:10","date_gmt":"2025-09-13T05:10:10","guid":{"rendered":"https:\/\/www.europesays.com\/fr\/387043\/"},"modified":"2025-09-13T05:10:10","modified_gmt":"2025-09-13T05:10:10","slug":"grenoble-un-jeu-immersif-grandeur-nature-sur-le-theme-harry-potter-debarque-en-ville","status":"publish","type":"post","link":"https:\/\/www.europesays.com\/fr\/387043\/","title":{"rendered":"Grenoble. Un jeu immersif grandeur nature sur le th\u00e8me Harry Potter d\u00e9barque en ville"},"content":{"rendered":"<p>            Par<br \/>\n        <strong><br \/>\n            <a href=\"https:\/\/actu.fr\/auteur\/lisa-rodrigues\" title=\"Consulter tous les articles de Lisa Rodrigues\" rel=\"nofollow noopener\" target=\"_blank\">Lisa Rodrigues<\/a><br \/>\n        <\/strong><\/p>\n<p>        Publi\u00e9 le<\/p>\n<p>            13 sept. 2025 \u00e0 7h02        <\/p>\n<p>Se prendre le temps d\u2019un apr\u00e8s-midi pour un \u00e9l\u00e8ve de Poudlard, la c\u00e9l\u00e8bre \u00e9cole de sorcellerie <strong>de l\u2019univers Harry Potter<\/strong>, telle est la promesse de cet <a href=\"https:\/\/actu.fr\/centre-val-de-loire\/orleans_45234\/ce-jeu-immersif-inspire-d-harry-potter-a-faire-en-famille-arrive-sur-orleans-on-vous-en-dit-plus_61605366.html\" rel=\"nofollow noopener\" target=\"_blank\">escape game g\u00e9ant<\/a> qui parcourt la France.\u00a0<\/p>\n<p class=\" wall-content\">Bonne nouvelle pour les amateurs de magie : l\u2019aventure d\u00e9barque prochainement \u00e0 <a href=\"https:\/\/actu.fr\/auvergne-rhone-alpes\/grenoble_38185\" rel=\"nofollow noopener\" target=\"_blank\">Grenoble<\/a> ! Voici ce qu\u2019il faut savoir pour y participer.<\/p>\n<p class=\" wall-content\"><a href=\"https:\/\/www.instagram.com\/p\/DM-nq7ktEm8\/embed\" title=\"Ouvrir le lien sur Instagram\" rel=\"nofollow noopener\" target=\"_blank\">Visualiser le contenu sur Instagram<\/a><\/p>\n<p>Participez au Troph\u00e9e des Sorciers<\/p>\n<p class=\" wall-content\">Ce jeu d\u2019enqu\u00eate grandeur nature en plein c\u0153ur de Grenoble va se d\u00e9rouler le dimanche 5 octobre. Il <strong>n\u00e9cessite simplement un t\u00e9l\u00e9phone portable<\/strong> charg\u00e9 pour enregistrer sa progression dans l\u2019aventure.<\/p>\n<p class=\" wall-content\">Le synopsis : dans le cadre de la comp\u00e9tition du Troph\u00e9e des Sorciers, les quatre grandes maisons de l\u2019\u00e9cole de magie de Dragastel \u2013 Becdaigle, Tigredor, Oursouffle et S\u00e9l\u00e9zard \u2013 s\u2019affrontent sur diff\u00e9rentes \u00e9preuves. En tant qu\u2019\u00e9l\u00e8ve, votre objectif est de faire triompher votre maison.\u00a0<\/p>\n<p class=\" wall-content\">\u00ab\u00a0Partez \u00e0 la rencontre des professeurs de magie, retrouvez des cr\u00e9atures disparues et affrontez les autres \u00e9l\u00e8ves lors de d\u00e9fis de <strong>r\u00e9flexion, d\u2019agilit\u00e9 ou de rapidit\u00e9<\/strong>\u00ab\u00a0, d\u00e9veloppent les organisateurs.\u00a0<\/p>\n<p>R\u00e9servation obligatoire<\/p>\n<p class=\" wall-content\">Au programme donc, une <strong>s\u00e9rie de 10 d\u00e9fis<\/strong> pour les petits et les grands est \u00e0 relever. Diff\u00e9rents niveaux de difficult\u00e9 sont propos\u00e9s (7-10 ans, 11-15 ans et plus de 16 ans). Comptez environ deux heures pour terminer l\u2019aventure.<\/p>\n<p class=\" wall-content\">Pour participer \u00e0 l\u2019\u00e9v\u00e9nement, il est obligatoire de s\u2019inscrire sur le <a href=\"https:\/\/mysteresetsortileges.fr\/\" rel=\"nofollow noopener\" target=\"_blank\">site internet<\/a> de l\u2019organisateur. C\u2019est au moment de la r\u00e9servation qu\u2019il est possible de choisir sa maison.<\/p>\n<p>Votre r\u00e9gion, votre actu !<\/p>\n<p>Recevez chaque jour les infos qui comptent pour vous.<\/p>\n<p>\t<a href=\"https:\/\/actu.fr\/newsletter\" class=\"ac-btn ac-btn--corner ac-btn--medium ac-btn--blue800\" rel=\"nofollow noopener\" target=\"_blank\">S&rsquo;incrire<\/a><\/p>\n<p class=\" wall-content\">Les tarifs vont de <strong>13 euros<\/strong> pour les enfants, \u00e0 19 euros pour les adolescents d\u00e8s 16 ans et les adultes. L\u2019acc\u00e8s est gratuit pour les moins de 7 ans.<\/p>\n<p class=\" wall-content\">Personnalisez votre actualit\u00e9 en ajoutant vos villes et m\u00e9dias en favori avec <a href=\"https:\/\/moncompte.actu.fr\" title=\"D\u00e9couvez Mon Actu\" rel=\"nofollow noopener\" data-trk=\"{&quot;cta&quot;:{&quot;action&quot;:&quot;https:\\\/\\\/moncompte.actu.fr&quot;,&quot;category&quot;:&quot;mon compte&quot;,&quot;from&quot;:&quot;article footer&quot;,&quot;name&quot;:&quot;Mon actu&quot;,&quot;type&quot;:&quot;cta&quot;}}\" target=\"_blank\">Mon Actu<\/a>.<\/p>\n<p>                    <script async src=\"\/\/www.instagram.com\/embed.js\"><\/script><\/p>\n","protected":false},"excerpt":{"rendered":"Par Lisa Rodrigues Publi\u00e9 le 13 sept. 2025 \u00e0 7h02 Se prendre le temps d\u2019un apr\u00e8s-midi pour un&hellip;\n","protected":false},"author":2,"featured_media":387044,"comment_status":"","ping_status":"","sticky":false,"template":"","format":"standard","meta":{"footnotes":""},"categories":[9566],"tags":[1111,11,2430,1719,1777,674,1011,27,2731,1757,12,25,104],"class_list":{"0":"post-387043","1":"post","2":"type-post","3":"status-publish","4":"format-standard","5":"has-post-thumbnail","7":"category-grenoble","8":"tag-actu","9":"tag-actualites","10":"tag-auvergne-rhone-alpes","11":"tag-enfants","12":"tag-eu","13":"tag-europe","14":"tag-fr","15":"tag-france","16":"tag-grenoble","17":"tag-insolite","18":"tag-news","19":"tag-republique-francaise","20":"tag-societe"},"share_on_mastodon":{"url":"https:\/\/pubeurope.com\/@fr\/115195269899407990","error":""},"_links":{"self":[{"href":"https:\/\/www.europesays.com\/fr\/wp-json\/wp\/v2\/posts\/387043","targetHints":{"allow":["GET"]}}],"collection":[{"href":"https:\/\/www.europesays.com\/fr\/wp-json\/wp\/v2\/posts"}],"about":[{"href":"https:\/\/www.europesays.com\/fr\/wp-json\/wp\/v2\/types\/post"}],"author":[{"embeddable":true,"href":"https:\/\/www.europesays.com\/fr\/wp-json\/wp\/v2\/users\/2"}],"replies":[{"embeddable":true,"href":"https:\/\/www.europesays.com\/fr\/wp-json\/wp\/v2\/comments?post=387043"}],"version-history":[{"count":0,"href":"https:\/\/www.europesays.com\/fr\/wp-json\/wp\/v2\/posts\/387043\/revisions"}],"wp:featuredmedia":[{"embeddable":true,"href":"https:\/\/www.europesays.com\/fr\/wp-json\/wp\/v2\/media\/387044"}],"wp:attachment":[{"href":"https:\/\/www.europesays.com\/fr\/wp-json\/wp\/v2\/media?parent=387043"}],"wp:term":[{"taxonomy":"category","embeddable":true,"href":"https:\/\/www.europesays.com\/fr\/wp-json\/wp\/v2\/categories?post=387043"},{"taxonomy":"post_tag","embeddable":true,"href":"https:\/\/www.europesays.com\/fr\/wp-json\/wp\/v2\/tags?post=387043"}],"curies":[{"name":"wp","href":"https:\/\/api.w.org\/{rel}","templated":true}]}}