{"id":387049,"date":"2025-09-13T05:13:10","date_gmt":"2025-09-13T05:13:10","guid":{"rendered":"https:\/\/www.europesays.com\/fr\/387049\/"},"modified":"2025-09-13T05:13:10","modified_gmt":"2025-09-13T05:13:10","slug":"eisbrecher-a-rennes-avril-2025-w-fenec","status":"publish","type":"post","link":"https:\/\/www.europesays.com\/fr\/387049\/","title":{"rendered":"Eisbrecher \u00e0 Rennes (avril 2025), W-Fenec"},"content":{"rendered":"<p class=\"intro\">Soir\u00e9e metal indus allemand ce 13 avril dans la salle Antipode de Rennes avec <strong translate=\"no\">Heldmaschine<\/strong> et <strong translate=\"no\"><a href=\"https:\/\/www.w-fenec.org\/indus\/eisbrecher.html\" rel=\"nofollow noopener\" target=\"_blank\">Eisbrecher<\/a><\/strong>, \u00e0 guichet ferm\u00e9, pour la derni\u00e8re date de leur tourn\u00e9e europ\u00e9enne\u00a0!<\/p>\n<p class=\"article-body group\">\n\t\t\t\t<img loading=\"lazy\" decoding=\"async\" src=\"https:\/\/www.europesays.com\/fr\/wp-content\/uploads\/2025\/09\/held-maschine@mdpi.jpg\"  alt=\"Held maschine\" width=\"350\" height=\"233\"\/><br \/>\n\t\t\t\tHeld maschine<br \/>\n\t\t\tNous avons eu le grand plaisir et la surprise d&rsquo;\u00eatre accueillis par Alexandre Wesselsky, le charismatique frontman de Eisbrecher. Il nous a souhait\u00e9 la bienvenue, a vant\u00e9 les m\u00e9rites de Heldmaschine, puis a plaisant\u00e9 avec le public pendant quelques instants dans un fran\u00e7ais parfait, \u00e0 peine teint\u00e9 d&rsquo;un l\u00e9ger accent teuton.<\/p>\n<p>Les lumi\u00e8res se sont \u00e9teintes et Heldmaschine a fait son entr\u00e9e sous des projecteurs bleus tr\u00e8s froids, les yeux barr\u00e9s d&rsquo;une lumi\u00e8re horizontale balayant le public. Cette premi\u00e8re chanson \u00e9tait lente, profonde, un peu s\u00e9pulcrale. La voix du chanteur, Ren\u00e9 Anlauff, tr\u00e8s grave, s&rsquo;est \u00e9lev\u00e9e dans la salle. Ah&#8230; le charme de la langue allemande&#8230; une des langues dont les sonorit\u00e9s m&rsquo;enchantent le plus et que je trouve trop peu repr\u00e9sent\u00e9e dans la musique en g\u00e9n\u00e9ral, le metal en particulier, alors qu&rsquo;elle s&rsquo;accorde si bien avec la musique extr\u00eame\u00a0! Heldmaschine a \u00e9t\u00e9 fond\u00e9 en 2011 par les membres du tribute de <strong translate=\"no\"><a href=\"https:\/\/www.w-fenec.org\/indus\/rammstein.html\" rel=\"nofollow noopener\" target=\"_blank\">Rammstein<\/a><\/strong>, <strong translate=\"no\">Volkerball<\/strong>, qui souhaitaient jouer leurs propres morceaux. On ne s&rsquo;\u00e9tonne alors plus de l&rsquo;\u00e9trange similitude de voix entre Ren\u00e9 Anlauff et Till Lindemann. Les chansons se sont encha\u00een\u00e9es plus intenses, plus vibrantes, faisant la part belle \u00e0 l&rsquo;electro en dignes repr\u00e9sentantes du mouvement Neue Deuschte Harte, n\u00e9 dans les ann\u00e9es 90 en Allemagne. Les Allemands nous ont r\u00e9gal\u00e9s d&rsquo;un superbe show de lumi\u00e8res, de riffs percutants, men\u00e9s par une batterie d\u00e9cha\u00een\u00e9e, le tout emmen\u00e9 par la superbe et puissante voix de Ren\u00e9 Anlauff. Ce fut une tr\u00e8s belle d\u00e9couverte pour nous, mais \u00e9galement pour beaucoup de personnes pr\u00e9sentes dans le public qui a r\u00e9serv\u00e9 un superbe accueil \u00e0 Heldmaschine et l&rsquo;a longuement r\u00e9compens\u00e9 en applaudissements nourris \u00e0 la fin de leur set.<\/p>\n<p>\n\t\t\t\t<img loading=\"lazy\" decoding=\"async\" src=\"https:\/\/www.europesays.com\/fr\/wp-content\/uploads\/2025\/09\/eisbrecher@mdpi,1.jpg\"  alt=\"Eisbrecher\" width=\"350\" height=\"233\"\/><br \/>\n\t\t\t\tEisbrecher<br \/>\n\t\t\tAvant de passer \u00e0 Eisbrecher, arr\u00eatons- nous quelques instants sur la salle Antipode de Rennes que nous d\u00e9couvrions pour la premi\u00e8re fois. Une salle agr\u00e9able pouvant accueillir 1000 personnes, avec un balcon proposant des si\u00e8ges tr\u00e8s confortables dont j&rsquo;ai su bien profiter et qui m&rsquo;a offert une vue imprenable sur la sc\u00e8ne et le public. Le son est d&rsquo;une grande qualit\u00e9 et la taille humaine de cette salle de 1000 personnes offre un spectacle presque intime favorisant les \u00e9changes et la spontan\u00e9it\u00e9 entre public et artistes. <\/p>\n<p>Eisbrecher a fait son entr\u00e9e en sc\u00e8ne sous les vivats du public les attendant avec impatience. Public d&rsquo;une grande diversit\u00e9 dans les \u00e2ges, ce qui prouve que le groupe est intemporel et il a su nous le prouver ce soir\u00a0! Alexx, ce personnage immense, charismatique, d&rsquo;une belle prestance mais sans condescendance, avec naturel, a su transporter ses fans par sa voix grave et puissante qui savait se faire, par moments, douce et plus chaude. Les musiciens n&rsquo;\u00e9taient pas en reste par leurs qualit\u00e9s musicales et techniques. Le show nous a offert, comme pour Heldmaschine, un superbe spectacle de jeux de lumi\u00e8res. Les chansons se sont encha\u00een\u00e9es pendant 1h30 non stop, entrecoup\u00e9es par un petit moment de guitares s\u00e8ches complices entre Alexx et le guitariste principal qui nous a gratifi\u00e9 d&rsquo;un peu de douceur, avant de terminer par leurs succ\u00e8s \u00ab\u00a0Verruckt\u00a0\u00bb, \u00ab\u00a0Zwischen uns\u00a0\u00bb, \u00ab\u00a0Was ist hier los?\u00a0\u00bb, \u00ab\u00a0Out of the Dark\u00a0\u00bb.<\/p>\n<p>Ce qui m&rsquo;a le plus marqu\u00e9e pendant cette soir\u00e9e, ce fut la communion avec le public qu&rsquo;Alexx a su instaurer avec beaucoup de naturel, \u00e0 base de petites blagues, d&rsquo;interpellations en fran\u00e7ais. Tout le groupe prenait un r\u00e9el plaisir \u00e0 jouer sur sc\u00e8ne, mais surtout \u00e0 le partager avec nous, \u00e0 nous inclure dans leur show. Bref, une magnifique soir\u00e9e, qui donnait envie de plus. Ne manquait plus que <strong translate=\"no\"><a href=\"https:\/\/www.w-fenec.org\/indus\/oomph.html\" rel=\"nofollow noopener\" target=\"_blank\">Oomph!<\/a><\/strong> pour que la soir\u00e9e soit plus que parfaite.\n<\/p>\n<p class=\"outro\">Un grand merci \u00e0 Tangui de Garmonbozia pour nos accr\u00e9ditations et nous avoir offert cette superbe soir\u00e9e. <br \/>Photos\u00a0: Nolive<\/p>\n<p class=\"article-author\"><b><a href=\"http:\/\/www.w-fenec.org\" rel=\"nofollow noopener\" target=\"_blank\">Gab<\/a><\/b><br \/>\n\t<br \/>Septembre 2025<\/p>\n<p class=\"article-folio\">\nPubli\u00e9 dans le <a href=\"https:\/\/www.w-fenec.org\/magazines\/le-mag,65.html\" rel=\"nofollow noopener\" target=\"_blank\">Mag #65<\/a><\/p>\n","protected":false},"excerpt":{"rendered":"Soir\u00e9e metal indus allemand ce 13 avril dans la salle Antipode de Rennes avec Heldmaschine et Eisbrecher, \u00e0&hellip;\n","protected":false},"author":2,"featured_media":387050,"comment_status":"","ping_status":"","sticky":false,"template":"","format":"standard","meta":{"footnotes":""},"categories":[2821],"tags":[1111,11,829,9184,51966,1777,674,1011,27,12,584,25],"class_list":{"0":"post-387049","1":"post","2":"type-post","3":"status-publish","4":"format-standard","5":"has-post-thumbnail","7":"category-rennes","8":"tag-actu","9":"tag-actualites","10":"tag-bretagne","11":"tag-eisbrecher","12":"tag-eisbrecher-a-rennes-avril-2025","13":"tag-eu","14":"tag-europe","15":"tag-fr","16":"tag-france","17":"tag-news","18":"tag-rennes","19":"tag-republique-francaise"},"share_on_mastodon":{"url":"https:\/\/pubeurope.com\/@fr\/115195281653937214","error":""},"_links":{"self":[{"href":"https:\/\/www.europesays.com\/fr\/wp-json\/wp\/v2\/posts\/387049","targetHints":{"allow":["GET"]}}],"collection":[{"href":"https:\/\/www.europesays.com\/fr\/wp-json\/wp\/v2\/posts"}],"about":[{"href":"https:\/\/www.europesays.com\/fr\/wp-json\/wp\/v2\/types\/post"}],"author":[{"embeddable":true,"href":"https:\/\/www.europesays.com\/fr\/wp-json\/wp\/v2\/users\/2"}],"replies":[{"embeddable":true,"href":"https:\/\/www.europesays.com\/fr\/wp-json\/wp\/v2\/comments?post=387049"}],"version-history":[{"count":0,"href":"https:\/\/www.europesays.com\/fr\/wp-json\/wp\/v2\/posts\/387049\/revisions"}],"wp:featuredmedia":[{"embeddable":true,"href":"https:\/\/www.europesays.com\/fr\/wp-json\/wp\/v2\/media\/387050"}],"wp:attachment":[{"href":"https:\/\/www.europesays.com\/fr\/wp-json\/wp\/v2\/media?parent=387049"}],"wp:term":[{"taxonomy":"category","embeddable":true,"href":"https:\/\/www.europesays.com\/fr\/wp-json\/wp\/v2\/categories?post=387049"},{"taxonomy":"post_tag","embeddable":true,"href":"https:\/\/www.europesays.com\/fr\/wp-json\/wp\/v2\/tags?post=387049"}],"curies":[{"name":"wp","href":"https:\/\/api.w.org\/{rel}","templated":true}]}}