{"id":387051,"date":"2025-09-13T05:14:10","date_gmt":"2025-09-13T05:14:10","guid":{"rendered":"https:\/\/www.europesays.com\/fr\/387051\/"},"modified":"2025-09-13T05:14:10","modified_gmt":"2025-09-13T05:14:10","slug":"strasbourg-entretien-avec-lhistorien-johann-chapoutot-sur-les-origines-nazies-du-management-moderne","status":"publish","type":"post","link":"https:\/\/www.europesays.com\/fr\/387051\/","title":{"rendered":"Strasbourg. Entretien avec l\u2019historien Johann Chapoutot sur les origines nazies du management moderne"},"content":{"rendered":"<blockquote class=\"question\"><p>Les Biblioth\u00e8ques id\u00e9ales \u00e0 Strasbourg invitent \u00e0 relire Indignez-vous , de St\u00e9phane Hessel, paru il y a 15 ans. Qu\u2019est-ce que \u00e7a veut dire pour vous aujourd\u2019hui, comment savoir contre quoi s\u2019indigner\u00a0?<\/p><\/blockquote>\n<p>\u00ab\u00a0Il me semble que l\u2019imp\u00e9ratif utilis\u00e9 par St\u00e9phane Hessel est vraiment devenu superflu. Ce qui peut susciter, au-del\u00e0 de l\u2019indignation, juste de la col\u00e8re, me para\u00eet assez clair aujourd\u2019hui, comme en 1940 ou en 1933. C\u2019est la d\u00e9raison. On ne peut pas mener la politique de Monsieur Trump du point de vue du droit international ou du point de vue du droit de l\u2019environnement ou du point de vue de la survie m\u00eame de l\u2019esp\u00e8ce humaine. On ne peut pas mener la politique sociale et fiscale de Monsieur Macron, ce n\u2019est pas possible. Bien que la situation soit trouble, complexe, les choses me semblent assez claires, assez \u00e9videntes.\u00a0\u00bb<\/p>\n<blockquote class=\"question\"><p>Votre essai au titre paradoxal, Libres d\u2019ob\u00e9ir , paru en 2020, sur le management du nazisme \u00e0 aujourd\u2019hui, devient une bande dessin\u00e9e publi\u00e9e par Casterman.<\/p><\/blockquote>\n<p>\u00ab\u00a0L&#8230;<\/p>\n","protected":false},"excerpt":{"rendered":"Les Biblioth\u00e8ques id\u00e9ales \u00e0 Strasbourg invitent \u00e0 relire Indignez-vous , de St\u00e9phane Hessel, paru il y a 15&hellip;\n","protected":false},"author":2,"featured_media":387052,"comment_status":"","ping_status":"","sticky":false,"template":"","format":"standard","meta":{"footnotes":""},"categories":[2820],"tags":[1111,11,2389,1687,2880,1777,674,107,1011,27,775,3035,2410,12,25,640,2879],"class_list":{"0":"post-387051","1":"post","2":"type-post","3":"status-publish","4":"format-standard","5":"has-post-thumbnail","7":"category-strasbourg","8":"tag-actu","9":"tag-actualites","10":"tag-alsace","11":"tag-culture-loisirs","12":"tag-edition-strasbourg","13":"tag-eu","14":"tag-europe","15":"tag-fil-info","16":"tag-fr","17":"tag-france","18":"tag-grand-est","19":"tag-la-matinale-strasbourg","20":"tag-livres-bd","21":"tag-news","22":"tag-republique-francaise","23":"tag-strasbourg","24":"tag-strasbourg-ville"},"share_on_mastodon":{"url":"https:\/\/pubeurope.com\/@fr\/115195285610277299","error":""},"_links":{"self":[{"href":"https:\/\/www.europesays.com\/fr\/wp-json\/wp\/v2\/posts\/387051","targetHints":{"allow":["GET"]}}],"collection":[{"href":"https:\/\/www.europesays.com\/fr\/wp-json\/wp\/v2\/posts"}],"about":[{"href":"https:\/\/www.europesays.com\/fr\/wp-json\/wp\/v2\/types\/post"}],"author":[{"embeddable":true,"href":"https:\/\/www.europesays.com\/fr\/wp-json\/wp\/v2\/users\/2"}],"replies":[{"embeddable":true,"href":"https:\/\/www.europesays.com\/fr\/wp-json\/wp\/v2\/comments?post=387051"}],"version-history":[{"count":0,"href":"https:\/\/www.europesays.com\/fr\/wp-json\/wp\/v2\/posts\/387051\/revisions"}],"wp:featuredmedia":[{"embeddable":true,"href":"https:\/\/www.europesays.com\/fr\/wp-json\/wp\/v2\/media\/387052"}],"wp:attachment":[{"href":"https:\/\/www.europesays.com\/fr\/wp-json\/wp\/v2\/media?parent=387051"}],"wp:term":[{"taxonomy":"category","embeddable":true,"href":"https:\/\/www.europesays.com\/fr\/wp-json\/wp\/v2\/categories?post=387051"},{"taxonomy":"post_tag","embeddable":true,"href":"https:\/\/www.europesays.com\/fr\/wp-json\/wp\/v2\/tags?post=387051"}],"curies":[{"name":"wp","href":"https:\/\/api.w.org\/{rel}","templated":true}]}}