{"id":387053,"date":"2025-09-13T05:15:10","date_gmt":"2025-09-13T05:15:10","guid":{"rendered":"https:\/\/www.europesays.com\/fr\/387053\/"},"modified":"2025-09-13T05:15:10","modified_gmt":"2025-09-13T05:15:10","slug":"mis-en-cause-pour-une-agression-sexuelle-en-1993-ce-proche-de-leveque-demissionne","status":"publish","type":"post","link":"https:\/\/www.europesays.com\/fr\/387053\/","title":{"rendered":"mis en cause pour une agression sexuelle en 1993, ce proche de l&rsquo;\u00e9v\u00eaque d\u00e9missionne"},"content":{"rendered":"<p>            Par<br \/>\n        <strong><br \/>\n            <a href=\"https:\/\/actu.fr\/auteur\/amandine-mehl\" title=\"Consulter tous les articles de Amandine Mehl\" rel=\"nofollow noopener\" target=\"_blank\">Amandine Mehl<\/a><br \/>\n        <\/strong><\/p>\n<p>        Publi\u00e9 le<\/p>\n<p>            13 sept. 2025 \u00e0 7h02        <\/p>\n<p>Un <strong>eccl\u00e9siastique<\/strong> qui avait \u00e9t\u00e9 <strong>accus\u00e9 d\u2019agression sexuelle sur mineur<\/strong> au d\u00e9but des ann\u00e9es 1990, mais <strong>jamais condamn\u00e9 du fait de la prescription<\/strong>, a annonc\u00e9 mercredi 10 septembre 2025 <strong>d\u00e9missionner<\/strong> de son poste de \u00ab\u00a0<strong>vicaire g\u00e9n\u00e9ral<\/strong>\u00a0\u00bb aupr\u00e8s de l\u2019archev\u00eaque de Strasbourg, du fait de l&rsquo;\u00a0\u00bb\u00e9moi\u00a0\u00bb suscit\u00e9 par sa r\u00e9cente nomination.<\/p>\n<p class=\" wall-content\">\u00ab\u00a0En vue de pr\u00e9server la s\u00e9r\u00e9nit\u00e9 du gouvernement dioc\u00e9sain, j\u2019ai pr\u00e9sent\u00e9 (\u2026) ma d\u00e9mission \u00e0 Mgr l\u2019archev\u00eaque de Strasbourg\u00a0\u00bb, qui l\u2019a \u00ab\u00a0accept\u00e9e\u00a0\u00bb, a pr\u00e9cis\u00e9 le <strong>chanoine Hubert Schmitt<\/strong> dans un communiqu\u00e9 publi\u00e9 sur le site de l\u2019\u00c9glise catholique en Alsace.<\/p>\n<p>Une enqu\u00eate class\u00e9e sans suite<\/p>\n<p class=\" wall-content\">Le pr\u00eatre de 71 ans avait fait l\u2019objet d\u2019une <strong>enqu\u00eate judiciaire<\/strong>, \u00e0 la suite du t\u00e9moignage en 2021 d\u2019un homme affirmant qu\u2019il l\u2019avait <strong>agress\u00e9 sexuellement en 1993<\/strong>, alors qu\u2019il avait 13 ans et \u00e9tait <strong>servant de messe<\/strong>. \u00ab\u00a0Les faits d\u00e9nonc\u00e9s par la victime <strong>semblent cr\u00e9dibles<\/strong>\u00ab\u00a0, avait indiqu\u00e9 en mai 2023 la procureure d\u2019alors de Mulhouse, Edwige Roux-Morizot.\u00a0<\/p>\n<p class=\" wall-content\">Apr\u00e8s un <strong>appel \u00e0 t\u00e9moins<\/strong> pour tenter de retrouver d\u2019autres victimes potentielles \u2013 <strong>lequel n\u2019avait rien donn\u00e9<\/strong> -, l\u2019enqu\u00eate avait cependant \u00e9t\u00e9 <strong>class\u00e9e sans suite<\/strong> en octobre 2024, les faits \u00e9tant prescrits.<\/p>\n<p>\u00ab\u00a0Un signal pr\u00e9occupant pour les victimes\u00a0\u00bb<\/p>\n<p class=\" wall-content\">Dans ce contexte, la r\u00e9cente nomination de M. Schmitt comme proche collaborateur de l\u2019archev\u00eaque de Strasbourg, Pascal Delannoy, avait suscit\u00e9 un <strong>d\u00e9but de pol\u00e9mique<\/strong>. L\u2019homme qui l\u2019avait accus\u00e9, Emmanuel Siess, s\u2019est notamment dit \u00ab\u00a0<strong>choqu\u00e9<\/strong>\u00a0\u00bb de cette promotion aupr\u00e8s de m\u00e9dias locaux.\u00a0<\/p>\n<p class=\" wall-content\">Il s\u2019agit l\u00e0 d&rsquo;\u00a0\u00bbun <strong>signal pr\u00e9occupant pour les victimes<\/strong>\u00a0\u00bb et \u00ab\u00a0profond\u00e9ment d\u00e9courageant\u00a0\u00bb, avait \u00e9galement estim\u00e9 dans un communiqu\u00e9 le tr\u00e8s actif collectif des Voix lib\u00e9r\u00e9es, qui regroupe les victimes de violences sexuelles perp\u00e9tr\u00e9es par un pr\u00eatre tourangeau entre les ann\u00e9es 1960 et 1980.<\/p>\n<p>Votre r\u00e9gion, votre actu !<\/p>\n<p>Recevez chaque jour les infos qui comptent pour vous.<\/p>\n<p>\t<a href=\"https:\/\/actu.fr\/newsletter\" class=\"ac-btn ac-btn--corner ac-btn--medium ac-btn--blue800\" rel=\"nofollow noopener\" target=\"_blank\">S&rsquo;incrire<\/a><br \/>\nUne vive pol\u00e9mique quelques semaines plus t\u00f4t dans le dioc\u00e8se de Toulouse<\/p>\n<p class=\" wall-content\">Cette affaire intervient quelques semaines apr\u00e8s une <strong>vive pol\u00e9mique<\/strong> provoqu\u00e9e dans le dioc\u00e8se de Toulouse par la promotion d\u2019un pr\u00eatre en d\u00e9pit de sa <strong>condamnation pour viol<\/strong> sur mineur en 2006.\u00a0<\/p>\n<p class=\" wall-content\">Devant l\u2019indignation des fid\u00e8les, l\u2019archev\u00eaque Guy de Kerimel avait finalement d\u00fb <a href=\"https:\/\/actu.fr\/occitanie\/toulouse_31555\/toulouse-scandale-autour-de-la-nomination-d-un-pretre-pedocriminel-l-archeveque-revient-sur-sa-decision_63043128.html\" rel=\"nofollow noopener\" target=\"_blank\">renoncer \u00e0 sa d\u00e9cision<\/a> qui avait pouss\u00e9 la Conf\u00e9rence des \u00e9v\u00eaques de France (CEF) elle-m\u00eame \u00e0 r\u00e9agir.<\/p>\n<p>Des pr\u00eatres anonymes du dioc\u00e8se de Strasbourg ont exprim\u00e9 leur \u00ab\u00a0indignation\u00a0\u00bb<\/p>\n<p class=\" wall-content\">En octobre 2021, la Ciase (Commission ind\u00e9pendante sur les abus sexuels dans l\u2019\u00c9glise) avait publi\u00e9 un document choc estimant \u00e0<strong> 330 000 le nombre de mineurs victimes depuis 1950<\/strong>.\u00a0<\/p>\n<p class=\" wall-content\">Dans une lettre publi\u00e9e cette semaine par le m\u00e9dia Tribune Chr\u00e9tienne, plusieurs pr\u00eatres \u2013 anonymes \u2013 du dioc\u00e8se de Strasbourg avaient exprim\u00e9 leur \u00ab\u00a0<strong>indignation<\/strong>\u00a0\u00bb face \u00e0 la <strong>r\u00e9cente promotion du chanoine Schmitt \u00e0 Strasbourg<\/strong>, et appel\u00e9 de leurs v\u0153ux une \u00ab\u00a0visite apostolique\u00a0\u00bb, c\u2019est-\u00e0-dire une inspection ordonn\u00e9e par le pape.<\/p>\n<p class=\" wall-content\">Personnalisez votre actualit\u00e9 en ajoutant vos villes et m\u00e9dias en favori avec <a href=\"https:\/\/moncompte.actu.fr\" title=\"D\u00e9couvez Mon Actu\" rel=\"nofollow noopener\" data-trk=\"{&quot;cta&quot;:{&quot;action&quot;:&quot;https:\\\/\\\/moncompte.actu.fr&quot;,&quot;category&quot;:&quot;mon compte&quot;,&quot;from&quot;:&quot;article footer&quot;,&quot;name&quot;:&quot;Mon actu&quot;,&quot;type&quot;:&quot;cta&quot;}}\" target=\"_blank\">Mon Actu<\/a>.<\/p>\n","protected":false},"excerpt":{"rendered":"Par Amandine Mehl Publi\u00e9 le 13 sept. 2025 \u00e0 7h02 Un eccl\u00e9siastique qui avait \u00e9t\u00e9 accus\u00e9 d\u2019agression sexuelle&hellip;\n","protected":false},"author":2,"featured_media":387054,"comment_status":"","ping_status":"","sticky":false,"template":"","format":"standard","meta":{"footnotes":""},"categories":[2820],"tags":[1111,11,1777,674,1011,27,775,12,4020,25,104,640,799],"class_list":{"0":"post-387053","1":"post","2":"type-post","3":"status-publish","4":"format-standard","5":"has-post-thumbnail","7":"category-strasbourg","8":"tag-actu","9":"tag-actualites","10":"tag-eu","11":"tag-europe","12":"tag-fr","13":"tag-france","14":"tag-grand-est","15":"tag-news","16":"tag-religion","17":"tag-republique-francaise","18":"tag-societe","19":"tag-strasbourg","20":"tag-violences-sexuelles"},"share_on_mastodon":{"url":"https:\/\/pubeurope.com\/@fr\/115195289455028951","error":""},"_links":{"self":[{"href":"https:\/\/www.europesays.com\/fr\/wp-json\/wp\/v2\/posts\/387053","targetHints":{"allow":["GET"]}}],"collection":[{"href":"https:\/\/www.europesays.com\/fr\/wp-json\/wp\/v2\/posts"}],"about":[{"href":"https:\/\/www.europesays.com\/fr\/wp-json\/wp\/v2\/types\/post"}],"author":[{"embeddable":true,"href":"https:\/\/www.europesays.com\/fr\/wp-json\/wp\/v2\/users\/2"}],"replies":[{"embeddable":true,"href":"https:\/\/www.europesays.com\/fr\/wp-json\/wp\/v2\/comments?post=387053"}],"version-history":[{"count":0,"href":"https:\/\/www.europesays.com\/fr\/wp-json\/wp\/v2\/posts\/387053\/revisions"}],"wp:featuredmedia":[{"embeddable":true,"href":"https:\/\/www.europesays.com\/fr\/wp-json\/wp\/v2\/media\/387054"}],"wp:attachment":[{"href":"https:\/\/www.europesays.com\/fr\/wp-json\/wp\/v2\/media?parent=387053"}],"wp:term":[{"taxonomy":"category","embeddable":true,"href":"https:\/\/www.europesays.com\/fr\/wp-json\/wp\/v2\/categories?post=387053"},{"taxonomy":"post_tag","embeddable":true,"href":"https:\/\/www.europesays.com\/fr\/wp-json\/wp\/v2\/tags?post=387053"}],"curies":[{"name":"wp","href":"https:\/\/api.w.org\/{rel}","templated":true}]}}