{"id":387058,"date":"2025-09-13T05:18:26","date_gmt":"2025-09-13T05:18:26","guid":{"rendered":"https:\/\/www.europesays.com\/fr\/387058\/"},"modified":"2025-09-13T05:18:26","modified_gmt":"2025-09-13T05:18:26","slug":"shiva-specialiste-du-menage-a-domicile-recrute-des-employes-de-maison-a-nantes-et-sud-loire","status":"publish","type":"post","link":"https:\/\/www.europesays.com\/fr\/387058\/","title":{"rendered":"Shiva, sp\u00e9cialiste du m\u00e9nage \u00e0 domicile, recrute des employ\u00e9s de maison \u00e0 Nantes et Sud Loire"},"content":{"rendered":"<p>Leader des services de m\u00e9nage \u00e0 domicile, la soci\u00e9t\u00e9 Shiva est pr\u00e9sente sur l\u2019\u00cele de Nantes, \u00e0 Rez\u00e9, \u00e0 Vallet, et \u00e0 Saint-Philbert de Grand Lieu depuis le printemps. Reconnue pour ses prestations de qualit\u00e9 r\u00e9alis\u00e9es par des professionnels qualifi\u00e9s, Shiva lance \u00e9galement une campagne de recrutement !<\/p>\n<p>R\u00e9f\u00e9rence du m\u00e9nage \u00e0 domicile <strong>depuis 20 ans<\/strong>, Shiva propose des <strong>services sur-mesure vari\u00e9s<\/strong> : nettoyage des espaces de vie, des sols, des vitres, repassage du linge\u2026\u00a0<\/p>\n<p><img loading=\"lazy\" decoding=\"async\" style=\"display: block; margin-left: auto; margin-right: auto;\" src=\"https:\/\/www.europesays.com\/fr\/wp-content\/uploads\/2025\/09\/P35455517D6970489G.jpg\" alt=\"\" width=\"420\" height=\"420\"\/><\/p>\n<p>L&rsquo;entreprise cultive <strong>l&rsquo;esprit d&rsquo;\u00e9quipe<\/strong> et le <strong>bien-\u00eatre de ses collaborateurs<\/strong> \u00e0 travers des <strong>\u00e9v\u00e9nements f\u00e9d\u00e9rateurs r\u00e9guliers<\/strong>. Le <strong>magazine saisonnier<\/strong> de Shiva, lanc\u00e9 \u00e0 l\u2019automne dernier, illustre parfaitement cette approche<strong> en donnant la parole aux \u00e9quipes<\/strong> tout en partageant des conseils pratiques pour la maison, des astuces \u00e9cologiques et des histoires inspirantes de la communaut\u00e9 Shiva. <strong>Le nouveau magazine sp\u00e9cial automne arrivera bient\u00f4t dans vos agences<\/strong> : un concentr\u00e9 d\u2019astuces, de recettes et de conseils, garant des apr\u00e8s-midis cocoonings, \u00e0 lire confortablement !<\/p>\n<\/p>\n<p>Dans le cadre de son d\u00e9veloppement, <strong>Shiva recrute des professionnels du m\u00e9nage ainsi que des personnes \u00e0 la recherche d\u2019un compl\u00e9ment de revenu flexible et attractif<\/strong>. L\u2019entreprise valorise l\u2019autonomie de ses collaborateurs, leur offrant la possibilit\u00e9 <strong>d\u2019organiser leur planning selon leurs besoins<\/strong> (temps complet, temps partiel\u2026) tout en assurant des prestations de haute qualit\u00e9 aupr\u00e8s des particuliers.<\/p>\n<p>Infos pratiques<\/p>\n<p><strong>SHIVA \u00cele de Nantes<\/strong><\/p>\n<p><strong>SHIVA Rez\u00e9<\/strong><\/p>\n<p><strong>SHIVA Vallet<\/strong><\/p>\n<p><strong>SHIVA Saint-Philbert de Grand Lieu<\/strong><\/p>\n<ul>\n<li>35 Rue de l\u2019H\u00f4tel de ville, 44310 Saint Philbert De Grand Lieu<\/li>\n<p>&#13;<\/p>\n<li>Du Lundi au Vendredi, 9h-12h30, 14h-18h30<\/li>\n<p>&#13;<\/p>\n<li><a href=\"https:\/\/nantes.maville.com\/actu\/tel:0253351220\" class=\"trackingClickNumero\" target=\"_blank\" rel=\"noopener\">02 53 35 12 20<\/a><\/li>\n<p>&#13;<\/p>\n<li><a rel=\"nofollow noopener\" target=\"_blank\" href=\"https:\/\/www.shiva.fr\/menage-repassage-domicile\/saint-philbert-de-grand-lieu\" class=\"trackingClickSiteWeb\">Site web<\/a><\/li>\n<p>&#13;\n<\/ul>\n<p><a rel=\"nofollow noopener noreferrer\" target=\"_blank\" href=\"https:\/\/www.facebook.com\/p\/SHIVA-%C3%8Ele-de-Nantes-Rez%C3%A9-et-Vallet-100093015416550\/?locale=fr_FR\" class=\"trackingClickFacebook\">Facebook<\/a> \u00a0<\/p>\n<p>\u00a0<\/p>\n","protected":false},"excerpt":{"rendered":"Leader des services de m\u00e9nage \u00e0 domicile, la soci\u00e9t\u00e9 Shiva est pr\u00e9sente sur l\u2019\u00cele de Nantes, \u00e0 Rez\u00e9,&hellip;\n","protected":false},"author":2,"featured_media":387059,"comment_status":"","ping_status":"","sticky":false,"template":"","format":"standard","meta":{"footnotes":""},"categories":[2818],"tags":[1111,11,15335,20345,1777,674,1011,27,3367,2142,6453,766,12,2636,18859,25,51967,9937,7053],"class_list":{"0":"post-387058","1":"post","2":"type-post","3":"status-publish","4":"format-standard","5":"has-post-thumbnail","7":"category-nantes","8":"tag-actu","9":"tag-actualites","10":"tag-domicile","11":"tag-employes","12":"tag-eu","13":"tag-europe","14":"tag-fr","15":"tag-france","16":"tag-loire","17":"tag-maison","18":"tag-menage","19":"tag-nantes","20":"tag-news","21":"tag-pays-de-la-loire","22":"tag-recrute","23":"tag-republique-francaise","24":"tag-shiva","25":"tag-specialiste","26":"tag-sud"},"share_on_mastodon":{"url":"https:\/\/pubeurope.com\/@fr\/115195301417408759","error":""},"_links":{"self":[{"href":"https:\/\/www.europesays.com\/fr\/wp-json\/wp\/v2\/posts\/387058","targetHints":{"allow":["GET"]}}],"collection":[{"href":"https:\/\/www.europesays.com\/fr\/wp-json\/wp\/v2\/posts"}],"about":[{"href":"https:\/\/www.europesays.com\/fr\/wp-json\/wp\/v2\/types\/post"}],"author":[{"embeddable":true,"href":"https:\/\/www.europesays.com\/fr\/wp-json\/wp\/v2\/users\/2"}],"replies":[{"embeddable":true,"href":"https:\/\/www.europesays.com\/fr\/wp-json\/wp\/v2\/comments?post=387058"}],"version-history":[{"count":0,"href":"https:\/\/www.europesays.com\/fr\/wp-json\/wp\/v2\/posts\/387058\/revisions"}],"wp:featuredmedia":[{"embeddable":true,"href":"https:\/\/www.europesays.com\/fr\/wp-json\/wp\/v2\/media\/387059"}],"wp:attachment":[{"href":"https:\/\/www.europesays.com\/fr\/wp-json\/wp\/v2\/media?parent=387058"}],"wp:term":[{"taxonomy":"category","embeddable":true,"href":"https:\/\/www.europesays.com\/fr\/wp-json\/wp\/v2\/categories?post=387058"},{"taxonomy":"post_tag","embeddable":true,"href":"https:\/\/www.europesays.com\/fr\/wp-json\/wp\/v2\/tags?post=387058"}],"curies":[{"name":"wp","href":"https:\/\/api.w.org\/{rel}","templated":true}]}}