{"id":387071,"date":"2025-09-13T05:25:49","date_gmt":"2025-09-13T05:25:49","guid":{"rendered":"https:\/\/www.europesays.com\/fr\/387071\/"},"modified":"2025-09-13T05:25:49","modified_gmt":"2025-09-13T05:25:49","slug":"un-maitre-de-conferences-mis-en-examen-pour-viols-incestueux-et-agressions-sexuelles-2","status":"publish","type":"post","link":"https:\/\/www.europesays.com\/fr\/387071\/","title":{"rendered":"un ma\u00eetre de conf\u00e9rences mis en examen pour viols incestueux et agressions sexuelles"},"content":{"rendered":"<p class=\"mb-4 text-lg md:leading-8 break-words\">Un ma\u00eetre de conf\u00e9rences \u00e0 l\u2019Universit\u00e9 de Lille, a \u00e9t\u00e9 interpell\u00e9 et plac\u00e9 en garde \u00e0 vue le 23 juillet, soup\u00e7onn\u00e9 de <a href=\"https:\/\/fr.news.yahoo.com\/profil-diagnostiqu%C3%A9-p%C3%A9dophilie-mythomanie-ex-204049527.html\" data-ylk=\"slk:viols et d&#039;agressions sexuelles;elm:context_link;itc:0;sec:content-canvas;outcm:mb_qualified_link;_E:mb_qualified_link;ct:story;\" class=\"link  yahoo-link\" target=\"_blank\" rel=\"noopener\">viols et d&rsquo;agressions sexuelles<\/a>, a appris BFMTV du parquet du tribunal judiciaire de Lille ce jeudi 11 septembre.<\/p>\n<p class=\"mb-4 text-lg md:leading-8 break-words\">Une enqu\u00eate avait \u00e9t\u00e9 ouverte \u00e0 la suite d\u2019un signalement r\u00e9alis\u00e9 par un internaute aupr\u00e8s de l\u2019<a href=\"https:\/\/fr.news.yahoo.com\/coup-filet-anti-p%C3%A9docriminalit%C3%A9-homme-214618438.html\" data-ylk=\"slk:OFMIN;elm:context_link;itc:0;sec:content-canvas;outcm:mb_qualified_link;_E:mb_qualified_link;ct:story;\" class=\"link  yahoo-link\" target=\"_blank\" rel=\"noopener\">OFMIN<\/a> (Office expert dans la lutte contre les violences faites aux mineurs, NDLR) concernant \u00ab\u00a0des actes \u00e0 caract\u00e8re p\u00e9dophile commis et diffus\u00e9s sur les r\u00e9seaux sociaux\u00a0\u00bb, pr\u00e9cise le parquet.<\/p>\n<p>\u00ab\u00a0Captation\u00a0\u00bb d&rsquo;images \u00ab\u00a0\u00e0 caract\u00e8re pornographique\u00a0\u00bb<\/p>\n<p class=\"mb-4 text-lg md:leading-8 break-words\">L&rsquo;homme \u00e2g\u00e9 de 62 ans, a \u00e9t\u00e9 d\u00e9f\u00e9r\u00e9 le 25 juillet et mis en examen pour les chefs de \u00ab\u00a0viols incestueux et agressions sexuelles par ascendant\u00a0\u00bb, ainsi que pour \u00ab\u00a0captation en vue de sa diffusion d\u2019image \u00e0 caract\u00e8re pornographique de mineur\u00a0\u00bb. Le suspect a \u00e9t\u00e9 plac\u00e9 en d\u00e9tention provisoire \u00e0 l&rsquo;issue de sa comparution.<\/p>\n<p class=\"mb-4 text-lg md:leading-8 break-words\">L&rsquo;universit\u00e9 de Lille indique \u00e0 BFM Grand Lille dans un communiqu\u00e9 avoir \u00ab\u00a0pris connaissance\u00a0\u00bb des \u00ab\u00a0accusations graves\u00a0\u00bb visant \u00ab\u00a0l&rsquo;un des membres du corps enseignant pour des faits sans lien avec activit\u00e9 professionnelle\u00a0\u00bb.<\/p>\n<p class=\"mb-4 text-lg md:leading-8 break-words\">La facult\u00e9 rappelle qu&rsquo;elle \u00ab\u00a0condamne toutes formes de violence\u00a0\u00bb, dit \u00ab\u00a0sa compassion et son soutien aux personnes qui pourraient \u00eatre affect\u00e9es par cette situation\u00a0\u00bb et \u00ab\u00a0reste attentive \u00e0 leur accompagnement\u00a0\u00bb.<\/p>\n<p class=\"mb-4 text-lg md:leading-8 break-words\"><a href=\"https:\/\/www.bfmtv.com\/police-justice\/universite-de-lille-un-maitre-de-conferences-mis-en-examen-pour-viols-incestueux-et-agressions-sexuelles_AN-202509110301.html#xtor=AL-68\" rel=\"nofollow noopener\" target=\"_blank\" data-ylk=\"slk:Article original publi\u00e9 sur BFMTV.com;elm:context_link;itc:0;sec:content-canvas\" class=\"link \">Article original publi\u00e9 sur BFMTV.com<\/a><\/p>\n","protected":false},"excerpt":{"rendered":"Un ma\u00eetre de conf\u00e9rences \u00e0 l\u2019Universit\u00e9 de Lille, a \u00e9t\u00e9 interpell\u00e9 et plac\u00e9 en garde \u00e0 vue le&hellip;\n","protected":false},"author":2,"featured_media":387072,"comment_status":"","ping_status":"","sticky":false,"template":"","format":"standard","meta":{"footnotes":""},"categories":[2815],"tags":[1111,11,1401,51349,1777,674,1011,27,811,1307,4914,12,25],"class_list":{"0":"post-387071","1":"post","2":"type-post","3":"status-publish","4":"format-standard","5":"has-post-thumbnail","7":"category-lille","8":"tag-actu","9":"tag-actualites","10":"tag-agressions-sexuelles","11":"tag-caractere-pornographique","12":"tag-eu","13":"tag-europe","14":"tag-fr","15":"tag-france","16":"tag-hauts-de-france","17":"tag-lille","18":"tag-maitre-de-conferences","19":"tag-news","20":"tag-republique-francaise"},"share_on_mastodon":{"url":"https:\/\/pubeurope.com\/@fr\/115195332843186034","error":""},"_links":{"self":[{"href":"https:\/\/www.europesays.com\/fr\/wp-json\/wp\/v2\/posts\/387071","targetHints":{"allow":["GET"]}}],"collection":[{"href":"https:\/\/www.europesays.com\/fr\/wp-json\/wp\/v2\/posts"}],"about":[{"href":"https:\/\/www.europesays.com\/fr\/wp-json\/wp\/v2\/types\/post"}],"author":[{"embeddable":true,"href":"https:\/\/www.europesays.com\/fr\/wp-json\/wp\/v2\/users\/2"}],"replies":[{"embeddable":true,"href":"https:\/\/www.europesays.com\/fr\/wp-json\/wp\/v2\/comments?post=387071"}],"version-history":[{"count":0,"href":"https:\/\/www.europesays.com\/fr\/wp-json\/wp\/v2\/posts\/387071\/revisions"}],"wp:featuredmedia":[{"embeddable":true,"href":"https:\/\/www.europesays.com\/fr\/wp-json\/wp\/v2\/media\/387072"}],"wp:attachment":[{"href":"https:\/\/www.europesays.com\/fr\/wp-json\/wp\/v2\/media?parent=387071"}],"wp:term":[{"taxonomy":"category","embeddable":true,"href":"https:\/\/www.europesays.com\/fr\/wp-json\/wp\/v2\/categories?post=387071"},{"taxonomy":"post_tag","embeddable":true,"href":"https:\/\/www.europesays.com\/fr\/wp-json\/wp\/v2\/tags?post=387071"}],"curies":[{"name":"wp","href":"https:\/\/api.w.org\/{rel}","templated":true}]}}