{"id":387073,"date":"2025-09-13T05:26:08","date_gmt":"2025-09-13T05:26:08","guid":{"rendered":"https:\/\/www.europesays.com\/fr\/387073\/"},"modified":"2025-09-13T05:26:08","modified_gmt":"2025-09-13T05:26:08","slug":"une-extension-du-restaurant-du-tennis-club-de-marseille-fait-vivement-reagir-des-voisins-devant-la-justice","status":"publish","type":"post","link":"https:\/\/www.europesays.com\/fr\/387073\/","title":{"rendered":"Une extension du restaurant du Tennis Club de Marseille fait vivement r\u00e9agir, des voisins devant la justice"},"content":{"rendered":"<p>            Par<br \/>\n        <strong><br \/>\n            <a href=\"https:\/\/actu.fr\/auteur\/redaction-marseille\" title=\"Consulter tous les articles de R\u00e9daction Marseille\" rel=\"nofollow noopener\" target=\"_blank\">R\u00e9daction Marseille<\/a><br \/>\n        <\/strong><\/p>\n<p>        Publi\u00e9 le<\/p>\n<p>            13 sept. 2025 \u00e0 7h01        <\/p>\n<p>Le Conseil d\u2019\u00c9tat a rejet\u00e9 le pourvoi de quatre voisins du restaurant \u00ab\u2009C\u00f4t\u00e9 Court\u2009\u00bb du Tennis Club de <a href=\"https:\/\/actu.fr\/marseille\/\" rel=\"nofollow noopener\" target=\"_blank\">Marseille<\/a> (<a href=\"https:\/\/actu.fr\/provence-alpes-cote-d-azur\/bouches-du-rhone_13\" rel=\"nofollow noopener\" target=\"_blank\">Bouches-du-Rh\u00f4ne<\/a>), qui avaient demand\u00e9 \u00ab\u2009l\u2019autorisation\u2009\u00bb de la justice administrative pour agir devant le tribunal judiciaire de Marseille en lieu et place de la mairie. Le maire de Marseille <a href=\"https:\/\/actu.fr\/tag\/benoit-payan\" rel=\"nofollow noopener\" target=\"_blank\">Beno\u00eet Payan<\/a> (ex-PS) avait en effet refus\u00e9 le 26\u00a0f\u00e9vrier 2025 de <strong>demander la \u00ab\u2009d\u00e9molition\u2009\u00bb de cette \u00ab\u2009construction irr\u00e9guli\u00e8rement \u00e9difi\u00e9e\u2009\u00bb, <\/strong>selon eux, au 10 boulevard de Tunis (8e). Cela avait donc pouss\u00e9 B\u00e9n\u00e9dicte XXX, Beno\u00eet XXX, Ghislaine XXX et Eric XXX \u00e0 saisir le tribunal administratif de Marseille.<\/p>\n<p>La taxe fonci\u00e8re au centre des d\u00e9bats<\/p>\n<p class=\" wall-content\">\u00ab\u2009Tout contribuable inscrit au r\u00f4le de la commune a le droit d\u2019exercer, tant en demande qu\u2019en d\u00e9fense, \u00e0 ses frais et risques, avec l\u2019autorisation du tribunal administratif, les actions qu\u2019il croit appartenir \u00e0 la commune et que celle-ci, [\u2026] appel\u00e9e \u00e0 en d\u00e9lib\u00e9rer, a refus\u00e9 ou n\u00e9glig\u00e9 d\u2019exercer\u2009\u00bb, pr\u00e9voit en effet <strong>le Code g\u00e9n\u00e9ral des collectivit\u00e9s territoriales (CGCT).<\/strong><\/p>\n<p>    <a href=\"https:\/\/www.google.com\/maps\/embed?pb=!1m18!1m12!1m3!1d2727.4205738010232!2d5.378202775771137!3d43.26789907726643!2m3!1f0!2f0!3f0!3m2!1i1024!2i768!4f13.1!3m3!1m2!1s0x12c9c74450c82941%3A0xec1daff73a5b1d18!2sTennis%20Club%20de%20Marseille%20%7C%20Tennis!5e1!3m2!1sfr!2sfr!4v1757738786737!5m2!1sfr!2sfr\" title=\"Ouvrie le lien\" rel=\"nofollow noopener\" target=\"_blank\">Cliquez ici pour visualiser le contenu<\/a><\/p>\n<p class=\" wall-content\">\u00ab\u2009Il appartient au tribunal administratif [\u2026] de v\u00e9rifier [\u2026] que l\u2019action envisag\u00e9e pr\u00e9sente un int\u00e9r\u00eat mat\u00e9riel suffisant pour la commune et qu\u2019elle a une chance de succ\u00e8s\u2009\u00bb, explicite le Conseil d\u2019\u00c9tat dans un arr\u00eat en date du 22\u00a0juillet 2025 qui vient d\u2019\u00eatre rendu public.<\/p>\n<p class=\" wall-content\">Or dans cette affaire, \u00ab\u2009<strong>il ne r\u00e9sulte pas de l\u2019instruction que la d\u00e9molition de l\u2019extension [\u2026] pr\u00e9senterait un int\u00e9r\u00eat mat\u00e9riel pour la commune,<\/strong> sans que les requ\u00e9rants puissent utilement soutenir que l\u2019\u00e9ventuelle reconstruction en conformit\u00e9 avec les dispositions du Plan local d\u2019urbanisme intercommunal (PLUI) permettrait \u00e0 la commune de percevoir des recettes suppl\u00e9mentaires de taxe fonci\u00e8re sur les propri\u00e9t\u00e9s b\u00e2ties\u2009\u00bb, tranche la plus haute juridiction administrative fran\u00e7aise.<\/p>\n<p>Un \u00ab\u2009int\u00e9r\u00eat mat\u00e9riel suffisant\u2009\u00bb\u2009?<\/p>\n<p class=\" wall-content\">Les quatre \u00ab\u2009contribuables\u2009\u00bb marseillais ne peuvent pas non plus soutenir, selon le Conseil d\u2019\u00c9tat, que \u00ab\u2009<strong>l\u2019action en d\u00e9molition [\u2026] permettrait \u00e0 celle-ci d\u2019\u00eatre indemnis\u00e9e<\/strong> du manque \u00e0 gagner r\u00e9sultant de l\u2019absence d\u2019acquittement des impositions dues \u00e0 raison de l\u2019extension litigieuse\u2009\u00bb.<\/p>\n<p class=\" wall-content\"><strong>\u00ab\u2009L\u2019administration fiscale peut [\u2026] d\u00e9cider de r\u00e9parer [\u2026] une telle omission ou insuffisance d\u2019imposition\u2009\u00bb,<\/strong> rappellent les juges parisiens. \u00ab\u2009Par suite, l\u2019action envisag\u00e9e par les requ\u00e9rants ne peut \u00eatre regard\u00e9e comme pr\u00e9sentant un int\u00e9r\u00eat mat\u00e9riel suffisant pour la commune.\u2009\u00bb Leur requ\u00eate a donc \u00e9t\u00e9 rejet\u00e9e.<\/p>\n<p class=\" wall-content\"><strong>GF \/ PressPepper<\/strong><\/p>\n<p class=\" wall-content\">Personnalisez votre actualit\u00e9 en ajoutant vos villes et m\u00e9dias en favori avec <a href=\"https:\/\/moncompte.actu.fr\" title=\"D\u00e9couvez Mon Actu\" rel=\"nofollow noopener\" data-trk=\"{&quot;cta&quot;:{&quot;action&quot;:&quot;https:\\\/\\\/moncompte.actu.fr&quot;,&quot;category&quot;:&quot;mon compte&quot;,&quot;from&quot;:&quot;article footer&quot;,&quot;name&quot;:&quot;Mon actu&quot;,&quot;type&quot;:&quot;cta&quot;}}\" target=\"_blank\">Mon Actu<\/a>.<\/p>\n","protected":false},"excerpt":{"rendered":"Par R\u00e9daction Marseille Publi\u00e9 le 13 sept. 2025 \u00e0 7h01 Le Conseil d\u2019\u00c9tat a rejet\u00e9 le pourvoi de&hellip;\n","protected":false},"author":2,"featured_media":387074,"comment_status":"","ping_status":"","sticky":false,"template":"","format":"standard","meta":{"footnotes":""},"categories":[2814],"tags":[1111,11,2760,1777,674,118,1011,27,303,884,12,882,25],"class_list":{"0":"post-387073","1":"post","2":"type-post","3":"status-publish","4":"format-standard","5":"has-post-thumbnail","7":"category-marseille","8":"tag-actu","9":"tag-actualites","10":"tag-conseil-detat","11":"tag-eu","12":"tag-europe","13":"tag-faits-divers","14":"tag-fr","15":"tag-france","16":"tag-justice","17":"tag-marseille","18":"tag-news","19":"tag-provence-alpes-cote-dazur","20":"tag-republique-francaise"},"share_on_mastodon":{"url":"https:\/\/pubeurope.com\/@fr\/115195332902940534","error":""},"_links":{"self":[{"href":"https:\/\/www.europesays.com\/fr\/wp-json\/wp\/v2\/posts\/387073","targetHints":{"allow":["GET"]}}],"collection":[{"href":"https:\/\/www.europesays.com\/fr\/wp-json\/wp\/v2\/posts"}],"about":[{"href":"https:\/\/www.europesays.com\/fr\/wp-json\/wp\/v2\/types\/post"}],"author":[{"embeddable":true,"href":"https:\/\/www.europesays.com\/fr\/wp-json\/wp\/v2\/users\/2"}],"replies":[{"embeddable":true,"href":"https:\/\/www.europesays.com\/fr\/wp-json\/wp\/v2\/comments?post=387073"}],"version-history":[{"count":0,"href":"https:\/\/www.europesays.com\/fr\/wp-json\/wp\/v2\/posts\/387073\/revisions"}],"wp:featuredmedia":[{"embeddable":true,"href":"https:\/\/www.europesays.com\/fr\/wp-json\/wp\/v2\/media\/387074"}],"wp:attachment":[{"href":"https:\/\/www.europesays.com\/fr\/wp-json\/wp\/v2\/media?parent=387073"}],"wp:term":[{"taxonomy":"category","embeddable":true,"href":"https:\/\/www.europesays.com\/fr\/wp-json\/wp\/v2\/categories?post=387073"},{"taxonomy":"post_tag","embeddable":true,"href":"https:\/\/www.europesays.com\/fr\/wp-json\/wp\/v2\/tags?post=387073"}],"curies":[{"name":"wp","href":"https:\/\/api.w.org\/{rel}","templated":true}]}}