{"id":387077,"date":"2025-09-13T05:28:12","date_gmt":"2025-09-13T05:28:12","guid":{"rendered":"https:\/\/www.europesays.com\/fr\/387077\/"},"modified":"2025-09-13T05:28:12","modified_gmt":"2025-09-13T05:28:12","slug":"pourquoi-la-publicite-disparait-drastiquement-en-ville","status":"publish","type":"post","link":"https:\/\/www.europesays.com\/fr\/387077\/","title":{"rendered":"pourquoi la publicit\u00e9 dispara\u00eet drastiquement en ville"},"content":{"rendered":"<p>Le 3\u00a0juillet dernier, le Tribunal administratif de Lyon a valid\u00e9 la majeure partie du nouveau R\u00e8glement local de publicit\u00e9 (RLP) vot\u00e9 en juin 2023, qui faisait (fait encore) l\u2019objet de recours. Exit donc, les enseignes et publicit\u00e9s devenues non conformes, pour lesquelles leurs annonceurs attendaient que la justice se prononce.<\/p>\n<p>\u00ab\u00a0Nous leur laissons jusqu\u2019au mois d\u2019octobre le temps de trouver des entreprises qui viendront d\u00e9manteler ce qui doit l\u2019\u00eatre\u00a0\u00bb, pr\u00e9cisait fin juillet Philippe Guelpa-Bonaro, vice-pr\u00e9sident de la M\u00e9tropole de Lyon, satisfait de rappeler que \u00ab\u00a0ce nouveau RLP aux objectifs d\u2019am\u00e9lioration du cadre de vie, de lutte contre la pollution visuelle et le gaspillage \u00e9nerg\u00e9tique, est l\u2019un des plus ambitieux de France\u00a0\u00bb.<\/p>\n<p>Concr\u00e8tement, cette ambition se traduit par une r\u00e9duction de 75 % du&#8230;<\/p>\n","protected":false},"excerpt":{"rendered":"Le 3\u00a0juillet dernier, le Tribunal administratif de Lyon a valid\u00e9 la majeure partie du nouveau R\u00e8glement local de&hellip;\n","protected":false},"author":2,"featured_media":387078,"comment_status":"","ping_status":"","sticky":false,"template":"","format":"standard","meta":{"footnotes":""},"categories":[1889],"tags":[1111,11,2430,4406,33,2757,436,1777,674,107,1011,27,3539,2428,2756,12,316,1800,25,2429,3151],"class_list":{"0":"post-387077","1":"post","2":"type-post","3":"status-publish","4":"format-standard","5":"has-post-thumbnail","7":"category-lyon","8":"tag-actu","9":"tag-actualites","10":"tag-auvergne-rhone-alpes","11":"tag-commerce-et-services","12":"tag-economie","13":"tag-edition-lyon-villeurbanne","14":"tag-environnement","15":"tag-eu","16":"tag-europe","17":"tag-fil-info","18":"tag-fr","19":"tag-france","20":"tag-les-ecologistes","21":"tag-lyon","22":"tag-lyon-bassin","23":"tag-news","24":"tag-politique","25":"tag-pollution","26":"tag-republique-francaise","27":"tag-rhone","28":"tag-selection-de-la-redaction-69"},"share_on_mastodon":{"url":"https:\/\/pubeurope.com\/@fr\/115195340687149501","error":""},"_links":{"self":[{"href":"https:\/\/www.europesays.com\/fr\/wp-json\/wp\/v2\/posts\/387077","targetHints":{"allow":["GET"]}}],"collection":[{"href":"https:\/\/www.europesays.com\/fr\/wp-json\/wp\/v2\/posts"}],"about":[{"href":"https:\/\/www.europesays.com\/fr\/wp-json\/wp\/v2\/types\/post"}],"author":[{"embeddable":true,"href":"https:\/\/www.europesays.com\/fr\/wp-json\/wp\/v2\/users\/2"}],"replies":[{"embeddable":true,"href":"https:\/\/www.europesays.com\/fr\/wp-json\/wp\/v2\/comments?post=387077"}],"version-history":[{"count":0,"href":"https:\/\/www.europesays.com\/fr\/wp-json\/wp\/v2\/posts\/387077\/revisions"}],"wp:featuredmedia":[{"embeddable":true,"href":"https:\/\/www.europesays.com\/fr\/wp-json\/wp\/v2\/media\/387078"}],"wp:attachment":[{"href":"https:\/\/www.europesays.com\/fr\/wp-json\/wp\/v2\/media?parent=387077"}],"wp:term":[{"taxonomy":"category","embeddable":true,"href":"https:\/\/www.europesays.com\/fr\/wp-json\/wp\/v2\/categories?post=387077"},{"taxonomy":"post_tag","embeddable":true,"href":"https:\/\/www.europesays.com\/fr\/wp-json\/wp\/v2\/tags?post=387077"}],"curies":[{"name":"wp","href":"https:\/\/api.w.org\/{rel}","templated":true}]}}