{"id":387079,"date":"2025-09-13T05:29:09","date_gmt":"2025-09-13T05:29:09","guid":{"rendered":"https:\/\/www.europesays.com\/fr\/387079\/"},"modified":"2025-09-13T05:29:09","modified_gmt":"2025-09-13T05:29:09","slug":"pres-de-lyon-privee-de-salaire-et-bannie-par-la-commune-une-directrice-gagne-son-bras-de-fer","status":"publish","type":"post","link":"https:\/\/www.europesays.com\/fr\/387079\/","title":{"rendered":"Pr\u00e8s de Lyon. Priv\u00e9e de salaire et \u00ab\u00a0bannie\u00a0\u00bb par la commune, une directrice gagne son bras de fer"},"content":{"rendered":"<p>            Par<br \/>\n        <strong><br \/>\n            <a href=\"https:\/\/actu.fr\/auteur\/redaction-lyon\" title=\"Consulter tous les articles de R\u00e9daction Lyon\" rel=\"nofollow noopener\" target=\"_blank\">R\u00e9daction Lyon<\/a><br \/>\n        <\/strong><\/p>\n<p>        Publi\u00e9 le<\/p>\n<p>            13 sept. 2025 \u00e0 7h16        <\/p>\n<p>La juge des r\u00e9f\u00e9r\u00e9s du tribunal administratif de <a href=\"https:\/\/actu.fr\/auvergne-rhone-alpes\/lyon_69123\" rel=\"nofollow noopener\" target=\"_blank\">Lyon<\/a> a donn\u00e9 raison \u00e0 la directrice du centre de loisirs Jacques-Duclos et r\u00e9f\u00e9rente p\u00e9riscolaire de l\u2019\u00e9cole Pablo-Picasso, \u00e0 Oullins-Pierre-B\u00e9nite (Rh\u00f4ne), en ordonnant sa r\u00e9int\u00e9gration provisoire dans les effectifs de la commune. Le 12 mai 2025, la requ\u00e9rante avait en effet \u00e9t\u00e9 <strong>suspendue de ses fonctions pour deux ans<\/strong> par le maire de la commune J\u00e9r\u00f4me Moroge (LR). Elle avait donc saisi la justice le 11 juillet 2025 dans le cadre d\u2019une proc\u00e9dure d\u2019urgence : cette d\u00e9cision \u00ab\u00a0manifestement disproportionn\u00e9e\u00a0\u00bb allait avoir pour cons\u00e9quence de la <strong>\u00ab\u00a0priver de la totalit\u00e9 de sa r\u00e9mun\u00e9ration\u00a0\u00bb.<\/strong><\/p>\n<p>La commune \u00e9voque des faits de violences graves<\/p>\n<p class=\" wall-content\">\u00ab\u00a0La d\u00e9cision a \u00e9t\u00e9 prise au terme d\u2019une enqu\u00eate administrative irr\u00e9guli\u00e8re, en m\u00e9connaissance des principes de loyaut\u00e9, d\u2019impartialit\u00e9 et du contradictoire\u00a0\u00bb, soutenait son avocate.<\/p>\n<p class=\" wall-content\">\u00ab\u00a0La mat\u00e9rialit\u00e9 des faits reproch\u00e9s n\u2019est pas \u00e9tablie, et le conseil de discipline en a d\u2019ailleurs retenu tr\u00e8s peu.\u00a0\u00bb Surtout la sanction \u00ab\u00a0d\u00e9passe largement\u00a0\u00bb celle qui avait \u00e9t\u00e9 propos\u00e9e par le m\u00eame conseil de discipline.<\/p>\n<p class=\" wall-content\">\u00ab\u00a0La condition d\u2019urgence n\u2019est pas remplie, faute pour Mme X. de d\u00e9tailler l\u2019impact financier de la d\u00e9cision d\u2019exclusion temporaire de fonctions qu\u2019elle conteste\u00a0\u00bb, \u00e9vacuait l\u2019avocate de la commune d\u2019Oullins-Pierre-B\u00e9nite.<\/p>\n<p class=\" wall-content\">A l\u2019audience, cette derni\u00e8re avait \u00ab\u00a0insist\u00e9\u00a0\u00bb sur \u00ab\u00a0la mat\u00e9rialit\u00e9 des faits de violence reproch\u00e9s\u00a0\u00bb et \u00ab\u00a0leur gravit\u00e9\u00a0\u00bb.<\/p>\n<p>Priv\u00e9e de la totalit\u00e9 de sa r\u00e9mun\u00e9ration<\/p>\n<p class=\" wall-content\">Mais \u00ab\u00a0la d\u00e9cision (\u2026) prive Mm X. de la totalit\u00e9 de sa r\u00e9mun\u00e9ration pour (\u2026) deux ans (\u2026) sans que la commune fasse \u00e9tat de circonstances particuli\u00e8res, en se bornant \u00e0 soutenir que Mme X. n\u2019\u00e9tablit pas les difficult\u00e9s financi\u00e8res dans lesquelles la placerait la d\u00e9cision\u00a0\u00bb, r\u00e9sume la juge des r\u00e9f\u00e9r\u00e9s du tribunal administratif de Lyon dans une ordonnance en date du 25 juillet 2025 qui vient d\u2019\u00eatre rendue publique.<\/p>\n<p>Votre r\u00e9gion, votre actu !<\/p>\n<p>Recevez chaque jour les infos qui comptent pour vous.<\/p>\n<p>\t<a href=\"https:\/\/actu.fr\/newsletter\" class=\"ac-btn ac-btn--corner ac-btn--medium ac-btn--blue800\" rel=\"nofollow noopener\" target=\"_blank\">S&rsquo;incrire<\/a><\/p>\n<p class=\" wall-content\">\u00ab\u00a0La condition d\u2019urgence doit, par cons\u00e9quent, \u00eatre regard\u00e9e comme remplie.\u00a0\u00bb<\/p>\n<p>La municipalit\u00e9 condamn\u00e9e<\/p>\n<p class=\" wall-content\">Par ailleurs \u00ab\u00a0le moyen tir\u00e9 du caract\u00e8re disproportionn\u00e9 de la sanction est de nature \u00e0 faire na\u00eetre un doute s\u00e9rieux quant \u00e0 la l\u00e9galit\u00e9 de la d\u00e9cision\u00a0\u00bb, pense la juge des r\u00e9f\u00e9r\u00e9s.<\/p>\n<p class=\" wall-content\">Le tribunal administratif de Lyon r\u00e9examinera donc la l\u00e9galit\u00e9 de cet arr\u00eat\u00e9 municipal par le biais d\u2019une formation coll\u00e9giale de trois juges, d\u2019ici dix-huit mois \u00e0 deux ans. Mais, dans l\u2019imm\u00e9diat, la directrice du centre de loisirs a d\u00fb \u00eatre \u00ab\u00a0r\u00e9int\u00e9gr\u00e9e\u00a0\u00bb.<\/p>\n<p class=\" wall-content\">La commune a aussi \u00e9t\u00e9 condamn\u00e9e \u00e0 lui verser 1.000 \u20ac pour ses frais de justice.<\/p>\n<p class=\" wall-content\"><strong>GF (PressPepper)<\/strong><\/p>\n<p class=\" wall-content\">Personnalisez votre actualit\u00e9 en ajoutant vos villes et m\u00e9dias en favori avec <a href=\"https:\/\/moncompte.actu.fr\" title=\"D\u00e9couvez Mon Actu\" rel=\"nofollow noopener\" data-trk=\"{&quot;cta&quot;:{&quot;action&quot;:&quot;https:\\\/\\\/moncompte.actu.fr&quot;,&quot;category&quot;:&quot;mon compte&quot;,&quot;from&quot;:&quot;article footer&quot;,&quot;name&quot;:&quot;Mon actu&quot;,&quot;type&quot;:&quot;cta&quot;}}\" target=\"_blank\">Mon Actu<\/a>.<\/p>\n","protected":false},"excerpt":{"rendered":"Par R\u00e9daction Lyon Publi\u00e9 le 13 sept. 2025 \u00e0 7h16 La juge des r\u00e9f\u00e9r\u00e9s du tribunal administratif de&hellip;\n","protected":false},"author":2,"featured_media":387080,"comment_status":"","ping_status":"","sticky":false,"template":"","format":"standard","meta":{"footnotes":""},"categories":[1889],"tags":[1111,11,2430,1057,1777,674,1011,27,303,2428,12,25,104],"class_list":{"0":"post-387079","1":"post","2":"type-post","3":"status-publish","4":"format-standard","5":"has-post-thumbnail","7":"category-lyon","8":"tag-actu","9":"tag-actualites","10":"tag-auvergne-rhone-alpes","11":"tag-education","12":"tag-eu","13":"tag-europe","14":"tag-fr","15":"tag-france","16":"tag-justice","17":"tag-lyon","18":"tag-news","19":"tag-republique-francaise","20":"tag-societe"},"share_on_mastodon":{"url":"https:\/\/pubeurope.com\/@fr\/115195344536648055","error":""},"_links":{"self":[{"href":"https:\/\/www.europesays.com\/fr\/wp-json\/wp\/v2\/posts\/387079","targetHints":{"allow":["GET"]}}],"collection":[{"href":"https:\/\/www.europesays.com\/fr\/wp-json\/wp\/v2\/posts"}],"about":[{"href":"https:\/\/www.europesays.com\/fr\/wp-json\/wp\/v2\/types\/post"}],"author":[{"embeddable":true,"href":"https:\/\/www.europesays.com\/fr\/wp-json\/wp\/v2\/users\/2"}],"replies":[{"embeddable":true,"href":"https:\/\/www.europesays.com\/fr\/wp-json\/wp\/v2\/comments?post=387079"}],"version-history":[{"count":0,"href":"https:\/\/www.europesays.com\/fr\/wp-json\/wp\/v2\/posts\/387079\/revisions"}],"wp:featuredmedia":[{"embeddable":true,"href":"https:\/\/www.europesays.com\/fr\/wp-json\/wp\/v2\/media\/387080"}],"wp:attachment":[{"href":"https:\/\/www.europesays.com\/fr\/wp-json\/wp\/v2\/media?parent=387079"}],"wp:term":[{"taxonomy":"category","embeddable":true,"href":"https:\/\/www.europesays.com\/fr\/wp-json\/wp\/v2\/categories?post=387079"},{"taxonomy":"post_tag","embeddable":true,"href":"https:\/\/www.europesays.com\/fr\/wp-json\/wp\/v2\/tags?post=387079"}],"curies":[{"name":"wp","href":"https:\/\/api.w.org\/{rel}","templated":true}]}}