{"id":387081,"date":"2025-09-13T05:31:36","date_gmt":"2025-09-13T05:31:36","guid":{"rendered":"https:\/\/www.europesays.com\/fr\/387081\/"},"modified":"2025-09-13T05:31:36","modified_gmt":"2025-09-13T05:31:36","slug":"entre-ville-et-campagne-egly-accueille-le-festival-de-la-terre-dile-de-france-ouest","status":"publish","type":"post","link":"https:\/\/www.europesays.com\/fr\/387081\/","title":{"rendered":"Entre ville et campagne, \u00c9gly accueille le Festival de la terre d&rsquo;\u00cele-de-France ouest"},"content":{"rendered":"<p>Cette ann\u00e9e, les Jeunes agriculteurs d&rsquo;\u00cele-de-France ouest organisent leur Festival de la terre \u00e0 \u00c9gly (Essonne). \u00ab\u2009Nous sommes ravis de les accueillir\u2009\u00bb, annonce \u00c9douard Matt, maire de la commune.<\/p>\n<p class=\"accroche\">Voir aussi <a href=\"https:\/\/www.horizons-journal.fr\/beaucoup-de-travail-mais-une-bonne-equipe\" title=\"Festival de la terre les 20 et 21 septembre en Essonne, interview de Matthieu Ciret et Baptiste Desforges \" rel=\"nofollow noopener\" target=\"_blank\">Festival de la terre les 20 et 21 septembre en Essonne : \u00ab\u2009Beaucoup de travail, mais une bonne \u00e9quipe\u2009\u00bb<\/a><\/p>\n<p>\u00ab\u2009\u00c9gly, bourg de 7\u2009134 habitants, situ\u00e9 entre ville et campagne, est une commune o\u00f9 il fait bon vivre\u2009\u00bb, estime-t-il. \u00ab\u00a0\u00c9gly n&rsquo;est pas un bourg d&rsquo;agriculteurs, ce sont des consommateurs. Il n&rsquo;y a plus d&rsquo;agriculteurs depuis le si\u00e8cle dernier. Le seul terrain agricole de la commune est exploit\u00e9 par un agriculteur bas\u00e9 hors d&rsquo;\u00c9gly. Le seul tracteur qui reste est celui de la municipalit\u00e9\u2009\u00bb, d\u00e9crit \u00c9douard Matt. \u00ab\u2009La commune est semi-urbaine, semi-rurale, parce que nous sommes le dernier village avant la Beauce, derri\u00e8re nous, ce sont les champs\u2009\u00bb, compl\u00e8te-t-il.<\/p>\n<p>L&rsquo;\u00e9v\u00e9nement sera donc une occasion pour les enfants de la commune de d\u00e9couvrir le monde agricole. \u00ab\u2009Les gamins n&rsquo;ont peut-\u00eatre jamais vu de poules, de chevaux, de tracteurs\u2009\u00bb, pense le maire d&rsquo;\u00c9gly. \u00ab\u2009Cette manifestation sera une grande f\u00eate, la f\u00eate de la nature, la f\u00eate des Jeunes agriculteurs \u00e0 laquelle ils vont nous faire participer avec enthousiasme \u00e0 travers des d\u00e9monstrations, la pr\u00e9sentation de mat\u00e9riels, la pr\u00e9sence d&rsquo;animaux de la ferme\u2009\u00bb, ajoute-t-il.<\/p>\n<p>\u00c9gly existe depuis plus de mille ans et \u00e9tait, \u00e0 l&rsquo;origine, \u00ab\u2009un bourg agricole, paysan, qui regroupait cinq \u00e0 six grandes familles. Le centre-bourg est principalement compos\u00e9 d&rsquo;anciennes fermes am\u00e9nag\u00e9es en logement. La commune s&rsquo;est transform\u00e9e avec l&rsquo;urbanisation\u2009\u00bb, pr\u00e9cise \u00c9douard Matt. Et le maire d&rsquo;ajouter\u2009: \u00ab\u2009La population a augment\u00e9 d&rsquo;environ 1\u00a0500 habitants en quatre ans. Il y a une grande mixit\u00e9 sociale, ethnique, g\u00e9n\u00e9rationnelle. Nous sommes \u00e0 30 kilom\u00e8tres au sud de Paris, sur la Nationale 20, desservis par une gare. Les p\u00f4les d&rsquo;attractivit\u00e9 sont \u00e0 \u00c9vry et \u00e0 Paris. Nous avons six \u00e9coles, trois maternelles et trois \u00e9l\u00e9mentaires, pour environ 900 enfants scolaris\u00e9s. C&rsquo;est une ville attractive\u2009\u00bb.<\/p>\n<p>Soutien \u00e0 l&rsquo;agriculture<\/p>\n<p>\u00c9gly, \u00e0 travers la voix de son maire, veut apporter son soutien \u00e0 l&rsquo;agriculture avec l&rsquo;organisation du Festival de la terre. \u00c9douard Matt affirme\u2009: \u00ab\u2009J&rsquo;admire les agriculteurs et reconnais leur engagement quotidien pour faire face aux vicissitudes entre les normes, les interdits, les obligations qui, trop souvent, sont sans r\u00e9els fondements et en l&rsquo;absence de toute \u00e9tude\u2009\u00bb.<\/p>\n","protected":false},"excerpt":{"rendered":"Cette ann\u00e9e, les Jeunes agriculteurs d&rsquo;\u00cele-de-France ouest organisent leur Festival de la terre \u00e0 \u00c9gly (Essonne). \u00ab\u2009Nous sommes&hellip;\n","protected":false},"author":2,"featured_media":387082,"comment_status":"","ping_status":"","sticky":false,"template":"","format":"standard","meta":{"footnotes":""},"categories":[1592],"tags":[1111,11,1777,674,1011,27,662,12,626,25],"class_list":{"0":"post-387081","1":"post","2":"type-post","3":"status-publish","4":"format-standard","5":"has-post-thumbnail","7":"category-ile-de-france","8":"tag-actu","9":"tag-actualites","10":"tag-eu","11":"tag-europe","12":"tag-fr","13":"tag-france","14":"tag-ile-de-france","15":"tag-news","16":"tag-paris","17":"tag-republique-francaise"},"share_on_mastodon":{"url":"https:\/\/pubeurope.com\/@fr\/115195352448888308","error":""},"_links":{"self":[{"href":"https:\/\/www.europesays.com\/fr\/wp-json\/wp\/v2\/posts\/387081","targetHints":{"allow":["GET"]}}],"collection":[{"href":"https:\/\/www.europesays.com\/fr\/wp-json\/wp\/v2\/posts"}],"about":[{"href":"https:\/\/www.europesays.com\/fr\/wp-json\/wp\/v2\/types\/post"}],"author":[{"embeddable":true,"href":"https:\/\/www.europesays.com\/fr\/wp-json\/wp\/v2\/users\/2"}],"replies":[{"embeddable":true,"href":"https:\/\/www.europesays.com\/fr\/wp-json\/wp\/v2\/comments?post=387081"}],"version-history":[{"count":0,"href":"https:\/\/www.europesays.com\/fr\/wp-json\/wp\/v2\/posts\/387081\/revisions"}],"wp:featuredmedia":[{"embeddable":true,"href":"https:\/\/www.europesays.com\/fr\/wp-json\/wp\/v2\/media\/387082"}],"wp:attachment":[{"href":"https:\/\/www.europesays.com\/fr\/wp-json\/wp\/v2\/media?parent=387081"}],"wp:term":[{"taxonomy":"category","embeddable":true,"href":"https:\/\/www.europesays.com\/fr\/wp-json\/wp\/v2\/categories?post=387081"},{"taxonomy":"post_tag","embeddable":true,"href":"https:\/\/www.europesays.com\/fr\/wp-json\/wp\/v2\/tags?post=387081"}],"curies":[{"name":"wp","href":"https:\/\/api.w.org\/{rel}","templated":true}]}}