{"id":387083,"date":"2025-09-13T05:32:09","date_gmt":"2025-09-13T05:32:09","guid":{"rendered":"https:\/\/www.europesays.com\/fr\/387083\/"},"modified":"2025-09-13T05:32:09","modified_gmt":"2025-09-13T05:32:09","slug":"pres-dun-vendeur-sur-cinq-vend-a-perte-la-reprise-se-fait-attendre","status":"publish","type":"post","link":"https:\/\/www.europesays.com\/fr\/387083\/","title":{"rendered":"pr\u00e8s d&rsquo;un vendeur sur cinq vend \u00e0 perte, la reprise se fait attendre"},"content":{"rendered":"<p>            Par<br \/>\n        <strong><br \/>\n            <a href=\"https:\/\/actu.fr\/auteur\/dorinegoth\" title=\"Consulter tous les articles de Dorine Goth\" rel=\"nofollow noopener\" target=\"_blank\">Dorine Goth<\/a><br \/>\n        <\/strong><\/p>\n<p>        Publi\u00e9 le<\/p>\n<p>            13 sept. 2025 \u00e0 7h24        <\/p>\n<p>Ce n\u2019est plus un secret, le march\u00e9 de l\u2019<a href=\"https:\/\/actu.fr\/tag\/immobilier\" rel=\"nofollow noopener\" target=\"_blank\">immobilier<\/a> est morose. Et <strong>Paris<\/strong> n\u2019est pas \u00e9pargn\u00e9e. Depuis 2020, les hausses des taux d\u2019int\u00e9r\u00eats p\u00e8sent sur le pouvoir d\u2019achat des m\u00e9nages et contraignent les vendeurs \u00e0 revoir \u00e0 la baisse leurs tarifs. L\u2019ann\u00e9e 2025 n\u2019a pas fait exception, malgr\u00e9 <strong><a href=\"https:\/\/actu.fr\/economie\/defauts-en-hausse-montants-en-baisse-les-credits-immobiliers-toujours-dans-un-etat-preoccupant_62989330.html\" rel=\"nofollow noopener\" target=\"_blank\">la tendance baissi\u00e8re des taux<\/a><\/strong> depuis janvier\u00a02024. Mais le seuil symbolique des 3\u2009% attendu pour l\u2019\u00e9t\u00e9 n\u2019a pas \u00e9t\u00e9 atteint. Cons\u00e9quence, beaucoup de m\u00e9nages restent dans l\u2019attente et les vendeurs ne sont plus n\u00e9cessairement en position de force.<\/p>\n<p>Prix inf\u00e9rieur \u00e0 11\u2009% par rapport \u00e0 2020<\/p>\n<p class=\" wall-content\">Dans la capitale, la situation a des r\u00e9percussions tr\u00e8s concr\u00e8tes. Selon <a href=\"https:\/\/aviv-brand.seloger.com\/d\/47r11UPEsaLT\/communiques-de-presse#\/septembre-2025\/marche-immobilier-la-reprise-moins-forte-qu-attendu-une-nouvelle-donne-dictee-par-les-incertitudes\" rel=\"nofollow noopener\" target=\"_blank\">une \u00e9tude de Seloger.com<\/a>, les<strong> prix restent encore inf\u00e9rieurs de 11\u2009%<\/strong> par rapport \u00e0 leur pic de 2020, malgr\u00e9 une hausse de 2,3\u2009% en un an. \u00ab\u2009Avec les taux et les prix actuels \u00e0 Paris, les logements achet\u00e9s apr\u00e8s 2020 se revendent dans la plupart des cas \u00e0 perte\u2009\u00bb, analyse le site d\u2019annonces immobili\u00e8res. Au total, cela concernerait actuellement <strong>un vendeur sur cinq<\/strong>. \u00ab\u2009Cette perte de richesse immobili\u00e8re freine la fluidit\u00e9 du march\u00e9 et peut d\u00e9courager de nombreux propri\u00e9taires de remettre leur bien en vente\u2009\u00bb, poursuit Seloger.com.<\/p>\n<p>Des am\u00e9liorations \u00e0 pr\u00e9voir<\/p>\n<p class=\" wall-content\">Mais le sp\u00e9cialiste de l\u2019immobilier se veut optimiste. \u00ab\u2009Certains indicateurs t\u00e9moignent d\u2019un march\u00e9 plus favorable qu\u2019en 2023-2024\u2009\u00bb, estime-t-il. Le pouvoir d\u2019achat des m\u00e9nages est d\u00e9sormais similaire \u00e0 celui de 2022 et c\u00f4t\u00e9 cr\u00e9dit, les banques assouplissent leurs conditions.<\/p>\n<p class=\" wall-content\">\u00ab\u2009M\u00eame si elle est rest\u00e9e en de\u00e7\u00e0 des attentes, la reprise du march\u00e9 immobilier est engag\u00e9e\u2009\u00bb, affirme Thomas Lefebvre, Vice-Pr\u00e9sident data de SeLoger \u2013 Meilleurs Agents avant de poursuivre\u2009: \u00ab\u2009Progressivement, le march\u00e9 devrait se d\u00e9bloquer\u2009: les m\u00e9nages vont int\u00e9grer que de nouvelles baisses significatives de taux ne sont pas \u00e0 attendre, et la reprise des prix facilitera les reventes aujourd\u2019hui contraintes \u00e0 perte. Ce double mouvement ouvre la voie vers un nouvel \u00e9quilibre en 2026\u2009\u00bb. Selon les derni\u00e8res estimations, le prix moyen du m\u00b2 \u00e0 Paris se n\u00e9gocie actuellement autour de 9\u2009751\u00a0euros.<\/p>\n<p class=\" wall-content\">Personnalisez votre actualit\u00e9 en ajoutant vos villes et m\u00e9dias en favori avec <a href=\"https:\/\/moncompte.actu.fr\" title=\"D\u00e9couvez Mon Actu\" rel=\"nofollow noopener\" data-trk=\"{&quot;cta&quot;:{&quot;action&quot;:&quot;https:\\\/\\\/moncompte.actu.fr&quot;,&quot;category&quot;:&quot;mon compte&quot;,&quot;from&quot;:&quot;article footer&quot;,&quot;name&quot;:&quot;Mon actu&quot;,&quot;type&quot;:&quot;cta&quot;}}\" target=\"_blank\">Mon Actu<\/a>.<\/p>\n","protected":false},"excerpt":{"rendered":"Par Dorine Goth Publi\u00e9 le 13 sept. 2025 \u00e0 7h24 Ce n\u2019est plus un secret, le march\u00e9 de&hellip;\n","protected":false},"author":2,"featured_media":387084,"comment_status":"","ping_status":"","sticky":false,"template":"","format":"standard","meta":{"footnotes":""},"categories":[1888],"tags":[1111,1928,11,1927,1777,674,1011,27,1116,12,1926,626,1925,25,104],"class_list":{"0":"post-387083","1":"post","2":"type-post","3":"status-publish","4":"format-standard","5":"has-post-thumbnail","7":"category-paris","8":"tag-actu","9":"tag-actu-paris","10":"tag-actualites","11":"tag-actualites-paris","12":"tag-eu","13":"tag-europe","14":"tag-fr","15":"tag-france","16":"tag-immobilier","17":"tag-news","18":"tag-news-paris","19":"tag-paris","20":"tag-paris-news","21":"tag-republique-francaise","22":"tag-societe"},"share_on_mastodon":{"url":"https:\/\/pubeurope.com\/@fr\/115195356537150169","error":""},"_links":{"self":[{"href":"https:\/\/www.europesays.com\/fr\/wp-json\/wp\/v2\/posts\/387083","targetHints":{"allow":["GET"]}}],"collection":[{"href":"https:\/\/www.europesays.com\/fr\/wp-json\/wp\/v2\/posts"}],"about":[{"href":"https:\/\/www.europesays.com\/fr\/wp-json\/wp\/v2\/types\/post"}],"author":[{"embeddable":true,"href":"https:\/\/www.europesays.com\/fr\/wp-json\/wp\/v2\/users\/2"}],"replies":[{"embeddable":true,"href":"https:\/\/www.europesays.com\/fr\/wp-json\/wp\/v2\/comments?post=387083"}],"version-history":[{"count":0,"href":"https:\/\/www.europesays.com\/fr\/wp-json\/wp\/v2\/posts\/387083\/revisions"}],"wp:featuredmedia":[{"embeddable":true,"href":"https:\/\/www.europesays.com\/fr\/wp-json\/wp\/v2\/media\/387084"}],"wp:attachment":[{"href":"https:\/\/www.europesays.com\/fr\/wp-json\/wp\/v2\/media?parent=387083"}],"wp:term":[{"taxonomy":"category","embeddable":true,"href":"https:\/\/www.europesays.com\/fr\/wp-json\/wp\/v2\/categories?post=387083"},{"taxonomy":"post_tag","embeddable":true,"href":"https:\/\/www.europesays.com\/fr\/wp-json\/wp\/v2\/tags?post=387083"}],"curies":[{"name":"wp","href":"https:\/\/api.w.org\/{rel}","templated":true}]}}