{"id":387085,"date":"2025-09-13T05:33:22","date_gmt":"2025-09-13T05:33:22","guid":{"rendered":"https:\/\/www.europesays.com\/fr\/387085\/"},"modified":"2025-09-13T05:33:22","modified_gmt":"2025-09-13T05:33:22","slug":"skinheads-paris-des-annees-80-ce-quil-faut-savoir-sur-la-nouvelle-serie-de-xavier-dolan-2","status":"publish","type":"post","link":"https:\/\/www.europesays.com\/fr\/387085\/","title":{"rendered":"Skinheads, Paris des ann\u00e9es 80&#8230; Ce qu&rsquo;il faut savoir sur la nouvelle s\u00e9rie de Xavier Dolan"},"content":{"rendered":"<p class=\"mb-4 text-lg md:leading-8 break-words\">Il y a deux ans, le cin\u00e9aste qu\u00e9b\u00e9cois avait annonc\u00e9 avec fracas qu&rsquo;il <a href=\"https:\/\/fr.news.yahoo.com\/xavier-dolan-assure-vouloir-prendre-093459406.html\" data-ylk=\"slk:prenait ses distances avec le cin\u00e9ma;elm:context_link;itc:0;sec:content-canvas;outcm:mb_qualified_link;_E:mb_qualified_link;ct:story;\" class=\"link  yahoo-link\" target=\"_blank\" rel=\"noopener\">prenait ses distances avec le cin\u00e9ma<\/a>. En mai 2024, il avait accept\u00e9 de remettre un pied dans le milieu en <a href=\"https:\/\/fr.news.yahoo.com\/cannes-2024-xavier-dolan-pr%C3%A9sidera-183131131.html\" data-ylk=\"slk:pr\u00e9sidant le jury &quot;Un Certain regard&quot; \u00e0 Cannes;elm:context_link;itc:0;sec:content-canvas;outcm:mb_qualified_link;_E:mb_qualified_link;ct:story;\" class=\"link  yahoo-link\" target=\"_blank\" rel=\"noopener\">pr\u00e9sidant le jury \u00ab\u00a0Un Certain regard\u00a0\u00bb \u00e0 Cannes<\/a>. Aujourd&rsquo;hui, le cin\u00e9aste \u00e2g\u00e9 de 36 ans d\u00e9veloppe la s\u00e9rie t\u00e9l\u00e9vis\u00e9e Rage sur l&rsquo;essor du mouvement skinhead dans le Paris des ann\u00e9es 1980, rapporte <a href=\"https:\/\/variety.com\/2025\/tv\/global\/xavier-dolan-tv-series-rage-rome-mia-market-1236515051\/\" rel=\"nofollow noopener\" target=\"_blank\" data-ylk=\"slk:Variety;elm:context_link;itc:0;sec:content-canvas\" class=\"link \">Variety<\/a> ce jeudi.<\/p>\n<p class=\"mb-4 text-lg md:leading-8 break-words\">L&rsquo;\u00e9quipe de production pr\u00e9sentera la s\u00e9rie, \u00e9crite par Ana\u00efs Topla, Mathieu Gouny et Marc Herpoux, \u00e0 de potentiels partenaires lors du prochain March\u00e9 international de l&rsquo;audiovisuel (MIA) de Rome (6-10 octobre 2025), d\u00e9di\u00e9 aux s\u00e9ries t\u00e9l\u00e9vis\u00e9es, \u00e0 l&rsquo;animation, aux longs m\u00e9trages et aux documentaires internationaux.<\/p>\n<p class=\"mb-4 text-lg md:leading-8 break-words\">La fiction \u00e9voquera les violences racistes perp\u00e9tr\u00e9es par les skinheads dans les ann\u00e9es 1980, qui ont donn\u00e9 naissance \u00e0 des groupes militants connus sous le nom de \u00ab\u00a0Chasseurs de skins\u00a0\u00bb. Ces derniers ont combattu les skinheads et leurs crimes racistes, utilisant parfois leurs m\u00e9thodes violentes.<\/p>\n<p>Retraite cin\u00e9matographique<\/p>\n<p class=\"mb-4 text-lg md:leading-8 break-words\">En 2023, Xavier Dolan avait surpris ses fans en annon\u00e7ant sur Instagram qu&rsquo;il prenait sa retraite cin\u00e9matographique. Il n&rsquo;a donc pas sign\u00e9 de film depuis le drame Matthias &amp; Maxime en 2019, mais a r\u00e9alis\u00e9 la s\u00e9rie dramatique canadienne La Nuit o\u00f9 Laurier Gaudreault s&rsquo;est r\u00e9veill\u00e9, diffus\u00e9e en 2022.<\/p>\n<p class=\"mb-4 text-lg md:leading-8 break-words\">Auparavant, en dix ans de carri\u00e8re, Xavier Dolan a r\u00e9alis\u00e9 huit longs-m\u00e9trages, remportant notamment le Prix du Jury \u00e0 Cannes pour Mommy en 2014 et le Grand Prix de Cannes en 2016 pour <a href=\"https:\/\/www.bfmtv.com\/people\/cinema\/juste-la-fin-du-monde-de-xavier-dolan-divise-sur-la-croisette_AV-201605190082.html\" rel=\"nofollow noopener\" target=\"_blank\" data-ylk=\"slk:Juste la fin du monde;elm:context_link;itc:0;sec:content-canvas\" class=\"link \">Juste la fin du monde<\/a>.<\/p>\n<p class=\"mb-4 text-lg md:leading-8 break-words\">Il a \u00e9galement r\u00e9alis\u00e9 plusieurs clips musicaux, notamment pour le single Hello d&rsquo;Adele en 2015 ou Swing For The Fences d&rsquo;Elton John et Brandi Carlile en 2025. En ao\u00fbt 2024, Xavier Dolan a annonc\u00e9 dans le podcast <a href=\"https:\/\/www.youtube.com\/watch?v=lA6gwq8hg6I\" rel=\"nofollow noopener\" target=\"_blank\" data-ylk=\"slk:Sans Filtre;elm:context_link;itc:0;sec:content-canvas\" class=\"link \">Sans Filtre<\/a> travailler sur un <a href=\"https:\/\/fr.news.yahoo.com\/film-peur-l-%C3%A9chec-xavier-161919882.html\" data-ylk=\"slk:nouveau projet de long-m\u00e9trage d&#039;horreur;elm:context_link;itc:0;sec:content-canvas;outcm:mb_qualified_link;_E:mb_qualified_link;ct:story;\" class=\"link  yahoo-link\" target=\"_blank\" rel=\"noopener\">nouveau projet de long-m\u00e9trage d&rsquo;horreur<\/a>, sans fournir plus de d\u00e9tails.<\/p>\n<p class=\"mb-4 text-lg md:leading-8 break-words\"><a href=\"https:\/\/www.bfmtv.com\/people\/cinema\/skinheads-paris-des-annees-80-ce-qu-il-faut-savoir-sur-la-nouvelle-serie-de-xavier-dolan_AV-202509120780.html#xtor=AL-68\" rel=\"nofollow noopener\" target=\"_blank\" data-ylk=\"slk:Article original publi\u00e9 sur BFMTV.com;elm:context_link;itc:0;sec:content-canvas\" class=\"link \">Article original publi\u00e9 sur BFMTV.com<\/a><\/p>\n","protected":false},"excerpt":{"rendered":"Il y a deux ans, le cin\u00e9aste qu\u00e9b\u00e9cois avait annonc\u00e9 avec fracas qu&rsquo;il prenait ses distances avec le&hellip;\n","protected":false},"author":2,"featured_media":387086,"comment_status":"","ping_status":"","sticky":false,"template":"","format":"standard","meta":{"footnotes":""},"categories":[1888],"tags":[1111,1928,11,1927,6036,1777,674,1011,27,51972,51970,51971,51969,12,1926,626,1925,25,51968],"class_list":{"0":"post-387085","1":"post","2":"type-post","3":"status-publish","4":"format-standard","5":"has-post-thumbnail","7":"category-paris","8":"tag-actu","9":"tag-actu-paris","10":"tag-actualites","11":"tag-actualites-paris","12":"tag-annees-1980","13":"tag-eu","14":"tag-europe","15":"tag-fr","16":"tag-france","17":"tag-grand-prix-de-cannes","18":"tag-juste-la-fin-du-monde","19":"tag-marc-herpoux","20":"tag-mathieu-gouny","21":"tag-news","22":"tag-news-paris","23":"tag-paris","24":"tag-paris-news","25":"tag-republique-francaise","26":"tag-xavier-dolan"},"share_on_mastodon":{"url":"https:\/\/pubeurope.com\/@fr\/115195360302699355","error":""},"_links":{"self":[{"href":"https:\/\/www.europesays.com\/fr\/wp-json\/wp\/v2\/posts\/387085","targetHints":{"allow":["GET"]}}],"collection":[{"href":"https:\/\/www.europesays.com\/fr\/wp-json\/wp\/v2\/posts"}],"about":[{"href":"https:\/\/www.europesays.com\/fr\/wp-json\/wp\/v2\/types\/post"}],"author":[{"embeddable":true,"href":"https:\/\/www.europesays.com\/fr\/wp-json\/wp\/v2\/users\/2"}],"replies":[{"embeddable":true,"href":"https:\/\/www.europesays.com\/fr\/wp-json\/wp\/v2\/comments?post=387085"}],"version-history":[{"count":0,"href":"https:\/\/www.europesays.com\/fr\/wp-json\/wp\/v2\/posts\/387085\/revisions"}],"wp:featuredmedia":[{"embeddable":true,"href":"https:\/\/www.europesays.com\/fr\/wp-json\/wp\/v2\/media\/387086"}],"wp:attachment":[{"href":"https:\/\/www.europesays.com\/fr\/wp-json\/wp\/v2\/media?parent=387085"}],"wp:term":[{"taxonomy":"category","embeddable":true,"href":"https:\/\/www.europesays.com\/fr\/wp-json\/wp\/v2\/categories?post=387085"},{"taxonomy":"post_tag","embeddable":true,"href":"https:\/\/www.europesays.com\/fr\/wp-json\/wp\/v2\/tags?post=387085"}],"curies":[{"name":"wp","href":"https:\/\/api.w.org\/{rel}","templated":true}]}}