{"id":387087,"date":"2025-09-13T05:34:09","date_gmt":"2025-09-13T05:34:09","guid":{"rendered":"https:\/\/www.europesays.com\/fr\/387087\/"},"modified":"2025-09-13T05:34:09","modified_gmt":"2025-09-13T05:34:09","slug":"detective-prive-huissier-a-paris-la-rivp-sort-les-gros-moyens-pour-faire-expulser-une-de-ses-locataires","status":"publish","type":"post","link":"https:\/\/www.europesays.com\/fr\/387087\/","title":{"rendered":"D\u00e9tective priv\u00e9, huissier&#8230; \u00c0 Paris, la RIVP sort les gros moyens pour faire expulser une de ses locataires"},"content":{"rendered":"<p>            Par<br \/>\n        <strong><br \/>\n            <a href=\"https:\/\/actu.fr\/auteur\/thomas-martin\" title=\"Consulter tous les articles de Thomas Martin\" target=\"_blank\" rel=\"noopener\">Thomas Martin<\/a><br \/>\n        <\/strong><\/p>\n<p>        Publi\u00e9 le<\/p>\n<p>            13 sept. 2025 \u00e0 6h30        <\/p>\n<p>\u00catre locataire d\u2019un <a href=\"https:\/\/actu.fr\/tag\/logements-sociaux\" target=\"_blank\" rel=\"noopener\">logement social<\/a> \u00e0 Paris impose quelques r\u00e8gles sous peine de perdre la jouissance de son appartement. C\u2019est la m\u00e9saventure qui est arriv\u00e9e \u00e0 une locataire dans la capitale. Comme l\u2019a rep\u00e9r\u00e9 <a href=\"https:\/\/www.lemonde.fr\/argent\/article\/2025\/09\/09\/quand-le-logement-social-fait-office-de-residence-secondaire_6640058_1657007.html\" target=\"_blank\" rel=\"noopener\">Le Monde<\/a>, la <strong>R\u00e9gie immobili\u00e8re de la Ville de Paris (RIVP)<\/strong> a obtenu son expulsion apr\u00e8s avoir prouv\u00e9 qu\u2019elle n\u2019occupait plus les lieux occup\u00e9s. Car, comme le stipule la <strong>loi du 6 juillet 1989<\/strong>, le locataire d\u2019une r\u00e9sidence principale doit occuper celle-ci \u00ab\u00a0au moins huit mois par an\u00a0\u00bb sous peine d\u2019\u00eatre contrainte de la quitter. Un risque encore plus grand dans le logement social \u00e0 Paris o\u00f9 les demandes sont largement sup\u00e9rieures aux offres.\u00a0<\/p>\n<p>Une enqu\u00eate minutieuse de la RIVP<\/p>\n<p class=\" wall-content\">Au d\u00e9c\u00e8s de sa m\u00e8re en 1989, la locataire avait pu reprendre son logement via un transfert de bail. Mais, estimant que le <a href=\"https:\/\/actu.fr\/tag\/logement\" target=\"_blank\" rel=\"noopener\">logement<\/a> n\u2019\u00e9tait pas occup\u00e9 depuis 2020, la RIVP l\u2019avait assign\u00e9 en 2024 devant le juge des contentieux de la protection du tribunal jubilaire de Paris\u00a0 afin d\u2019obtenir \u00a0la r\u00e9siliation du bail pour non respect de son obligation d\u2019occupation et abandon des lieux.\u00a0<\/p>\n<p class=\" wall-content\">La RIVP mettait en avant une consommation nulle depuis d\u00e9cembre 2019 mais aussi le rapport d\u2019un d\u00e9tective priv\u00e9 ayant constat\u00e9 son absence lors d\u2019une enqu\u00eate men\u00e9e du 3 f\u00e9vrier au 10 mars 2023.\u00a0<\/p>\n<p class=\" wall-content\">L\u2019affaire a finalement \u00e9t\u00e9 plaid\u00e9e le 6 f\u00e9vrier 2025. Une audience durant laquelle la RIVP a indiqu\u00e9 que la locataire passait uniquement \u00ab\u00a0en coup de vent dans son logement parisien\u00a0\u00bb. La RIVP enfon\u00e7ait le clou en s\u2019appuyant sur le proc\u00e8s-verbal d\u2019un commissaire de justice (huissier), qui, entr\u00e9 dans l\u2019appartement le 13 mars 2024, avait constat\u00e9 que \u00ab le r\u00e9frig\u00e9rateur est d\u00e9branch\u00e9 \u00bb, que \u00ab la cuvette des toilettes est vide d\u2019eau \u00bb, que \u00ab les lieux sont poussi\u00e9reux \u00bb, et que \u00ab le voisin de palier indique ne pas avoir vu Mme X depuis deux ans \u00bb. Des traces d\u2019un d\u00e9g\u00e2t des eaux non r\u00e9par\u00e9 et des courriers trouv\u00e9s dans les lieux datant de 2021 n\u2019arrangeaient rien.\u00a0<\/p>\n<p class=\" wall-content\">La locataire a contest\u00e9 le d\u00e9faut d\u2019occupation expliquant avoir conserv\u00e9 son abonnement EDF et cette adresse comme domicile. Selon elle, son absence s\u2019expliquait par des \u00ab\u00a0circonstances de vie et familiales\u00a0\u00bb suite \u00e0 sa retraite en juin 2022 et \u00e0 des s\u00e9jours prolong\u00e9s aupr\u00e8s de sa soeur \u00e2g\u00e9e.\u00a0<\/p>\n<p class=\" wall-content\">A ses yeux, la RIVP souhaitait r\u00e9cup\u00e9rer le logement dans le cadre d\u2019une projet de r\u00e9habilitation. Elle demandait que la RIVP soit condamn\u00e9e \u00e0 proc\u00e9der \u00e0 son relogement dans un appartement \u00e9quivalent , \u00e0 proximit\u00e9 et aux m\u00eames charges et conditions sous astreinte de 500 euros par jour de retard.<\/p>\n<p class=\" wall-content\">Des arguments qui n\u2019ont pas convaincu la <a href=\"https:\/\/actu.fr\/tag\/justice\" target=\"_blank\" rel=\"noopener\">justice<\/a>. \u00ab\u00a0L\u2019attribution d\u2019un logement social ne pouvant servir de r\u00e9sidence secondaire compte tenu de la n\u00e9cessit\u00e9 d\u2019assurer un logement principal \u00e0 ceux qui en ont besoin, il convient de r\u00e9silier le bail aux torts de la locataire, pour d\u00e9faut d\u2019occupation des lieux\u00a0\u00bb peut-on lire dans le <a href=\"https:\/\/www.doctrine.fr\/d\/TJ\/Paris\/2025\/TJP1EB27496EFF0699C8C88?q=tribunal+judiciaire+de+paris+24%2F04265&amp;chrono=false&amp;sort_nbr_commentaire=false&amp;chrono_inverted=false&amp;sort_alphanumeric=false&amp;from=0&amp;size=5&amp;type=arret&amp;original_query_key=98f0f8af5852c32338bdf41513c0c4b4&amp;only_top_results=true&amp;exclude_moyens=false&amp;selected_keywords=%5B%5D&amp;restrict_to_law_article_ids=%5B%5D&amp;restrict_to_initial_law_article_ids=%5B%5D&amp;restrict_to_initial_public_commentary_ids=%5B%5D&amp;restrict_to_initial_legislative_text_ids=%5B%5D&amp;restrict_to_legislative_folder_ids=%5B%5D&amp;restrict_to_decision_ids=%5B%5D&amp;restrict_to_international_tax_agreement_text_ids=%5B%5D&amp;restrict_to_international_tax_agreement_text_version_ids=%5B%5D&amp;restrict_to_collective_agreement_text_ids=%5B%5D&amp;restrict_to_collective_agreement_legal_resource_ids=%5B%5D&amp;restrict_to_international_tax_agreement_legal_resource_ids=%5B%5D&amp;restrict_to_quoted_amendment_ids=%5B%5D&amp;only_regulated_information=false&amp;position=1&amp;sourcePage=Search&amp;source=excerpt_results\" target=\"_blank\" rel=\"noopener\">jugement<\/a> rendu en avril dernier ordonnant par l\u00e0 m\u00eame son expulsion.\u00a0<\/p>\n<p class=\" wall-content\">Personnalisez votre actualit\u00e9 en ajoutant vos villes et m\u00e9dias en favori avec <a href=\"https:\/\/moncompte.actu.fr\" title=\"D\u00e9couvez Mon Actu\" rel=\"nofollow noopener\" data-trk=\"{&quot;cta&quot;:{&quot;action&quot;:&quot;https:\\\/\\\/moncompte.actu.fr&quot;,&quot;category&quot;:&quot;mon compte&quot;,&quot;from&quot;:&quot;article footer&quot;,&quot;name&quot;:&quot;Mon actu&quot;,&quot;type&quot;:&quot;cta&quot;}}\" target=\"_blank\">Mon Actu<\/a>.<\/p>\n","protected":false},"excerpt":{"rendered":"Par Thomas Martin Publi\u00e9 le 13 sept. 2025 \u00e0 6h30 \u00catre locataire d\u2019un logement social \u00e0 Paris impose&hellip;\n","protected":false},"author":2,"featured_media":387088,"comment_status":"","ping_status":"","sticky":false,"template":"","format":"standard","meta":{"footnotes":""},"categories":[1888],"tags":[11,1777,674,1011,27,303,6459,2381,12,626,25,104],"class_list":{"0":"post-387087","1":"post","2":"type-post","3":"status-publish","4":"format-standard","5":"has-post-thumbnail","7":"category-paris","8":"tag-actualites","9":"tag-eu","10":"tag-europe","11":"tag-fr","12":"tag-france","13":"tag-justice","14":"tag-logements-sociaux","15":"tag-mairie-de-paris","16":"tag-news","17":"tag-paris","18":"tag-republique-francaise","19":"tag-societe"},"share_on_mastodon":{"url":"https:\/\/pubeurope.com\/@fr\/115195364189285990","error":""},"_links":{"self":[{"href":"https:\/\/www.europesays.com\/fr\/wp-json\/wp\/v2\/posts\/387087","targetHints":{"allow":["GET"]}}],"collection":[{"href":"https:\/\/www.europesays.com\/fr\/wp-json\/wp\/v2\/posts"}],"about":[{"href":"https:\/\/www.europesays.com\/fr\/wp-json\/wp\/v2\/types\/post"}],"author":[{"embeddable":true,"href":"https:\/\/www.europesays.com\/fr\/wp-json\/wp\/v2\/users\/2"}],"replies":[{"embeddable":true,"href":"https:\/\/www.europesays.com\/fr\/wp-json\/wp\/v2\/comments?post=387087"}],"version-history":[{"count":0,"href":"https:\/\/www.europesays.com\/fr\/wp-json\/wp\/v2\/posts\/387087\/revisions"}],"wp:featuredmedia":[{"embeddable":true,"href":"https:\/\/www.europesays.com\/fr\/wp-json\/wp\/v2\/media\/387088"}],"wp:attachment":[{"href":"https:\/\/www.europesays.com\/fr\/wp-json\/wp\/v2\/media?parent=387087"}],"wp:term":[{"taxonomy":"category","embeddable":true,"href":"https:\/\/www.europesays.com\/fr\/wp-json\/wp\/v2\/categories?post=387087"},{"taxonomy":"post_tag","embeddable":true,"href":"https:\/\/www.europesays.com\/fr\/wp-json\/wp\/v2\/tags?post=387087"}],"curies":[{"name":"wp","href":"https:\/\/api.w.org\/{rel}","templated":true}]}}