{"id":387089,"date":"2025-09-13T05:35:12","date_gmt":"2025-09-13T05:35:12","guid":{"rendered":"https:\/\/www.europesays.com\/fr\/387089\/"},"modified":"2025-09-13T05:35:12","modified_gmt":"2025-09-13T05:35:12","slug":"disneyland-paris-de-plus-en-plus-cher-pour-les-familles-il-faut-tout-le-temps-mettre-la-main-a-la-poche","status":"publish","type":"post","link":"https:\/\/www.europesays.com\/fr\/387089\/","title":{"rendered":"Disneyland Paris, de plus en plus cher pour les familles : \u00ab\u00a0Il faut tout le temps mettre la main \u00e0 la poche\u00a0\u00bb"},"content":{"rendered":"<p class=\"paragraph text_align_left lp-f-body-02\">La responsable de programmation, en couple avec un commercial, se d\u00e9crit pourtant comme \u00ab de la classe moyenne plus \u00bb. \u00ab Le billet dat\u00e9 co\u00fbtait 109 euros. Mais, heureusement, nous avons b\u00e9n\u00e9fici\u00e9 de places \u00e0 69 euros par le comit\u00e9 d\u2019entreprise. Notre fille a moins de 3 ans, elle ne paie pas. Cela a fait 138 euros au lieu de 218 euros. Sans le CE, on ne serait pas venus. \u00bb \u00c9liane d\u00e9plore la mise en place <a href=\"https:\/\/www.leparisien.fr\/seine-et-marne-77\/disneyland-paris-desormais-les-tarifs-des-billets-fluctuent-aussi-selon-la-demande-19-11-2024-X2N5Z6C63NC5ROAB6KSDMKBL3I.php\" target=\"_blank\" rel=\"nofollow noopener\">du tarif dynamique.<\/a> \u00ab Les prix varient en fonction de l\u2019affluence \u00bb, d\u00e9taille-t-elle en regrettant \u00ab des week-ends hors de prix \u00bb.<\/p>\n","protected":false},"excerpt":{"rendered":"La responsable de programmation, en couple avec un commercial, se d\u00e9crit pourtant comme \u00ab de la classe moyenne&hellip;\n","protected":false},"author":2,"featured_media":387090,"comment_status":"","ping_status":"","sticky":false,"template":"","format":"standard","meta":{"footnotes":""},"categories":[1888],"tags":[11,1777,674,1011,27,1944,12,626,25,1937],"class_list":{"0":"post-387089","1":"post","2":"type-post","3":"status-publish","4":"format-standard","5":"has-post-thumbnail","7":"category-paris","8":"tag-actualites","9":"tag-eu","10":"tag-europe","11":"tag-fr","12":"tag-france","13":"tag-ma-ville","14":"tag-news","15":"tag-paris","16":"tag-republique-francaise","17":"tag-seine-et-marne"},"share_on_mastodon":{"url":"https:\/\/pubeurope.com\/@fr\/115195368195274986","error":""},"_links":{"self":[{"href":"https:\/\/www.europesays.com\/fr\/wp-json\/wp\/v2\/posts\/387089","targetHints":{"allow":["GET"]}}],"collection":[{"href":"https:\/\/www.europesays.com\/fr\/wp-json\/wp\/v2\/posts"}],"about":[{"href":"https:\/\/www.europesays.com\/fr\/wp-json\/wp\/v2\/types\/post"}],"author":[{"embeddable":true,"href":"https:\/\/www.europesays.com\/fr\/wp-json\/wp\/v2\/users\/2"}],"replies":[{"embeddable":true,"href":"https:\/\/www.europesays.com\/fr\/wp-json\/wp\/v2\/comments?post=387089"}],"version-history":[{"count":0,"href":"https:\/\/www.europesays.com\/fr\/wp-json\/wp\/v2\/posts\/387089\/revisions"}],"wp:featuredmedia":[{"embeddable":true,"href":"https:\/\/www.europesays.com\/fr\/wp-json\/wp\/v2\/media\/387090"}],"wp:attachment":[{"href":"https:\/\/www.europesays.com\/fr\/wp-json\/wp\/v2\/media?parent=387089"}],"wp:term":[{"taxonomy":"category","embeddable":true,"href":"https:\/\/www.europesays.com\/fr\/wp-json\/wp\/v2\/categories?post=387089"},{"taxonomy":"post_tag","embeddable":true,"href":"https:\/\/www.europesays.com\/fr\/wp-json\/wp\/v2\/tags?post=387089"}],"curies":[{"name":"wp","href":"https:\/\/api.w.org\/{rel}","templated":true}]}}