{"id":387091,"date":"2025-09-13T05:36:19","date_gmt":"2025-09-13T05:36:19","guid":{"rendered":"https:\/\/www.europesays.com\/fr\/387091\/"},"modified":"2025-09-13T05:36:19","modified_gmt":"2025-09-13T05:36:19","slug":"seisme-de-magnitude-74-au-large-de-la-cote-pacifique-de-la-russie","status":"publish","type":"post","link":"https:\/\/www.europesays.com\/fr\/387091\/","title":{"rendered":"S\u00e9isme de magnitude 7,4 au large de la c\u00f4te pacifique de la Russie"},"content":{"rendered":"<p>Un s\u00e9isme de magnitude 7,4 s&rsquo;est produit samedi dans le Pacifique, au large de la p\u00e9ninsule russe du Kamtchatka, d\u00e9clenchant une br\u00e8ve alerte au tsunami qui a par la suite \u00e9t\u00e9 lev\u00e9e, selon les services sp\u00e9cialis\u00e9s am\u00e9ricains. Le tremblement de terre a eu lieu \u00e0 02H37 GMT \u00e0 une profondeur de 39,5 km, \u00e0 111 km \u00e0 l&rsquo;est du port russe de Petropavlovsk-Kamtchatsky, selon des donn\u00e9es r\u00e9vis\u00e9es du service sismologique am\u00e9ricain (USGS).<\/p>\n<p>Le Centre d&rsquo;alerte au tsunami du Pacifique (PTWC), un autre organisme am\u00e9ricain, avait initialement mis en garde contre la possibilit\u00e9 d&rsquo;un raz-de-mar\u00e9e \u00ab\u00a0dangereux\u00a0\u00bb de jusqu&rsquo;\u00e0 un m\u00e8tre de hauteur sur la c\u00f4te russe, avant d&rsquo;annuler son alerte.<\/p>\n<p>En juillet, <a href=\"https:\/\/www.laprovence.com\/article\/ecoplanete\/1808340506161414\/alertes-tsunami-japon-hawai-polynesie-ce-que-lon-sait-des-suites-du-seisme-de-magnitude-8-8-en-russie\" target=\"_blank\" rel=\"noopener\">un s\u00e9isme de magnitude 8,8,<\/a> un des plus importants jamais enregistr\u00e9s au monde, suivi d&rsquo;un tsunami, avait eu lieu dans la m\u00eame r\u00e9gion, obligeant des millions de personnes \u00e0 \u00e9vacuer le littoral dans tout le Pacifique, du Japon \u00e0 l&rsquo;Equateur en passant par les Etats-Unis et le Mexique.<\/p>\n<p>La p\u00e9ninsule du Kamtchatka est le point de rencontre entre les plaques tectoniques du Pacifique et nord-am\u00e9ricaine, ce qui fait de la r\u00e9gion l&rsquo;une des zones sismiques les plus actives de la plan\u00e8te.<\/p>\n","protected":false},"excerpt":{"rendered":"Un s\u00e9isme de magnitude 7,4 s&rsquo;est produit samedi dans le Pacifique, au large de la p\u00e9ninsule russe du&hellip;\n","protected":false},"author":2,"featured_media":387092,"comment_status":"","ping_status":"","sticky":false,"template":"","format":"standard","meta":{"footnotes":""},"categories":[1591],"tags":[17,15540,3691,11,3136,1887,329,3790,51973,12,11308,1885,1886,132,7965],"class_list":{"0":"post-387091","1":"post","2":"type-post","3":"status-publish","4":"format-standard","5":"has-post-thumbnail","7":"category-russie","8":"tag-17","9":"tag-15540","10":"tag-3691","11":"tag-actualites","12":"tag-cote","13":"tag-federation-de-russie","14":"tag-france-monde","15":"tag-large","16":"tag-magnitude","17":"tag-news","18":"tag-pacifique","19":"tag-russia","20":"tag-russian-federation","21":"tag-russie","22":"tag-seisme"},"share_on_mastodon":{"url":"https:\/\/pubeurope.com\/@fr\/115195372084998938","error":""},"_links":{"self":[{"href":"https:\/\/www.europesays.com\/fr\/wp-json\/wp\/v2\/posts\/387091","targetHints":{"allow":["GET"]}}],"collection":[{"href":"https:\/\/www.europesays.com\/fr\/wp-json\/wp\/v2\/posts"}],"about":[{"href":"https:\/\/www.europesays.com\/fr\/wp-json\/wp\/v2\/types\/post"}],"author":[{"embeddable":true,"href":"https:\/\/www.europesays.com\/fr\/wp-json\/wp\/v2\/users\/2"}],"replies":[{"embeddable":true,"href":"https:\/\/www.europesays.com\/fr\/wp-json\/wp\/v2\/comments?post=387091"}],"version-history":[{"count":0,"href":"https:\/\/www.europesays.com\/fr\/wp-json\/wp\/v2\/posts\/387091\/revisions"}],"wp:featuredmedia":[{"embeddable":true,"href":"https:\/\/www.europesays.com\/fr\/wp-json\/wp\/v2\/media\/387092"}],"wp:attachment":[{"href":"https:\/\/www.europesays.com\/fr\/wp-json\/wp\/v2\/media?parent=387091"}],"wp:term":[{"taxonomy":"category","embeddable":true,"href":"https:\/\/www.europesays.com\/fr\/wp-json\/wp\/v2\/categories?post=387091"},{"taxonomy":"post_tag","embeddable":true,"href":"https:\/\/www.europesays.com\/fr\/wp-json\/wp\/v2\/tags?post=387091"}],"curies":[{"name":"wp","href":"https:\/\/api.w.org\/{rel}","templated":true}]}}