{"id":387093,"date":"2025-09-13T05:37:09","date_gmt":"2025-09-13T05:37:09","guid":{"rendered":"https:\/\/www.europesays.com\/fr\/387093\/"},"modified":"2025-09-13T05:37:09","modified_gmt":"2025-09-13T05:37:09","slug":"guerre-en-ukraine-fort-de-laccueil-recu-en-alaska-et-en-chine-poutine-se-sent-il-intouchable","status":"publish","type":"post","link":"https:\/\/www.europesays.com\/fr\/387093\/","title":{"rendered":"Guerre en Ukraine: fort de l\u2019accueil re\u00e7u en Alaska et en Chine, Poutine se sent-il intouchable?"},"content":{"rendered":"<p>\n                                                Sous le coup d\u2019un mandat d\u2019arr\u00eat de la Cour p\u00e9nale internationale, Vladimir Poutine\u00a0a enchain\u00e9 les tapis rouges au mois d\u2019ao\u00fbt 2025 : il y a d\u2019abord eu cette rencontre en Alaska avec Donald Trump, rencontre tr\u00e8s attendue qui finalement n\u2019a d\u00e9bouch\u00e9 sur rien. Aucune avanc\u00e9e vers un cessez-le-feu en Ukraine et d\u2019\u00e9ventuelles n\u00e9gociations\u2026D\u2019autant qu\u2019en proposant \u00e0 Volodymyr Zelensky de venir le rencontrer \u00e0 Moscou, Vladimir Poutine connaissait \u00e0 l\u2019avance la r\u00e9ponse de son homologue ukrainien                    <\/p>\n<p>Le\u00a0 31 ao\u00fbt 2025, le sommet de l\u2019organisation de la coop\u00e9ration de Shanga\u00ef s\u2019est ouvert \u00e0 Tianjin, dans le nord de la Chine, avec une photo qui a fait le tour du monde\u00a0: le Russe Poutine, le Chinois Xi et l\u2019Indien Modi. 3 hommes visiblement ravis de ce pied de nez fait aux Occidentaux, \u00c9tats-Unis en t\u00eate. Et c\u2019est depuis une place d\u2019honneur en tribune que le pr\u00e9sident russe a assist\u00e9 le 3 septembre au d\u00e9fil\u00e9 militaire organis\u00e9 par Xi Jinping.\u00a0<\/p>\n<p>Pendant ce temps, l&rsquo;arm\u00e9e russe n\u2019a cess\u00e9 de progresser sur le front et elle intensifie ses attaques sur les villes. Dimanche dernier (8 septembre 2025), Moscou a m\u00eame bombard\u00e9 le si\u00e8ge du gouvernement \u00e0 Kiev et lanc\u00e9 quelque 800 drones sur l\u2019Ukraine. Dans la nuit de mardi 9 au mercredi 10 septembre 2025, nouvelle escalade avec une salve de 450 drones et missiles contre l\u2019Ukraine mais surtout l\u2019intrusion de 19 drones pr\u00e9sum\u00e9s russes dans l&rsquo;espace a\u00e9rien de la Pologne, pays membre de l\u2019alliance atlantique. Col\u00e8re de Varsovie et de ses alli\u00e9s europ\u00e9ens qui d\u00e9noncent une provocation du Kremlin. Varsovie a mobilis\u00e9 ses avions et ceux de plusieurs pays de l\u2019OTAN pour faire face \u00e0 la menace. Au moins 3 des 19 drones sont abattus.<\/p>\n<p>Vladimir Poutine a-t-il voulu tester les capacit\u00e9s de r\u00e9action de l\u2019OTAN\u00a0? Les Europ\u00e9ens doivent-ils se pr\u00e9parer \u00e0 d\u2019autres provocations de Moscou\u00a0? Ont-ils les moyens d\u2019aider l\u2019Ukraine \u00e0 se d\u00e9fendre\u00a0contre les drones meurtriers ? L\u2019hiver qui approche sera-t-il l\u2019hiver de tous les dangers pour Kiev ? Vladimir Poutine, fort de son impunit\u00e9, se sent-il intouchable\u00a0?<\/p>\n<p><strong>3 invit\u00e9s\u00a0:<\/strong><\/p>\n<p><strong>&#8211; Alexandra Gougeon<\/strong>, ma\u00eetre de conf\u00e9rences \u00e0 l\u2019Universit\u00e9 de Bourgogne\u00a0, autrice\u00a0 de \u00ab\u00a0Ukraine\u00a0: de l\u2019ind\u00e9pendance \u00e0 la guerre\u00a0\u00bb, aux \u00e9ditions Le Cavalier bleu<\/p>\n<p><strong>&#8211; Cyrille Bret<\/strong>, g\u00e9opoliticien, expert \u00e0 l&rsquo;Institut Montaigne, sp\u00e9cialiste de la Russie et de l&rsquo;Europe orientale<\/p>\n<p><strong>&#8211; Guillaume Lasconjarias<\/strong>, historien militaire, professeur associ\u00e9 \u00e0 Sorbonne Universit\u00e9.<\/p>\n","protected":false},"excerpt":{"rendered":"Sous le coup d\u2019un mandat d\u2019arr\u00eat de la Cour p\u00e9nale internationale, Vladimir Poutine\u00a0a enchain\u00e9 les tapis rouges au&hellip;\n","protected":false},"author":2,"featured_media":387094,"comment_status":"","ping_status":"","sticky":false,"template":"","format":"standard","meta":{"footnotes":""},"categories":[1590],"tags":[11,1777,674,3535,74,12,132,220,135,134],"class_list":{"0":"post-387093","1":"post","2":"type-post","3":"status-publish","4":"format-standard","5":"has-post-thumbnail","7":"category-ukraine","8":"tag-actualites","9":"tag-eu","10":"tag-europe","11":"tag-geopolitique","12":"tag-monde","13":"tag-news","14":"tag-russie","15":"tag-ukraine","16":"tag-vladimir-poutine","17":"tag-volodymyr-zelensky"},"share_on_mastodon":{"url":"https:\/\/pubeurope.com\/@fr\/115195376011884019","error":""},"_links":{"self":[{"href":"https:\/\/www.europesays.com\/fr\/wp-json\/wp\/v2\/posts\/387093","targetHints":{"allow":["GET"]}}],"collection":[{"href":"https:\/\/www.europesays.com\/fr\/wp-json\/wp\/v2\/posts"}],"about":[{"href":"https:\/\/www.europesays.com\/fr\/wp-json\/wp\/v2\/types\/post"}],"author":[{"embeddable":true,"href":"https:\/\/www.europesays.com\/fr\/wp-json\/wp\/v2\/users\/2"}],"replies":[{"embeddable":true,"href":"https:\/\/www.europesays.com\/fr\/wp-json\/wp\/v2\/comments?post=387093"}],"version-history":[{"count":0,"href":"https:\/\/www.europesays.com\/fr\/wp-json\/wp\/v2\/posts\/387093\/revisions"}],"wp:featuredmedia":[{"embeddable":true,"href":"https:\/\/www.europesays.com\/fr\/wp-json\/wp\/v2\/media\/387094"}],"wp:attachment":[{"href":"https:\/\/www.europesays.com\/fr\/wp-json\/wp\/v2\/media?parent=387093"}],"wp:term":[{"taxonomy":"category","embeddable":true,"href":"https:\/\/www.europesays.com\/fr\/wp-json\/wp\/v2\/categories?post=387093"},{"taxonomy":"post_tag","embeddable":true,"href":"https:\/\/www.europesays.com\/fr\/wp-json\/wp\/v2\/tags?post=387093"}],"curies":[{"name":"wp","href":"https:\/\/api.w.org\/{rel}","templated":true}]}}