{"id":387095,"date":"2025-09-13T05:38:13","date_gmt":"2025-09-13T05:38:13","guid":{"rendered":"https:\/\/www.europesays.com\/fr\/387095\/"},"modified":"2025-09-13T05:38:13","modified_gmt":"2025-09-13T05:38:13","slug":"playlist-de-sophian-fanen-entretien-marcus-gilmore-usa-x-houssam-gania-maroc","status":"publish","type":"post","link":"https:\/\/www.europesays.com\/fr\/387095\/","title":{"rendered":"Playlist de Sophian Fanen + entretien Marcus Gilmore (Usa) x Houssam Gania (Maroc)"},"content":{"rendered":"<p>\n                                                Des Britanniques sixties au rivage d&rsquo;Essaouira, en passant par un Br\u00e9sil tr\u00e8s seventies. Une playlist. Une fusion. Des musiciens.                    <\/p>\n<p>Tous les mois, le critique musical Sophian Fanen pr\u00e9sente ses 5 titres obsessionnels. La cuv\u00e9e de septembre est la suivante :<\/p>\n<p><strong>&#8211; Trio Ternura<\/strong>, A Gira, tir\u00e9 du 45 tours Trio Ternura, compacto 1973\u00a0(Universal Music, 2025)<\/p>\n<p><strong>&#8211; Alvaro Lancellotti<\/strong>,\u00a0Abre Caminho, tir\u00e9 de l&rsquo;album Arruda, Alfazema e Guin\u00e9\u00a0(Amor in Sound, 2025)<\/p>\n<p><strong>&#8211; Nick Drake<\/strong>, Strange Face (Rough Mix With Guide Vocal, 11th September 1968), tir\u00e9 de la compilation \u00ab The Making of Five Leaves Left \u00bb (Island Records, 2025)<\/p>\n<p><strong>&#8211; Amaarae<\/strong>, S.M.O., tir\u00e9 de l&rsquo;album Black Star\u00a0(Golden Angel, 2025)<\/p>\n<p><strong>&#8211; Saint Levant<\/strong>, Wain Maady Wain, tir\u00e9 de l&rsquo;album Love Letters (Deluxe) (Salxco, 2025).<\/p>\n<p>\u00a0<\/p>\n<p> <strong>Puis retour sur la fusion du Ma\u00e2lem Houssam Gania avec Marcus Gilmore au Maroc.<\/strong> <\/p>\n<p><img decoding=\"async\" fetchpriority=\"low\" src=\"https:\/\/www.europesays.com\/fr\/wp-content\/uploads\/2025\/09\/capture-gilmore-ok-mdm.jpg\"   alt=\"Houssam Gania et Marcus Gilmore.\" style=\"max-height:478px\" loading=\"lazy\" class=\"a-img \"\/><\/p>\n<p>                Houssam Gania et Marcus Gilmore.                \u00a9 Montage Festival gnaoua            <\/p>\n<p>Le batteur am\u00e9ricain Marcus Gilmore et le Ma\u00e2lem marocain Houssam Gania \u00a0ont partag\u00e9 la sc\u00e8ne au festival Gnaoua et Musiques du Monde en juin 2025 \u00e0 Essaouira, Maroc. Nous les avons rencontr\u00e9s dans une salle de r\u00e9p\u00e9tition souirie ouverte sur l&rsquo;oc\u00e9an Atlantique. Avec le son des vagues&#8230; Et des mouettes !<\/p>\n<p><strong>Marcus Gilmore : le pouls du jazz moderne<\/strong><\/p>\n<p>Marcus Gilmore est un batteur qui apporte une nouvelle voix au jazz, m\u00ealant \u00e9nergie, pr\u00e9cision et profondeur \u00e9motionnelle dans chaque battement. \u00c9lev\u00e9 dans une famille musicale, il a grandi entour\u00e9 de rythmes, et aujourd\u2019hui, il est l\u2019un des noms les plus int\u00e9ressants de la sc\u00e8ne internationale. Au fil des ann\u00e9es, il a jou\u00e9 avec des l\u00e9gendes comme Chick Corea, Vijay Iyer et Esperanza Spalding, tout en sculptant son propre chemin en tant que leader de groupe. Ses projets Actions Speak montre sa passion \u00e0 pousser le jazz dans de nouveaux territoires, m\u00e9langeant groove, m\u00e9lodie et libert\u00e9.<\/p>\n<p>En 2025, Marcus est attendu de sortir un nouvel album qui promet de plonger plus profond\u00e9ment dans son monde cr\u00e9atif, un pont entre les g\u00e9n\u00e9rations et les genres. De nature curieuse, il continue d\u2019explorer des collaborations qui le stimulent et inspirent, vivre de sa musique, une force respiratoire sur sc\u00e8ne et en studio.<\/p>\n<p><img decoding=\"async\" fetchpriority=\"low\" src=\"https:\/\/www.europesays.com\/fr\/wp-content\/uploads\/2025\/09\/mdm-marcus-gilmore-essaouira-montage-mdm13092025.jpg\"   alt=\"Marcus Gilmore \u00e0 la zaouia Sidna Blal.\" style=\"max-height:478px\" loading=\"lazy\" class=\"a-img \"\/><\/p>\n<p>                Marcus Gilmore \u00e0 la zaouia Sidna Blal.                \u00a9 Laurence Aloir\/RFI            <\/p>\n<p><strong>Houssam Gania : l&rsquo;h\u00e9ritier<\/strong><\/p>\n<p>Fils du l\u00e9gendaire Ma\u00e2lem Mahmoud Gania et h\u00e9ritier d\u2019une tradition gnaouie ancestrale remontant \u00e0 Ba Massoud, Houssam Gania porte en lui l\u2019\u00e2me de la tagnaouite. N\u00e9 \u00e0 Marrakech, il grandit au sein d\u2019une famille profond\u00e9ment enracin\u00e9e dans cette musique, aux c\u00f4t\u00e9s de son oncle Mokhtar Gania et de son fr\u00e8re a\u00een\u00e9 Hamza.<\/p>\n<p>Tr\u00e8s jeune, il se distingue par sa ma\u00eetrise des traditions gnaoui, tout en restant ouvert aux rythmes du monde. Son talent, alli\u00e9 \u00e0 une rigueur et un travail acharn\u00e9, lui permet de se forger une identit\u00e9 musicale forte. En 2012, il accompagne son p\u00e8re pour un concert en Belgique, amor\u00e7ant ainsi son parcours sur la sc\u00e8ne internationale. Deux ans plus tard, en 2014, il fonde son propre groupe \u00e0 Essaouira, et se produit au Maroc, en Angleterre et aux Pays-Bas.<\/p>\n<p>En 2016, il marque les esprits lors du concert hommage \u00e0 son p\u00e8re et \u00e0 Doudou N\u2019diaye Rose au Festival Gnaoua d\u2019Essaouira. La m\u00eame ann\u00e9e, il monte sur la sc\u00e8ne de Mawazine pour une fusion avec Omar Sosa et Mehdi Nassouli, affirmant sa capacit\u00e9 \u00e0 transcender les genres musicaux.<\/p>\n","protected":false},"excerpt":{"rendered":"Des Britanniques sixties au rivage d&rsquo;Essaouira, en passant par un Br\u00e9sil tr\u00e8s seventies. Une playlist. Une fusion. Des&hellip;\n","protected":false},"author":2,"featured_media":387096,"comment_status":"","ping_status":"","sticky":false,"template":"","format":"standard","meta":{"footnotes":""},"categories":[1589],"tags":[11,73,1866,2223,873,32166,12,1864,1865,1863,308],"class_list":{"0":"post-387095","1":"post","2":"type-post","3":"status-publish","4":"format-standard","5":"has-post-thumbnail","7":"category-etats-unis","8":"tag-actualites","9":"tag-etats-unis","10":"tag-etats-unis-damerique","11":"tag-maroc","12":"tag-musique","13":"tag-musiques-du-monde","14":"tag-news","15":"tag-united-states","16":"tag-united-states-of-america","17":"tag-us","18":"tag-usa"},"share_on_mastodon":{"url":"https:\/\/pubeurope.com\/@fr\/115195380488046302","error":""},"_links":{"self":[{"href":"https:\/\/www.europesays.com\/fr\/wp-json\/wp\/v2\/posts\/387095","targetHints":{"allow":["GET"]}}],"collection":[{"href":"https:\/\/www.europesays.com\/fr\/wp-json\/wp\/v2\/posts"}],"about":[{"href":"https:\/\/www.europesays.com\/fr\/wp-json\/wp\/v2\/types\/post"}],"author":[{"embeddable":true,"href":"https:\/\/www.europesays.com\/fr\/wp-json\/wp\/v2\/users\/2"}],"replies":[{"embeddable":true,"href":"https:\/\/www.europesays.com\/fr\/wp-json\/wp\/v2\/comments?post=387095"}],"version-history":[{"count":0,"href":"https:\/\/www.europesays.com\/fr\/wp-json\/wp\/v2\/posts\/387095\/revisions"}],"wp:featuredmedia":[{"embeddable":true,"href":"https:\/\/www.europesays.com\/fr\/wp-json\/wp\/v2\/media\/387096"}],"wp:attachment":[{"href":"https:\/\/www.europesays.com\/fr\/wp-json\/wp\/v2\/media?parent=387095"}],"wp:term":[{"taxonomy":"category","embeddable":true,"href":"https:\/\/www.europesays.com\/fr\/wp-json\/wp\/v2\/categories?post=387095"},{"taxonomy":"post_tag","embeddable":true,"href":"https:\/\/www.europesays.com\/fr\/wp-json\/wp\/v2\/tags?post=387095"}],"curies":[{"name":"wp","href":"https:\/\/api.w.org\/{rel}","templated":true}]}}