{"id":387099,"date":"2025-09-13T05:40:12","date_gmt":"2025-09-13T05:40:12","guid":{"rendered":"https:\/\/www.europesays.com\/fr\/387099\/"},"modified":"2025-09-13T05:40:12","modified_gmt":"2025-09-13T05:40:12","slug":"en-allemagne-lafd-part-a-la-conquete-de-louest","status":"publish","type":"post","link":"https:\/\/www.europesays.com\/fr\/387099\/","title":{"rendered":"En Allemagne, l\u2019AfD part \u00e0 la conqu\u00eate de l\u2019Ouest"},"content":{"rendered":"\n<p>Dans la ville de Gelsenkirchen, en Rh\u00e9nanie-du-Nord-Westphalie, rares sont les habitants dispos\u00e9s \u00e0 expliquer <a class=\"ithalc\" data-ithal=\"lien_externe\" data-ithalc=\"[nav_article]\" target=\"_blank\" href=\"https:\/\/www.dw.com\/de\/wahlen-nordrhein-westfalen-afd-will-oberb%C3%BCrgermeisteramt-gelsenkirchen-nrw-wahlkampf-musk-rechts-v2\/a-73958847\" rel=\"noopener\">\u00e0 la <strong>Deutsche Welle<\/strong><\/a><strong> <\/strong>pour qui ils comptent voter, dimanche 14\u00a0septembre.<\/p>\n<p>\u00c0 l\u2019approche des \u00e9lections municipales et locales rh\u00e9nanes, la cha\u00eene allemande s\u2019est rendue dans cette commune typique de la r\u00e9gion industrielle et mini\u00e8re de la Ruhr pour prendre le pouls de la population. Avec, en arri\u00e8re-plan, une question\u00a0: \u201cL\u2019AfD va-t-elle \u00e9galement s\u2019emparer des villes d\u2019Allemagne de l\u2019Ouest\u00a0?\u201d<\/p>\n<p>L\u2019Alternative pour l\u2019Allemagne, ou AfD, est connue pour son implantation historique dans les anciens L\u00e4nder de RDA. Mais l\u2019impopularit\u00e9 croissante du nouveau chancelier, le conservateur <a href=\"https:\/\/www.courrierinternational.com\/sujet\/friedrich-merz\" target=\"_blank\" rel=\"noopener\">Friedrich Merz<\/a>, et de son gouvernement pourrait donner des ailes \u00e0 la formation d\u2019extr\u00eame droite.<\/p>\n<p>                    \u201cCapter les voix des d\u00e9\u00e7us de la politique\u201d       <\/p>\n<p>Lors des derni\u00e8res \u00e9lections f\u00e9d\u00e9rales, en f\u00e9vrier\u00a02025, les scores de l\u2019AfD avaient certes \u00e9t\u00e9 moins \u00e9lev\u00e9s dans l\u2019Ouest. Mais le parti <a href=\"https:\/\/www.courrierinternational.com\/article\/analyse-elections-en-allemagne-a-l-ouest-aussi-l-extreme-droite-gagne-du-terrain_228094\" target=\"_blank\" rel=\"noopener\">y avait n\u00e9anmoins gagn\u00e9 des voix<\/a>.<\/p>\n<p>\u00c0 Gelsenkirchen, il \u00e9tait m\u00eame arriv\u00e9 en t\u00eate \u2013\u00a0ce qui pousse la Deutsche Welle \u00e0 s\u2019interroger sur la possibilit\u00e9 d\u2019y voir \u00e9merger la premi\u00e8re mairie AfD de l\u2019Ouest. \u201cIl y a cinq ans, le parti avait obtenu 13\u00a0% des suffrages et 11\u00a0si\u00e8ges au conseil municipal de Gelsenkirchen. Selon les sondages, la commune devrait virer encore plus nettement \u00e0 droite.\u201d<\/p>\n<p>                                      <a href=\"https:\/\/focus.courrierinternational.com\/2025\/02\/24\/0\/0\/2000\/2759\/1280\/0\/60\/0\/87745f0_sirius-fs-upload-1-pk8vheoev9kt-1740390902465-web20250224-allemagne-elections-2025.png\" data-pswp-width=\"1280\" data-pswp-height=\"1766\" target=\"_blank\" rel=\"noopener\">      <img decoding=\"async\" loading=\"lazy\" onerror=\"this.classList.add(`img--error`)\" src=\"https:\/\/www.europesays.com\/fr\/wp-content\/uploads\/2025\/09\/87745f0_sirius-fs-upload-1-pk8vheoev9kt-1740390902465-web20250224-allemagne-elections-2025.png\"  width=\"640\" height=\"883\" alt=\"R\u00e9sultats des \u00e9lections f\u00e9d\u00e9rales du 23\u00a0f\u00e9vrier 2025 en Allemagne.\"\/>     <\/a>      R\u00e9sultats des \u00e9lections f\u00e9d\u00e9rales du 23\u00a0f\u00e9vrier 2025 en Allemagne.   SOURCE\u00a0: \u201cFRANKFURTER ALLGEMEINE ZEITUNG\u201d.               <\/p>\n<p>Le m\u00e9dia public explique que les villes moyennes comme Gelsenkirchen sont d\u00e9sormais cibl\u00e9es par le parti d\u2019extr\u00eame droite et ses soutiens, <a href=\"https:\/\/www.courrierinternational.com\/article\/lors-d-un-entretien-de-propagande-sur-x-avec-la-cheffe-de-l-afd-musk-reitere-son-soutien-a-l-extreme-droite-allemande_226385\" target=\"_blank\" rel=\"noopener\">parmi lesquels le milliardaire am\u00e9ricain Elon Musk<\/a>. \u201cDans la ville, qui affiche les taux de ch\u00f4mage et de pauvret\u00e9 les plus \u00e9lev\u00e9s d\u2019Allemagne, le parti n\u2019a manifestement aucun mal \u00e0 capter les voix des d\u00e9\u00e7us de la politique qui se sentent abandonn\u00e9s.\u201d<\/p>\n<p>La situation de Gelsenkirchen n\u2019est pas la m\u00eame que celle d\u2019autres communes de Rh\u00e9nanie-du-Nord-Westphalie. Mais les \u00e9lections du 14\u00a0septembre constitueront un test pour le gouvernement des conservateurs et des sociaux-d\u00e9mocrates, comme pour l\u2019opposition d\u2019extr\u00eame droite. En\u00a02020, les chr\u00e9tiens-d\u00e9mocrates avaient remport\u00e9 le Land haut la main. Il n\u2019est pas certain qu\u2019il en soit ainsi en\u00a02025.<\/p>\n","protected":false},"excerpt":{"rendered":"Dans la ville de Gelsenkirchen, en Rh\u00e9nanie-du-Nord-Westphalie, rares sont les habitants dispos\u00e9s \u00e0 expliquer \u00e0 la Deutsche Welle&hellip;\n","protected":false},"author":2,"featured_media":387100,"comment_status":"","ping_status":"","sticky":false,"template":"","format":"standard","meta":{"footnotes":""},"categories":[1587],"tags":[11,672,1804,1805,1803,1777,674,6429,7610,1801,12,316,1802],"class_list":{"0":"post-387099","1":"post","2":"type-post","3":"status-publish","4":"format-standard","5":"has-post-thumbnail","7":"category-allemagne","8":"tag-actualites","9":"tag-allemagne","10":"tag-bundesrepublik-deutschland","11":"tag-de","12":"tag-deutschland","13":"tag-eu","14":"tag-europe","15":"tag-extru00eame-droite","16":"tag-extru00eame-droite-en-allemagne","17":"tag-germany","18":"tag-news","19":"tag-politique","20":"tag-republique-federale-dallemagne"},"share_on_mastodon":{"url":"https:\/\/pubeurope.com\/@fr\/115195387963126621","error":""},"_links":{"self":[{"href":"https:\/\/www.europesays.com\/fr\/wp-json\/wp\/v2\/posts\/387099","targetHints":{"allow":["GET"]}}],"collection":[{"href":"https:\/\/www.europesays.com\/fr\/wp-json\/wp\/v2\/posts"}],"about":[{"href":"https:\/\/www.europesays.com\/fr\/wp-json\/wp\/v2\/types\/post"}],"author":[{"embeddable":true,"href":"https:\/\/www.europesays.com\/fr\/wp-json\/wp\/v2\/users\/2"}],"replies":[{"embeddable":true,"href":"https:\/\/www.europesays.com\/fr\/wp-json\/wp\/v2\/comments?post=387099"}],"version-history":[{"count":0,"href":"https:\/\/www.europesays.com\/fr\/wp-json\/wp\/v2\/posts\/387099\/revisions"}],"wp:featuredmedia":[{"embeddable":true,"href":"https:\/\/www.europesays.com\/fr\/wp-json\/wp\/v2\/media\/387100"}],"wp:attachment":[{"href":"https:\/\/www.europesays.com\/fr\/wp-json\/wp\/v2\/media?parent=387099"}],"wp:term":[{"taxonomy":"category","embeddable":true,"href":"https:\/\/www.europesays.com\/fr\/wp-json\/wp\/v2\/categories?post=387099"},{"taxonomy":"post_tag","embeddable":true,"href":"https:\/\/www.europesays.com\/fr\/wp-json\/wp\/v2\/tags?post=387099"}],"curies":[{"name":"wp","href":"https:\/\/api.w.org\/{rel}","templated":true}]}}