{"id":387103,"date":"2025-09-13T05:42:14","date_gmt":"2025-09-13T05:42:14","guid":{"rendered":"https:\/\/www.europesays.com\/fr\/387103\/"},"modified":"2025-09-13T05:42:14","modified_gmt":"2025-09-13T05:42:14","slug":"a-chaque-visite-jai-eu-une-reservation-derniers-travaux-pour-la-residence-seniors-creee-dans-un-batiment-historique-a-auch","status":"publish","type":"post","link":"https:\/\/www.europesays.com\/fr\/387103\/","title":{"rendered":"\u00ab\u00a0\u00c0 chaque visite, j\u2019ai eu une r\u00e9servation\u00a0\u00bb: derniers travaux pour la r\u00e9sidence seniors cr\u00e9\u00e9e dans un b\u00e2timent historique \u00e0 Auch"},"content":{"rendered":"<p>\n                                                                    l&rsquo;essentiel<br \/>\n                                                                L\u2019ancien h\u00f4tel de l\u2019intendant d\u2019Etigny (Poste Gambetta) poursuit sa mue en 35 logements pour des seniors autonomes. Livr\u00e9 fin 2025, le projet des Jardins d\u2019Arcadie s\u00e9duit d\u00e9j\u00e0. Place \u00e0 la visite.\n                            <\/p>\n<p>\u00ab\u00a0\u00c0 chaque visite, j\u2019ai eu une r\u00e9servation.\u00a0\u00bb La responsable commerciale des Jardins d\u2019Arcadie, Judith Sanges, arpente le chantier de la r\u00e9sidence seniors avec le sourire. L\u2019ancien h\u00f4tel de l\u2019intendant d\u2019Etigny va bient\u00f4t conna\u00eetre ses nouveaux locataires.<br \/>La construction de cette r\u00e9sidence seniors doit s\u2019achever \u00e0 la fin de l\u2019ann\u00e9e 2025, et l\u2019\u00e9tablissement est d\u00e9j\u00e0 entr\u00e9 en phase de commercialisation.<\/p>\n<p class=\"std-elt__inline\">\n        <strong>\u00c0 lire aussi :<\/strong><br \/>\n        <a href=\"https:\/\/www.ladepeche.fr\/2023\/11\/21\/gers-a-auch-les-batiments-historiques-de-la-poste-vont-accueillir-une-residence-seniors-11594086.php\" rel=\"nofollow noopener\" target=\"_blank\">Gers : \u00e0 Auch, les b\u00e2timents historiques de La Poste vont accueillir une r\u00e9sidence seniors<\/a>\n    <\/p>\n<p>Sur trois \u00e9tages, le b\u00e2timent proposera \u00e0 terme 35 logements \u00e0 la location, exclusivement r\u00e9serv\u00e9s \u00e0 des personnes \u00e2g\u00e9es encore autonomes. \u00ab\u00a0Nous louons des appartements vides, \u00e0 part la salle de bains et la cuisine, d\u00e9j\u00e0 \u00e9quip\u00e9es, explique Judith Sanges. Mais ce n\u2019est pas une r\u00e9sidence services. Elle n\u2019est pas destin\u00e9e \u00e0 accueillir des personnes qui auraient des troubles cognitifs, par exemple.\u00a0\u00bb Les Jardins d\u2019Arcadie proposent 35 appartements, dont 1 T4, 15 T3 et 19 T2. Avec \u00e0 la clef, pour ceux qui sont situ\u00e9s dans les derniers \u00e9tages, un panorama \u00e9poustouflant sur la ville ou la cath\u00e9drale. Certains ne sont d\u00e9j\u00e0 plus disponibles.<\/p>\n<p class=\"std-elt__inline\">\n        <strong>\u00c0 lire aussi :<\/strong><br \/>\n        <a href=\"https:\/\/www.ladepeche.fr\/2024\/08\/12\/auch-inquietudes-autour-des-travaux-du-bureau-de-poste-de-la-rue-gambetta-12136949.php\" rel=\"nofollow noopener\" target=\"_blank\">Auch\u00a0: inqui\u00e9tudes autour des travaux du bureau de poste de la rue Gambetta<\/a>\n    <\/p>\n<p>Comptez 960\u00a0\u20ac pour le ticket d\u2019entr\u00e9e dans un T2 des Jardins d\u2019Arcadie. Mais ce prix ne correspond pas au seul logement. Les charges de copropri\u00e9t\u00e9, comme l\u2019entretien des espaces communs, la pr\u00e9sence d\u2019un concierge en semaine, sont int\u00e9gr\u00e9es dans le loyer. Tout comme la taxe des ordures m\u00e9nag\u00e8res et l\u2019assurance habitation. \u00ab\u00a0S\u2019ajoute \u00e0 cela la fourniture d\u2019une t\u00e9l\u00e9assistance, pr\u00e9cise Judith Sanges. Nous avons un partenariat avec la Poste qui nous permet de proposer cette prestation.\u00a0\u00bb<\/p>\n<p>Immeuble PMR<\/p>\n<p>Tout y a \u00e9t\u00e9 pens\u00e9 pour des r\u00e9sidents ayant des soucis de mobilit\u00e9\u00a0: ascenseur, couloirs larges, grandes portes, douches \u00e0 l\u2019italienne ou pi\u00e8ces o\u00f9 faire circuler sans difficult\u00e9 un fauteuil roulant. Il a fallu composer avec un \u00e9difice class\u00e9, o\u00f9 les architectes des Jardins d\u2019Arcadie n\u2019avaient pas les coud\u00e9es franches. Ils ont d\u00fb garder les ouvertures d\u2019origine, parfois des chemin\u00e9es ou des pans de bois, tout en proposant des pi\u00e8ces adapt\u00e9es.<\/p>\n<p>        <img decoding=\"async\" class=\"std-img__img responsive-img\" src=\"https:\/\/www.europesays.com\/fr\/wp-content\/uploads\/2025\/09\/1757742134_450_image.jpg\" alt=\"Les espaces communs en cours de r\u00e9alisation.\"\/><\/p>\n<p>                Les espaces communs en cours de r\u00e9alisation.<br \/>\n                                    DDM &#8211; MC<\/p>\n<p>\u00ab\u00a0Les appartements pens\u00e9s pour les PMR (personnes \u00e0 mobilit\u00e9 r\u00e9duite, NDLR), il n\u2019y en a pas beaucoup \u00e0 Auch, observe la responsable commerciale. Les contacts que j\u2019ai eus \u00e9manent de Gersois, souvent, et d\u2019Auscitains aussi. Il s\u2019agit de personnes qui veulent quitter des maisons devenues trop grandes, mais rester en haute ville. Souvent, il s\u2019agit aussi de rompre l\u2019isolement.\u00a0\u00bb<\/p>\n<p>Un espace de sociabilisation<\/p>\n<p>Les boomeurs recherchent aujourd\u2019hui des lieux plus propices aux rencontres. L\u2019essor de ces r\u00e9sidences \u00e0 Auch, avenue de l\u2019Yser ou dans des Ehpad, traduit cet int\u00e9r\u00eat.<br \/>Loin d\u2019\u00eatre ferm\u00e9, l\u2019endroit est ouvert \u00e0 des activit\u00e9s vers l\u2019ext\u00e9rieur, facilit\u00e9es par la proximit\u00e9 du centre-ville.<\/p>\n<p class=\"std-elt__inline\">\n        <strong>\u00c0 lire aussi :<\/strong><br \/>\n        <a href=\"https:\/\/www.ladepeche.fr\/2024\/09\/02\/auch-la-poste-de-la-rue-gambetta-a-rouvert-ses-portes-apres-deux-mois-de-travaux-12172564.php\" rel=\"nofollow noopener\" target=\"_blank\">Auch\u00a0: la Poste de la rue Gambetta a rouvert ses portes apr\u00e8s deux mois de travaux<\/a>\n    <\/p>\n<p>Si la r\u00e9sidence n\u2019offre pas de services m\u00e9dicaux, elle int\u00e8gre de nombreux espaces communs, destin\u00e9s \u00e0 faciliter le contact entre les habitants. Une salle de fitness, un salon o\u00f9 regarder des films, mais aussi une cuisine commune, un immense living encore encombr\u00e9 par les meubles de cuisine o\u00f9 jouer, lire\u2026<\/p>\n<p>S\u2019y ajoute une terrasse, qui surplombe la rue Gambetta. \u00ab\u00a0On sait aujourd\u2019hui que le secret pour bien vieillir, c\u2019est de conserver une activit\u00e9 physique, intellectuelle et de garder du lien social.\u00a0\u00bb<\/p>\n","protected":false},"excerpt":{"rendered":"l&rsquo;essentiel L\u2019ancien h\u00f4tel de l\u2019intendant d\u2019Etigny (Poste Gambetta) poursuit sa mue en 35 logements pour des seniors autonomes.&hellip;\n","protected":false},"author":2,"featured_media":387104,"comment_status":"","ping_status":"","sticky":false,"template":"","format":"standard","meta":{"footnotes":""},"categories":[1586],"tags":[11,1777,674,1779,1011,27,12,25,1778,364],"class_list":{"0":"post-387103","1":"post","2":"type-post","3":"status-publish","4":"format-standard","5":"has-post-thumbnail","7":"category-europe","8":"tag-actualites","9":"tag-eu","10":"tag-europe","11":"tag-european-union","12":"tag-fr","13":"tag-france","14":"tag-news","15":"tag-republique-francaise","16":"tag-ue","17":"tag-union-europeenne"},"share_on_mastodon":{"url":"https:\/\/pubeurope.com\/@fr\/115195395727523219","error":""},"_links":{"self":[{"href":"https:\/\/www.europesays.com\/fr\/wp-json\/wp\/v2\/posts\/387103","targetHints":{"allow":["GET"]}}],"collection":[{"href":"https:\/\/www.europesays.com\/fr\/wp-json\/wp\/v2\/posts"}],"about":[{"href":"https:\/\/www.europesays.com\/fr\/wp-json\/wp\/v2\/types\/post"}],"author":[{"embeddable":true,"href":"https:\/\/www.europesays.com\/fr\/wp-json\/wp\/v2\/users\/2"}],"replies":[{"embeddable":true,"href":"https:\/\/www.europesays.com\/fr\/wp-json\/wp\/v2\/comments?post=387103"}],"version-history":[{"count":0,"href":"https:\/\/www.europesays.com\/fr\/wp-json\/wp\/v2\/posts\/387103\/revisions"}],"wp:featuredmedia":[{"embeddable":true,"href":"https:\/\/www.europesays.com\/fr\/wp-json\/wp\/v2\/media\/387104"}],"wp:attachment":[{"href":"https:\/\/www.europesays.com\/fr\/wp-json\/wp\/v2\/media?parent=387103"}],"wp:term":[{"taxonomy":"category","embeddable":true,"href":"https:\/\/www.europesays.com\/fr\/wp-json\/wp\/v2\/categories?post=387103"},{"taxonomy":"post_tag","embeddable":true,"href":"https:\/\/www.europesays.com\/fr\/wp-json\/wp\/v2\/tags?post=387103"}],"curies":[{"name":"wp","href":"https:\/\/api.w.org\/{rel}","templated":true}]}}