{"id":387105,"date":"2025-09-13T05:43:11","date_gmt":"2025-09-13T05:43:11","guid":{"rendered":"https:\/\/www.europesays.com\/fr\/387105\/"},"modified":"2025-09-13T05:43:11","modified_gmt":"2025-09-13T05:43:11","slug":"le-profil-ambivalent-du-suspect","status":"publish","type":"post","link":"https:\/\/www.europesays.com\/fr\/387105\/","title":{"rendered":"le profil ambivalent du suspect"},"content":{"rendered":"<p>                         <img loading=\"lazy\" decoding=\"async\" src=\"https:\/\/www.europesays.com\/fr\/wp-content\/uploads\/2025\/09\/a694b0e_ftp-import-images-1-4aapfgow5fks-54ebc5b80de54509b11e37fa76ca9e95-0-4016f8cd4f8e43dfb7c2d8d3.jpeg\" alt=\"Une photo rendue publique par le bureau du gouverneur de l\u2019Utah montre Tyler Robinson, le 12\u00a0septembre 2025.\"   width=\"664\" height=\"443\"\/>    Une photo rendue publique par le bureau du gouverneur de l\u2019Utah montre Tyler Robinson, le 12\u00a0septembre 2025.  AP                 <\/p>\n<p class=\"article__paragraph  \">Le parcours de <a href=\"https:\/\/www.lemonde.fr\/international\/article\/2025\/09\/12\/donald-trump-affirme-que-le-tueur-presume-de-l-influenceur-conservateur-charlie-kirk-a-ete-arrete_6640627_3210.html\" rel=\"nofollow noopener\" target=\"_blank\">Tyler Robinson<\/a>, accus\u00e9 d\u2019avoir tu\u00e9 l\u2019influenceur conservateur Charlie Kirk, ic\u00f4ne de la jeunesse trumpiste, ne correspond pas vraiment au profil du <a href=\"https:\/\/www.lemonde.fr\/international\/video\/2025\/09\/11\/donald-trump-rend-hommage-a-charlie-kirk-et-accuse-la-gauche-radicale_6640419_3210.html\" rel=\"nofollow noopener\" target=\"_blank\">militant d\u2019extr\u00eame gauche d\u00e9nonc\u00e9 par Donald Trump<\/a> d\u00e8s mercredi 10\u00a0septembre, mais peu importe\u00a0: le monde MAGA (Make America Great Again) poursuit sa r\u00e9volution conservatrice contre l\u2019extr\u00eame gauche radicale mais aussi les d\u00e9mocrates.<\/p>\n<p class=\"article__paragraph  \">L\u2019affaire a \u00e9t\u00e9 confirm\u00e9e vendredi 12\u00a0septembre en fin de soir\u00e9e par une allocution de la veuve de Charlie Kirk, Erika Kirk, qui, dans un m\u00e9lange d\u2019amour, de d\u00e9votion chr\u00e9tienne et d\u2019\u00e9motion, a prononc\u00e9 un discours tr\u00e8s politique, promettant de poursuivre l\u2019\u0153uvre de son mari d\u00e9sormais coiff\u00e9 de \u00ab\u00a0la couronne glorieuse des martyrs\u00a0\u00bb. \u00ab\u00a0Ils ont tu\u00e9 Charlie parce qu\u2019il pr\u00eachait un message de patriotisme, de foi et d\u2019amour mis\u00e9ricordieux de Dieu. Vous n\u2019imaginez pas ce que vous avez d\u00e9clench\u00e9 dans ce pays et dans le monde entier\u00a0\u00bb, a-t-elle d\u00e9clar\u00e9 avec passion. \u00ab\u00a0Vous n\u2019imaginez pas le feu que vous avez allum\u00e9 chez sa femme\u00a0! Les cris de cette veuve r\u00e9sonneront dans le monde entier comme un cri de guerre. A tous ceux qui nous \u00e9coutent ce soir \u00e0 travers l\u2019Am\u00e9rique, le mouvement que mon mari a b\u00e2ti ne s\u2019\u00e9teindra pas\u00a0\u00bb, a clam\u00e9 Erika Kirk.<\/p>\n<p class=\"reading-mode-only \"><strong>Il vous reste 85.27% de cet article \u00e0 lire. La suite est r\u00e9serv\u00e9e aux abonn\u00e9s.<\/strong><\/p>\n","protected":false},"excerpt":{"rendered":"Une photo rendue publique par le bureau du gouverneur de l\u2019Utah montre Tyler Robinson, le 12\u00a0septembre 2025. AP&hellip;\n","protected":false},"author":2,"featured_media":387106,"comment_status":"","ping_status":"","sticky":false,"template":"","format":"standard","meta":{"footnotes":""},"categories":[2],"tags":[11,1011,27,12,25],"class_list":{"0":"post-387105","1":"post","2":"type-post","3":"status-publish","4":"format-standard","5":"has-post-thumbnail","7":"category-actualites","8":"tag-actualites","9":"tag-fr","10":"tag-france","11":"tag-news","12":"tag-republique-francaise"},"share_on_mastodon":{"url":"https:\/\/pubeurope.com\/@fr\/115195399614956158","error":""},"_links":{"self":[{"href":"https:\/\/www.europesays.com\/fr\/wp-json\/wp\/v2\/posts\/387105","targetHints":{"allow":["GET"]}}],"collection":[{"href":"https:\/\/www.europesays.com\/fr\/wp-json\/wp\/v2\/posts"}],"about":[{"href":"https:\/\/www.europesays.com\/fr\/wp-json\/wp\/v2\/types\/post"}],"author":[{"embeddable":true,"href":"https:\/\/www.europesays.com\/fr\/wp-json\/wp\/v2\/users\/2"}],"replies":[{"embeddable":true,"href":"https:\/\/www.europesays.com\/fr\/wp-json\/wp\/v2\/comments?post=387105"}],"version-history":[{"count":0,"href":"https:\/\/www.europesays.com\/fr\/wp-json\/wp\/v2\/posts\/387105\/revisions"}],"wp:featuredmedia":[{"embeddable":true,"href":"https:\/\/www.europesays.com\/fr\/wp-json\/wp\/v2\/media\/387106"}],"wp:attachment":[{"href":"https:\/\/www.europesays.com\/fr\/wp-json\/wp\/v2\/media?parent=387105"}],"wp:term":[{"taxonomy":"category","embeddable":true,"href":"https:\/\/www.europesays.com\/fr\/wp-json\/wp\/v2\/categories?post=387105"},{"taxonomy":"post_tag","embeddable":true,"href":"https:\/\/www.europesays.com\/fr\/wp-json\/wp\/v2\/tags?post=387105"}],"curies":[{"name":"wp","href":"https:\/\/api.w.org\/{rel}","templated":true}]}}