{"id":387107,"date":"2025-09-13T05:44:10","date_gmt":"2025-09-13T05:44:10","guid":{"rendered":"https:\/\/www.europesays.com\/fr\/387107\/"},"modified":"2025-09-13T05:44:10","modified_gmt":"2025-09-13T05:44:10","slug":"israel-intensifie-ses-attaques-sur-la-ville-de-gaza-50-morts-vendredi-dans-toute-lenclave","status":"publish","type":"post","link":"https:\/\/www.europesays.com\/fr\/387107\/","title":{"rendered":"Isra\u00ebl intensifie ses attaques sur la ville de Gaza\u00a0; 50\u00a0morts vendredi dans toute l\u2019enclave"},"content":{"rendered":"<p>   La Syrie discute d\u2019un accord de s\u00e9curit\u00e9 avec Isra\u00ebl             <\/p>\n<p class=\"post__live-container--answer-text post__space-node\">Le pr\u00e9sident syrien par int\u00e9rim, Ahmed Al-Charaa, a dit vendredi que la Syrie menait des n\u00e9gociations avec Isra\u00ebl pour parvenir \u00e0 un accord qui permettrait \u00e0 Isra\u00ebl de quitter les zones qu\u2019il occupe depuis le renversement de Bachar Al-Assad, en d\u00e9cembre\u00a02024.<\/p>\n<p class=\"post__live-container--answer-text post__space-node\">\u00ab\u00a0Nous sommes actuellement dans un \u00e9tat de n\u00e9gociations et de dialogue sur la question d\u2019un accord de s\u00e9curit\u00e9\u00a0\u00bb, a d\u00e9clar\u00e9 M.\u00a0Al-Charaa dans une interview \u00e0 la cha\u00eene de t\u00e9l\u00e9vision publique Alekhbariah.<\/p>\n<p class=\"post__live-container--answer-text post__space-node\">\u00ab\u00a0Isra\u00ebl a consid\u00e9r\u00e9 qu\u2019avec la chute du r\u00e9gime, la Syrie avait quitt\u00e9\u00a0\u00bb l\u2019accord de d\u00e9sengagement de 1974, \u00ab\u00a0m\u00eame si la Syrie, d\u00e8s le premier instant, a exprim\u00e9 son engagement\u00a0\u00bb envers cet accord, a-t-il dit. \u00ab\u00a0Maintenant, des n\u00e9gociations sont en cours sur un accord de s\u00e9curit\u00e9 pour ramener Isra\u00ebl l\u00e0 o\u00f9 il \u00e9tait avant le 8\u00a0d\u00e9cembre\u00a0\u00bb, a-t-il poursuivi.<\/p>\n<p class=\"post__live-container--answer-text post__space-node\">Au moment o\u00f9 des forces men\u00e9es par des islamistes renversaient le r\u00e9gime de Bachar Al-Assad, Isra\u00ebl a d\u00e9ploy\u00e9 des troupes dans la zone tampon surveill\u00e9e par l\u2019ONU sur le plateau du Golan, qui s\u00e9pare les forces isra\u00e9liennes et syriennes depuis l\u2019armistice qui a suivi la guerre arabo-isra\u00e9lienne de 1973. Isra\u00ebl a depuis lanc\u00e9 des centaines de frappes a\u00e9riennes contre des cibles militaires en Syrie et effectu\u00e9 des incursions dans le Sud syrien. Les nouvelles autorit\u00e9s syriennes n\u2019ont pas ripost\u00e9.<\/p>\n<p class=\"post__live-container--answer-text post__space-node\">Isra\u00ebl et la Syrie n\u2019entretiennent pas de relations diplomatiques, les deux pays \u00e9tant techniquement en guerre depuis 1948 et Damas n\u2019ayant pas accept\u00e9 l\u2019occupation, puis l\u2019annexion, d\u2019une partie du Golan par Isra\u00ebl.<\/p>\n","protected":false},"excerpt":{"rendered":"La Syrie discute d\u2019un accord de s\u00e9curit\u00e9 avec Isra\u00ebl Le pr\u00e9sident syrien par int\u00e9rim, Ahmed Al-Charaa, a dit&hellip;\n","protected":false},"author":2,"featured_media":386389,"comment_status":"","ping_status":"","sticky":false,"template":"","format":"standard","meta":{"footnotes":""},"categories":[2],"tags":[11,1011,27,12,25],"class_list":{"0":"post-387107","1":"post","2":"type-post","3":"status-publish","4":"format-standard","5":"has-post-thumbnail","7":"category-actualites","8":"tag-actualites","9":"tag-fr","10":"tag-france","11":"tag-news","12":"tag-republique-francaise"},"share_on_mastodon":{"url":"https:\/\/pubeurope.com\/@fr\/115195403512600030","error":""},"_links":{"self":[{"href":"https:\/\/www.europesays.com\/fr\/wp-json\/wp\/v2\/posts\/387107","targetHints":{"allow":["GET"]}}],"collection":[{"href":"https:\/\/www.europesays.com\/fr\/wp-json\/wp\/v2\/posts"}],"about":[{"href":"https:\/\/www.europesays.com\/fr\/wp-json\/wp\/v2\/types\/post"}],"author":[{"embeddable":true,"href":"https:\/\/www.europesays.com\/fr\/wp-json\/wp\/v2\/users\/2"}],"replies":[{"embeddable":true,"href":"https:\/\/www.europesays.com\/fr\/wp-json\/wp\/v2\/comments?post=387107"}],"version-history":[{"count":0,"href":"https:\/\/www.europesays.com\/fr\/wp-json\/wp\/v2\/posts\/387107\/revisions"}],"wp:featuredmedia":[{"embeddable":true,"href":"https:\/\/www.europesays.com\/fr\/wp-json\/wp\/v2\/media\/386389"}],"wp:attachment":[{"href":"https:\/\/www.europesays.com\/fr\/wp-json\/wp\/v2\/media?parent=387107"}],"wp:term":[{"taxonomy":"category","embeddable":true,"href":"https:\/\/www.europesays.com\/fr\/wp-json\/wp\/v2\/categories?post=387107"},{"taxonomy":"post_tag","embeddable":true,"href":"https:\/\/www.europesays.com\/fr\/wp-json\/wp\/v2\/tags?post=387107"}],"curies":[{"name":"wp","href":"https:\/\/api.w.org\/{rel}","templated":true}]}}