{"id":387108,"date":"2025-09-13T05:45:12","date_gmt":"2025-09-13T05:45:12","guid":{"rendered":"https:\/\/www.europesays.com\/fr\/387108\/"},"modified":"2025-09-13T05:45:12","modified_gmt":"2025-09-13T05:45:12","slug":"deux-departements-places-en-vigilance-orange-pour-orages-et-pluie-inondation","status":"publish","type":"post","link":"https:\/\/www.europesays.com\/fr\/387108\/","title":{"rendered":"deux d\u00e9partements plac\u00e9s en vigilance orange pour orages et pluie-inondation"},"content":{"rendered":"<p class=\"article-p mdl\">Dans son bulletin de 6 h ce samedi 13 septembre, M\u00e9t\u00e9o-France a plac\u00e9 le Pas-de-Calais et le Var en vigilance orange pour pluie-inondation, le Pas-de-Calais \u00e9tant \u00e9galement concern\u00e9 par des risques d&rsquo;orages.<br \/>Dans un contexte perturb\u00e9, avec un flux de sud-ouest bien install\u00e9, des averses vont se former sur la Manche et traverser l\u2019ouest du Pas-de-Calais. \u00ab\u00a0Le ph\u00e9nom\u00e8ne s\u2019est intensifi\u00e9 au cours de la nuit et devrait se poursuivre jusqu\u2019en milieu d\u2019apr\u00e8s-midi, pr\u00e9vient le service m\u00e9t\u00e9o. Sur le Boulonnais et le Calaisis, les cumuls de pluie attendus vont de <strong>30 \u00e0 50 mm<\/strong>, avec des pointes possibles \u00e0 <strong>70 ou 80 mm<\/strong>. Les averses pourraient aussi prendre un caract\u00e8re orageux avant de glisser vers le sud-est\u00a0\u00bb.<\/p>\n<p>Dans le sud, un \u00e9pisode m\u00e9diterran\u00e9en se pr\u00e9pare. D\u00e8s la fin de matin\u00e9e et jusqu\u2019\u00e0 la soir\u00e9e, des cellules orageuses vont toucher le Var. <strong>Le littoral pourrait recevoir 80 \u00e0 100 mm de pluie en peu de temps<\/strong>, tandis que l\u2019int\u00e9rieur des terres devrait enregistrer <strong>40 \u00e0 60 mm<\/strong>, localement jusqu\u2019\u00e0 <strong>80 mm<\/strong>.\u00a0<\/p>\n<p class=\"article-p mdl\">Sont \u00e9galement attendues des <strong>rafales de vent de 60 \u00e0 80 km\/h<\/strong>, parfois plus, ainsi que des \u00e9pisodes de gr\u00eale.<\/p>\n<p>    La r\u00e9daction vous recommande<\/p>\n<p class=\"s-newsletter__title\">\n                L\u2019actualit\u00e9 par la r\u00e9daction de RTL dans votre bo\u00eete mail.\n            <\/p>\n<p class=\"s-newsletter__subtitle\">\n                Gr\u00e2ce \u00e0 votre compte RTL abonnez-vous \u00e0 la newsletter RTL info pour suivre toute l&rsquo;actualit\u00e9 au quotidien\n            <\/p>\n<p>\n                                    Lire la suite\n                                <\/p>\n","protected":false},"excerpt":{"rendered":"Dans son bulletin de 6 h ce samedi 13 septembre, M\u00e9t\u00e9o-France a plac\u00e9 le Pas-de-Calais et le Var&hellip;\n","protected":false},"author":2,"featured_media":387109,"comment_status":"","ping_status":"","sticky":false,"template":"","format":"standard","meta":{"footnotes":""},"categories":[4],"tags":[11,898,107,1011,27,2487,12,4459,25,27202],"class_list":{"0":"post-387108","1":"post","2":"type-post","3":"status-publish","4":"format-standard","5":"has-post-thumbnail","7":"category-france","8":"tag-actualites","9":"tag-alerte","10":"tag-fil-info","11":"tag-fr","12":"tag-france","13":"tag-meteo","14":"tag-news","15":"tag-pluie","16":"tag-republique-francaise","17":"tag-vigilance-orange"},"share_on_mastodon":{"url":"https:\/\/pubeurope.com\/@fr\/115195407603829375","error":""},"_links":{"self":[{"href":"https:\/\/www.europesays.com\/fr\/wp-json\/wp\/v2\/posts\/387108","targetHints":{"allow":["GET"]}}],"collection":[{"href":"https:\/\/www.europesays.com\/fr\/wp-json\/wp\/v2\/posts"}],"about":[{"href":"https:\/\/www.europesays.com\/fr\/wp-json\/wp\/v2\/types\/post"}],"author":[{"embeddable":true,"href":"https:\/\/www.europesays.com\/fr\/wp-json\/wp\/v2\/users\/2"}],"replies":[{"embeddable":true,"href":"https:\/\/www.europesays.com\/fr\/wp-json\/wp\/v2\/comments?post=387108"}],"version-history":[{"count":0,"href":"https:\/\/www.europesays.com\/fr\/wp-json\/wp\/v2\/posts\/387108\/revisions"}],"wp:featuredmedia":[{"embeddable":true,"href":"https:\/\/www.europesays.com\/fr\/wp-json\/wp\/v2\/media\/387109"}],"wp:attachment":[{"href":"https:\/\/www.europesays.com\/fr\/wp-json\/wp\/v2\/media?parent=387108"}],"wp:term":[{"taxonomy":"category","embeddable":true,"href":"https:\/\/www.europesays.com\/fr\/wp-json\/wp\/v2\/categories?post=387108"},{"taxonomy":"post_tag","embeddable":true,"href":"https:\/\/www.europesays.com\/fr\/wp-json\/wp\/v2\/tags?post=387108"}],"curies":[{"name":"wp","href":"https:\/\/api.w.org\/{rel}","templated":true}]}}