{"id":387112,"date":"2025-09-13T05:48:23","date_gmt":"2025-09-13T05:48:23","guid":{"rendered":"https:\/\/www.europesays.com\/fr\/387112\/"},"modified":"2025-09-13T05:48:23","modified_gmt":"2025-09-13T05:48:23","slug":"les-5-infos-rugby-quil-ne-fallait-pas-louper-vendredi","status":"publish","type":"post","link":"https:\/\/www.europesays.com\/fr\/387112\/","title":{"rendered":"Les 5 infos rugby qu&rsquo;il ne fallait pas louper vendredi"},"content":{"rendered":"<p>            Par<br \/>\n        <strong><br \/>\n            <a href=\"https:\/\/actu.fr\/auteur\/emilie-dudonfournier\" title=\"Consulter tous les articles de Emilie Dudon-Fournier\" target=\"_blank\" rel=\"noopener\">Emilie Dudon-Fournier<\/a><br \/>\n        <\/strong><\/p>\n<p>        Publi\u00e9 le<\/p>\n<p>            12 sept. 2025 \u00e0 17h49        <\/p>\n<p>Il se passe toujours quelque chose, quelque part, sur la plan\u00e8te rugby. Actu Rugby vous \u00e9vite de passer des heures \u00e0 scroller pour \u00eatre au parfum de tout ce qu\u2019il fallait savoir aujourd\u2019hui. Voici les 5 infos \u00e0 retenir en ce vendredi 12 septembre.<\/p>\n<p>Toulouse : Quand Ramos vante Delibes<\/p>\n<p class=\" wall-content\">Pr\u00e9sent en conf\u00e9rence de presse ce vendredi et interrog\u00e9 sur sa stratosph\u00e9rique passe au pied pr\u00e9c\u00e9dant l\u2019essai de Dimitri Delibes dimanche \u00e0 Clermont, l\u2019arri\u00e8re international du <a href=\"https:\/\/actu.fr\/tag\/stade-toulousain\" target=\"_blank\" rel=\"noopener\">Stade toulousain<\/a> <strong>Thomas Ramos a souhait\u00e9 vanter les qualit\u00e9s de son partenaire sur l\u2019action.<\/strong> L\u2019ailier a en effet effectu\u00e9 cinq crochets int\u00e9rieur avant d\u2019aller aplatir : \u00ab\u00a0Certes il y a une passe au pied, mais on a tr\u00e8s peu entendu parler de l\u2019essai de Dim. J\u2019ai envie d\u2019en dire deux mots parce qu\u2019il se le p\u00e8le ! Il \u00e9limine 8 ou 9 joueurs sur l\u2019action. Qui \u00e9limine 8 ou 9 joueurs avant de marquer un essai dans notre championnat aujourd\u2019hui ?\u00a0\u00bb<\/p>\n<p><strong>Bordeaux : 5 \u00e0 6 semaines d\u2019absence pour Reti\u00e8re<\/strong><\/p>\n<p class=\" wall-content\"><strong>Op\u00e9r\u00e9 mercredi d\u2019un probl\u00e8me de circulation sanguine,<\/strong> l\u2019arri\u00e8re polyvalent de <a href=\"https:\/\/actu.fr\/bordeaux\/rugby\" target=\"_blank\" rel=\"noopener\">l\u2019UBB<\/a> Arthur Reti\u00e8re sera finalement indisponible durant 5 \u00e0 6 semaines, selon Sud Ouest. Ugo Boniface (\u00e9paule), Rohan Van Rensburg (adducteurs) et Salesi Rayasi (commotion) seront pr\u00e9serv\u00e9s pour le match au Racing 92 dimanche soir. Ils rejoignent une infirmerie d\u00e9j\u00e0 bien remplie, qui compte notamment les internationaux Lucu (pouce), Moefana (\u00e9paule) et Buros (mollet).<\/p>\n<p>Agen : Encore une tuile<\/p>\n<p class=\" wall-content\">La victoire face \u00e0 Grenoble jeudi soir (38-20) a eu un prix pour Agen, dont l\u2019infirmerie ne cesse de se remplir. Apr\u00e8s avoir perdu cette semaine le demi de m\u00eal\u00e9e Dorian Bellot pour une dur\u00e9e ind\u00e9termin\u00e9e (probl\u00e8mes cardiaques) et le troisi\u00e8me ligne Matthieu Bonnet pour 6 \u00e0 8 mois (ligaments crois\u00e9s d\u2019un genou), c\u2019est<strong> l\u2019ouvreur Franck Pourteau qui s\u2019est bless\u00e9.<\/strong> Touch\u00e9 \u00e0 une cheville, il va \u00eatre indisponible durant 6 \u00e0 8 semaines, selon Sud Ouest.<\/p>\n<p>Major League : Plus de 50 millions de pertes et un nouveau forfait<\/p>\n<p class=\" wall-content\">Le championnat de rugby am\u00e9ricain est en train d\u2019exploser. Alors que San Diego et Los Angeles ont \u00e9t\u00e9 contraints de fusionner et que les Miami Sharks et les NOLA Gold se sont retir\u00e9s,<strong> la Major League perd un 4e club en cette intersaison : Houston.<\/strong> Les Sabercats, finalistes malheureux contre les New England Free Jacks l\u2019an pass\u00e9, ont annonc\u00e9 dans un communiqu\u00e9 sur Twitter qu\u2019ils ne repartiront pas pour une neuvi\u00e8me saison. Ils ont notamment \u00e9voqu\u00e9 des pertes de plus de 50 millions de dollars mais aussi des \u00ab\u00a0changements\u00a0\u00bb qu\u2019ils estiment n\u00e9cessaires pour la durabilit\u00e9 du championnat aux USA, et qui n\u2019ont pas eu lieu.<\/p>\n<p class=\" wall-content\">\n<p>Valence-Romans : Vairelles chez les Espoirs<\/p>\n<p class=\" wall-content\">C\u2019est un nom qui r\u00e9sonne pour tous les amoureux de sport fran\u00e7ais et que l\u2019on entend d\u00e9sormais dans le rugby. <strong>Guydjo Vairelles, le fils de l\u2019ancien international de football Tony Vairelles, a rejoint l\u2019\u00e9quipe Espoirs de Valence-Romans<\/strong> \u00e0 l\u2019intersaison. Alors qu\u2019il partageait son temps de jeu entre les Espoirs de Mont-de-Marsan et Hagetmau en F\u00e9d\u00e9rale 3, le centre de 20 ans a d\u00e9cid\u00e9 de partir dans la Dr\u00f4me pour \u00ab\u00a0devenir pro comme mon p\u00e8re, mais sans griller les \u00e9tapes. Au VRDR, je veux d\u2019abord prouver avec les Espoirs avant de monter avec l\u2019\u00e9quipe premi\u00e8re\u00a0\u00bb, a-t-il d\u00e9clar\u00e9 dans Le Dauphin\u00e9 Lib\u00e9r\u00e9.<\/p>\n<p>Votre r\u00e9gion, votre actu !<\/p>\n<p>Recevez chaque jour les infos qui comptent pour vous.<\/p>\n<p>\t<a href=\"https:\/\/actu.fr\/newsletter\" class=\"ac-btn ac-btn--corner ac-btn--medium ac-btn--blue800\" target=\"_blank\" rel=\"noopener\">S&rsquo;incrire<\/a><\/p>\n<p class=\" wall-content\">Personnalisez votre actualit\u00e9 en ajoutant vos villes et m\u00e9dias en favori avec <a href=\"https:\/\/moncompte.actu.fr\" title=\"D\u00e9couvez Mon Actu\" rel=\"nofollow noopener\" data-trk=\"{&quot;cta&quot;:{&quot;action&quot;:&quot;https:\\\/\\\/moncompte.actu.fr&quot;,&quot;category&quot;:&quot;mon compte&quot;,&quot;from&quot;:&quot;article footer&quot;,&quot;name&quot;:&quot;Mon actu&quot;,&quot;type&quot;:&quot;cta&quot;}}\" target=\"_blank\">Mon Actu<\/a>.<\/p>\n","protected":false},"excerpt":{"rendered":"Par Emilie Dudon-Fournier Publi\u00e9 le 12 sept. 2025 \u00e0 17h49 Il se passe toujours quelque chose, quelque part,&hellip;\n","protected":false},"author":2,"featured_media":387113,"comment_status":"","ping_status":"","sticky":false,"template":"","format":"standard","meta":{"footnotes":""},"categories":[1416],"tags":[1011,27,2308,479,1468,60,476,51975,478,4435],"class_list":{"0":"post-387112","1":"post","2":"type-post","3":"status-publish","4":"format-standard","5":"has-post-thumbnail","7":"category-rugby","8":"tag-fr","9":"tag-france","10":"tag-pro-d2","11":"tag-rugby","12":"tag-rugby-football","13":"tag-sports","14":"tag-stade-toulousain","15":"tag-su-agen-lot-et-garonne","16":"tag-top-14","17":"tag-ubb-union-bordeaux-begles"},"share_on_mastodon":{"url":"https:\/\/pubeurope.com\/@fr\/115195419307963483","error":""},"_links":{"self":[{"href":"https:\/\/www.europesays.com\/fr\/wp-json\/wp\/v2\/posts\/387112","targetHints":{"allow":["GET"]}}],"collection":[{"href":"https:\/\/www.europesays.com\/fr\/wp-json\/wp\/v2\/posts"}],"about":[{"href":"https:\/\/www.europesays.com\/fr\/wp-json\/wp\/v2\/types\/post"}],"author":[{"embeddable":true,"href":"https:\/\/www.europesays.com\/fr\/wp-json\/wp\/v2\/users\/2"}],"replies":[{"embeddable":true,"href":"https:\/\/www.europesays.com\/fr\/wp-json\/wp\/v2\/comments?post=387112"}],"version-history":[{"count":0,"href":"https:\/\/www.europesays.com\/fr\/wp-json\/wp\/v2\/posts\/387112\/revisions"}],"wp:featuredmedia":[{"embeddable":true,"href":"https:\/\/www.europesays.com\/fr\/wp-json\/wp\/v2\/media\/387113"}],"wp:attachment":[{"href":"https:\/\/www.europesays.com\/fr\/wp-json\/wp\/v2\/media?parent=387112"}],"wp:term":[{"taxonomy":"category","embeddable":true,"href":"https:\/\/www.europesays.com\/fr\/wp-json\/wp\/v2\/categories?post=387112"},{"taxonomy":"post_tag","embeddable":true,"href":"https:\/\/www.europesays.com\/fr\/wp-json\/wp\/v2\/tags?post=387112"}],"curies":[{"name":"wp","href":"https:\/\/api.w.org\/{rel}","templated":true}]}}