{"id":387116,"date":"2025-09-13T05:51:13","date_gmt":"2025-09-13T05:51:13","guid":{"rendered":"https:\/\/www.europesays.com\/fr\/387116\/"},"modified":"2025-09-13T05:51:13","modified_gmt":"2025-09-13T05:51:13","slug":"david-da-costa-retrouve-la-piste-apres-un-accident","status":"publish","type":"post","link":"https:\/\/www.europesays.com\/fr\/387116\/","title":{"rendered":"David Da Costa retrouve la piste apr\u00e8s\u00a0un\u00a0accident"},"content":{"rendered":"<p>Le Rhodanien David Da Costa, grand espoir de la vitesse, reprend la comp\u00e9tition ce week-end \u00e0 Misano (Saint-Marin) apr\u00e8s trois mois d\u2019absence. Engag\u00e9 dans la Red Bull MotoGP Rookies Cup, le jeune pilote de 16 ans avait \u00e9t\u00e9 <a href=\"https:\/\/www.leprogres.fr\/sport\/2025\/06\/23\/david-da-costa-victime-d-une-impressionnante-chute-a-mugello\" target=\"_blank\" rel=\"nofollow noopener\">entra\u00een\u00e9 dans une chute collective, le 23\u00a0juin dernier, lors du Grand Prix de Mugello en Italie<\/a>.<\/p>\n<p>Dans l\u2019accident, un concurrent avait roul\u00e9 sur sa jambe. Souffrant de multiples fractures au niveau du plateau tibial, il avait \u00e9t\u00e9 op\u00e9r\u00e9, en France, pour la pose d\u2019une plaque et de neuf vis.<\/p>\n<p>  Malgr\u00e9 la tentation, il n\u2019a pas pr\u00e9cipit\u00e9 son retour<\/p>\n<p>Bien entour\u00e9 et conseill\u00e9 par ses proches, le natif de V\u00e9nissieux a pris le temps n\u00e9cessaire pour revenir et bien se pr\u00e9parer. Fauch\u00e9 en plein \u00e9lan, alors qu\u2019il venait de trouver les bons r\u00e9glages sur sa KTM RC250R, Da Costa repart au moment o\u00f9 la Rookies Cup s\u2019ach\u00e8ve.<\/p>\n<p>Il lui restera ensuite trois courses en European Talent Cup (Misano, Barcelone et Valence) pour d\u00e9montrer qu\u2019il peut encore aller vite et qu\u2019il m\u00e9rite de conserver un guidon parmi les futurs champions de Moto GP.<\/p>\n","protected":false},"excerpt":{"rendered":"Le Rhodanien David Da Costa, grand espoir de la vitesse, reprend la comp\u00e9tition ce week-end \u00e0 Misano (Saint-Marin)&hellip;\n","protected":false},"author":2,"featured_media":387117,"comment_status":"","ping_status":"","sticky":false,"template":"","format":"standard","meta":{"footnotes":""},"categories":[1413],"tags":[1976,2757,107,1011,27,2428,2756,1457,1456,2429,517,60],"class_list":{"0":"post-387116","1":"post","2":"type-post","3":"status-publish","4":"format-standard","5":"has-post-thumbnail","7":"category-moto","8":"tag-auto-moto","9":"tag-edition-lyon-villeurbanne","10":"tag-fil-info","11":"tag-fr","12":"tag-france","13":"tag-lyon","14":"tag-lyon-bassin","15":"tag-moto","16":"tag-motocycle","17":"tag-rhone","18":"tag-sport","19":"tag-sports"},"share_on_mastodon":{"url":"https:\/\/pubeurope.com\/@fr\/115195431216316667","error":""},"_links":{"self":[{"href":"https:\/\/www.europesays.com\/fr\/wp-json\/wp\/v2\/posts\/387116","targetHints":{"allow":["GET"]}}],"collection":[{"href":"https:\/\/www.europesays.com\/fr\/wp-json\/wp\/v2\/posts"}],"about":[{"href":"https:\/\/www.europesays.com\/fr\/wp-json\/wp\/v2\/types\/post"}],"author":[{"embeddable":true,"href":"https:\/\/www.europesays.com\/fr\/wp-json\/wp\/v2\/users\/2"}],"replies":[{"embeddable":true,"href":"https:\/\/www.europesays.com\/fr\/wp-json\/wp\/v2\/comments?post=387116"}],"version-history":[{"count":0,"href":"https:\/\/www.europesays.com\/fr\/wp-json\/wp\/v2\/posts\/387116\/revisions"}],"wp:featuredmedia":[{"embeddable":true,"href":"https:\/\/www.europesays.com\/fr\/wp-json\/wp\/v2\/media\/387117"}],"wp:attachment":[{"href":"https:\/\/www.europesays.com\/fr\/wp-json\/wp\/v2\/media?parent=387116"}],"wp:term":[{"taxonomy":"category","embeddable":true,"href":"https:\/\/www.europesays.com\/fr\/wp-json\/wp\/v2\/categories?post=387116"},{"taxonomy":"post_tag","embeddable":true,"href":"https:\/\/www.europesays.com\/fr\/wp-json\/wp\/v2\/tags?post=387116"}],"curies":[{"name":"wp","href":"https:\/\/api.w.org\/{rel}","templated":true}]}}