{"id":387126,"date":"2025-09-13T05:56:18","date_gmt":"2025-09-13T05:56:18","guid":{"rendered":"https:\/\/www.europesays.com\/fr\/387126\/"},"modified":"2025-09-13T05:56:18","modified_gmt":"2025-09-13T05:56:18","slug":"art-picasso-cezanne-monet-314-oeuvres-quittent-aix-en-provence-pour-un-musee-suisse","status":"publish","type":"post","link":"https:\/\/www.europesays.com\/fr\/387126\/","title":{"rendered":"Art. Picasso, C\u00e9zanne, Monet&#8230; 314 \u0153uvres quittent Aix-en-Provence pour un mus\u00e9e suisse"},"content":{"rendered":"<p>\u00c0 Vevey, le L\u00e9man ressemble moins \u00e0 la mer qu\u2019en d\u2019autres cit\u00e9s vaudoises, et les Alpes prennent de l\u2019ampleur. On est loin du calcaire blanc de la Sainte-Victoire, mais apr\u00e8s 15 ans \u00e0 Aix-en-Provence, la collection Jean et Suzanne Planque trouvera dans la tr\u00e8s jolie cit\u00e9 de la Riviera un \u00e9crin \u00e0 son image. C\u2019est-\u00e0-dire humble et exceptionnel \u00e0 la fois. Ce vendredi, <a href=\"https:\/\/museejenisch.ch\/\" target=\"_blank\" rel=\"noopener\">le Mus\u00e9e Jenisch<\/a> a annonc\u00e9 le rapatriement de 314 \u0153uvres  de C\u00e9zanne, Van Gogh, Monet, Picasso, De Sta\u00ebl, Klee ou Dubuffet, pour ne citer que quelques-uns des grands ma\u00eetres qui s\u2019avancent en&#8230;<\/p>\n","protected":false},"excerpt":{"rendered":"\u00c0 Vevey, le L\u00e9man ressemble moins \u00e0 la mer qu\u2019en d\u2019autres cit\u00e9s vaudoises, et les Alpes prennent de&hellip;\n","protected":false},"author":2,"featured_media":387127,"comment_status":"","ping_status":"","sticky":false,"template":"","format":"standard","meta":{"footnotes":""},"categories":[1358],"tags":[4634,4636,1348,1384,1385,1687,1386,58,4637,59,2271,107,1011,27,10382,4638,2661,4604,273],"class_list":{"0":"post-387126","1":"post","2":"type-post","3":"status-publish","4":"format-standard","5":"has-post-thumbnail","7":"category-arts-et-design","8":"tag-annemasse","9":"tag-annemasse-bassin","10":"tag-arts","11":"tag-arts-and-design","12":"tag-arts-et-design","13":"tag-culture-loisirs","14":"tag-design","15":"tag-divertissement","16":"tag-edition-grand-geneve-chablais-ain","17":"tag-entertainment","18":"tag-exposition-arts-plastiques","19":"tag-fil-info","20":"tag-fr","21":"tag-france","22":"tag-frontaliers","23":"tag-haute-savoie","24":"tag-patrimoine-culturel","25":"tag-selection-abonne","26":"tag-selection-de-la-redaction"},"share_on_mastodon":{"url":"https:\/\/pubeurope.com\/@fr\/115195450725472165","error":""},"_links":{"self":[{"href":"https:\/\/www.europesays.com\/fr\/wp-json\/wp\/v2\/posts\/387126","targetHints":{"allow":["GET"]}}],"collection":[{"href":"https:\/\/www.europesays.com\/fr\/wp-json\/wp\/v2\/posts"}],"about":[{"href":"https:\/\/www.europesays.com\/fr\/wp-json\/wp\/v2\/types\/post"}],"author":[{"embeddable":true,"href":"https:\/\/www.europesays.com\/fr\/wp-json\/wp\/v2\/users\/2"}],"replies":[{"embeddable":true,"href":"https:\/\/www.europesays.com\/fr\/wp-json\/wp\/v2\/comments?post=387126"}],"version-history":[{"count":0,"href":"https:\/\/www.europesays.com\/fr\/wp-json\/wp\/v2\/posts\/387126\/revisions"}],"wp:featuredmedia":[{"embeddable":true,"href":"https:\/\/www.europesays.com\/fr\/wp-json\/wp\/v2\/media\/387127"}],"wp:attachment":[{"href":"https:\/\/www.europesays.com\/fr\/wp-json\/wp\/v2\/media?parent=387126"}],"wp:term":[{"taxonomy":"category","embeddable":true,"href":"https:\/\/www.europesays.com\/fr\/wp-json\/wp\/v2\/categories?post=387126"},{"taxonomy":"post_tag","embeddable":true,"href":"https:\/\/www.europesays.com\/fr\/wp-json\/wp\/v2\/tags?post=387126"}],"curies":[{"name":"wp","href":"https:\/\/api.w.org\/{rel}","templated":true}]}}