{"id":387132,"date":"2025-09-13T05:59:25","date_gmt":"2025-09-13T05:59:25","guid":{"rendered":"https:\/\/www.europesays.com\/fr\/387132\/"},"modified":"2025-09-13T05:59:25","modified_gmt":"2025-09-13T05:59:25","slug":"lara-fabian-35-ans-de-carriere-et-une-nouvelle-tournee","status":"publish","type":"post","link":"https:\/\/www.europesays.com\/fr\/387132\/","title":{"rendered":"Lara Fabian, 35 ans de carri\u00e8re et une nouvelle tourn\u00e9e"},"content":{"rendered":"<p>            lire plus tard<\/p>\n<p id=\"dialog__title\" class=\"dialog__title\">Pour sauvegarder cet article, connectez-vous ou cr\u00e9ez un compte franceinfo<\/p>\n<p class=\"dialog__description\">Sans paiement. Sans abonnement.<\/p>\n<p>        Fermer la fen\u00eatre d\u2019activation des notifications France Info<\/p>\n<p>            cr\u00e9er votre compte<\/p>\n<p>            se connecter<\/p>\n<p>        Fermer la fen\u00eatre de pr\u00e9sentation<\/p>\n<p>    Publi\u00e9 le 12\/09\/2025 17:17<\/p>\n<p>      Mis \u00e0 jour le 12\/09\/2025 17:28<\/p>\n<p>        Temps de lecture : 1min &#8211; vid\u00e9o : 2min<\/p>\n<p>    <img decoding=\"async\" class=\"francetv-player-wrapper__image\" alt=\"Lara Fabian : 35 ans de carri\u00e8re et une nouvelle tourn\u00e9e\"  width=\"432\" height=\"243\" src=\"https:\/\/www.europesays.com\/fr\/wp-content\/uploads\/2025\/09\/video-6-68c43898eb33b352370616.jpg\" fetchpriority=\"high\"\/><\/p>\n<p>              Lara Fabian : 35 ans de carri\u00e8re et une nouvelle tourn\u00e9e<br \/>\n                    (France 2)<\/p>\n<p>      2min<\/p>\n<p>\n  Elle est l\u2019une des plus grandes voix francophones, c\u00e9l\u00e8bre dans le monde entier, avec plus de 25 millions d\u2019albums vendus. Lara Fabian entame d\u00e8s le 4 octobre une nouvelle grande tourn\u00e9e.\n<\/p>\n<p><strong>Ce texte correspond \u00e0 une partie de la retranscription du reportage ci-dessus. Cliquez sur la vid\u00e9o pour la regarder en int\u00e9gralit\u00e9.<\/strong><\/p>\n<p>Une voix exceptionnelle et toujours la m\u00eame puissance sur sc\u00e8ne comme en r\u00e9p\u00e9tition. Apr\u00e8s 35 ans de carri\u00e8re, <a href=\"https:\/\/www.franceinfo.fr\/replay-radio\/le-monde-d-elodie\/lara-fabian-sort-un-nouvel-album-je-suis-la-la-resilience-c-est-faire-d-un-obstacle-une-opportunite_6897644.html\" rel=\"nofollow noopener\" target=\"_blank\">Lara Fabian<\/a> a toujours la m\u00eame exigence. Pour sa nouvelle tourn\u00e9e, elle a choisi deux jeunes directeurs musicaux. \u00ab\u00a0On essaie de red\u00e9couvrir ces chansons avec un son diff\u00e9rent, nouveau, des arrangements diff\u00e9rents. Et pour nous, d&rsquo;une autre \u00e9poque, c&rsquo;est vrai qu&rsquo;on a une tout autre lecture et on les appr\u00e9cie encore plus\u00a0\u00bb, explique Yaacov Salah, directeur musical de la tourn\u00e9e.<\/p>\n<p>Et ils ne sont pas les seuls \u00e0 l&rsquo;appr\u00e9cier. Lara Fabian, c&rsquo;est plus de 25 millions d&rsquo;albums vendus, une popularit\u00e9 en France et \u00e0 l&rsquo;international. \u00ab\u00a0Elle a un coffre et une fa\u00e7on de donner le son d&rsquo;une mani\u00e8re tr\u00e8s enti\u00e8re\u00a0\u00bb, assure une passante. \u00ab\u00a0Je trouve que sa voix est exceptionnelle et que, d&rsquo;autre part, elle a une fa\u00e7on tr\u00e8s expressive de chanter\u00a0\u00bb, confie un autre.<\/p>\n","protected":false},"excerpt":{"rendered":"lire plus tard Pour sauvegarder cet article, connectez-vous ou cr\u00e9ez un compte franceinfo Sans paiement. Sans abonnement. Fermer&hellip;\n","protected":false},"author":2,"featured_media":387133,"comment_status":"","ping_status":"","sticky":false,"template":"","format":"standard","meta":{"footnotes":""},"categories":[1355],"tags":[58,59,1011,27,1361,873],"class_list":{"0":"post-387132","1":"post","2":"type-post","3":"status-publish","4":"format-standard","5":"has-post-thumbnail","7":"category-musique","8":"tag-divertissement","9":"tag-entertainment","10":"tag-fr","11":"tag-france","12":"tag-music","13":"tag-musique"},"share_on_mastodon":{"url":"https:\/\/pubeurope.com\/@fr\/115195462802481327","error":""},"_links":{"self":[{"href":"https:\/\/www.europesays.com\/fr\/wp-json\/wp\/v2\/posts\/387132","targetHints":{"allow":["GET"]}}],"collection":[{"href":"https:\/\/www.europesays.com\/fr\/wp-json\/wp\/v2\/posts"}],"about":[{"href":"https:\/\/www.europesays.com\/fr\/wp-json\/wp\/v2\/types\/post"}],"author":[{"embeddable":true,"href":"https:\/\/www.europesays.com\/fr\/wp-json\/wp\/v2\/users\/2"}],"replies":[{"embeddable":true,"href":"https:\/\/www.europesays.com\/fr\/wp-json\/wp\/v2\/comments?post=387132"}],"version-history":[{"count":0,"href":"https:\/\/www.europesays.com\/fr\/wp-json\/wp\/v2\/posts\/387132\/revisions"}],"wp:featuredmedia":[{"embeddable":true,"href":"https:\/\/www.europesays.com\/fr\/wp-json\/wp\/v2\/media\/387133"}],"wp:attachment":[{"href":"https:\/\/www.europesays.com\/fr\/wp-json\/wp\/v2\/media?parent=387132"}],"wp:term":[{"taxonomy":"category","embeddable":true,"href":"https:\/\/www.europesays.com\/fr\/wp-json\/wp\/v2\/categories?post=387132"},{"taxonomy":"post_tag","embeddable":true,"href":"https:\/\/www.europesays.com\/fr\/wp-json\/wp\/v2\/tags?post=387132"}],"curies":[{"name":"wp","href":"https:\/\/api.w.org\/{rel}","templated":true}]}}