{"id":387138,"date":"2025-09-13T06:03:11","date_gmt":"2025-09-13T06:03:11","guid":{"rendered":"https:\/\/www.europesays.com\/fr\/387138\/"},"modified":"2025-09-13T06:03:11","modified_gmt":"2025-09-13T06:03:11","slug":"jai-une-petite-bte-une-star-de-la-tele-realite-derape-totalement-et-saffiche-dans-le-plus-simple-appareil","status":"publish","type":"post","link":"https:\/\/www.europesays.com\/fr\/387138\/","title":{"rendered":"\u201cJ\u2019ai une petite b*te ?\u201d : une star de la t\u00e9l\u00e9-r\u00e9alit\u00e9 d\u00e9rape totalement et s\u2019affiche dans le plus simple appareil"},"content":{"rendered":"<p data-start=\"194\" data-end=\"500\"><a href=\"https:\/\/www.closermag.fr\/people\/illan-castronovo-accuse-d-agressions-sexuelles-deux-victimes-presumees-ont-porte-plainte-leurs-recits-sont-choquants-1469751#item=1\" target=\"_blank\" rel=\"noopener\"><br \/>\nIllan Castronovo<\/a>, habitu\u00e9 aux <strong>pol\u00e9miques<\/strong>, a<br \/>\nencore franchi une ligne rouge sur les r\u00e9seaux sociaux. D\u00e9termin\u00e9 \u00e0<br \/>\nr\u00e9pondre aux <strong>attaques<\/strong> de Greg Yega qui s\u2019\u00e9tait<br \/>\nmoqu\u00e9 de la <strong>taille de son sexe<\/strong> en plein live<br \/>\nTikTok, <a href=\"https:\/\/www.closermag.fr\/people\/keen-v-le-chanteur-s-en-prend-a-illan-castronovo-et-a-ses-placements-de-produits-douteux-1630113#item=1\" target=\"_blank\" rel=\"noopener\"><br \/>\nl\u2019ex-candidat de t\u00e9l\u00e9-r\u00e9alit\u00e9<\/a> a d\u00e9cid\u00e9 de r\u00e9gler ses comptes. Mais de<br \/>\nmani\u00e8re <strong>radicale<\/strong>.<\/p>\n<p data-start=\"502\" data-end=\"914\">Illan a diffus\u00e9 une s\u00e9quence<br \/>\ndans laquelle il d\u00e9voile enti\u00e8rement ses <strong>parties<br \/>\nintimes.<\/strong> Face cam\u00e9ra, il l\u00e2che, visiblement<br \/>\n<strong>agac\u00e9<\/strong> et s\u2019adresse \u00e0 <a href=\"https:\/\/www.closermag.fr\/people\/jai-peur-pourquoi-greg-yega-ne-sort-plus-sans-garde-du-corps-3455930\" target=\"_blank\" rel=\"noopener\"><br \/>\nGreg Yega<\/a>. \u2018\u2018Voil\u00e0, j\u2019ai<br \/>\nune <strong>petite b*te ?<\/strong> Greg, dis-moi ? On va faire un<br \/>\n<strong>sondage<\/strong> ! Vous cherchez quoi \u00e0 inventer des<br \/>\n<strong>rumeurs<\/strong> ?\u201d Une sortie qui<br \/>\n<strong>choque<\/strong> autant qu\u2019elle divise.<\/p>\n<p>Un d\u00e9rapage de plus pour le<br \/>\ncandidat de t\u00e9l\u00e9-r\u00e9alit\u00e9 Illan Castronovo : le candidat multiplie<br \/>\nles d\u00e9rapages<\/p>\n<p data-start=\"969\" data-end=\"1431\">Cette mise \u00e0 nu, loin d\u2019apaiser<br \/>\nles <strong>tensions<\/strong>, intervient alors qu\u2019Illan est d\u00e9j\u00e0<br \/>\nau c\u0153ur d\u2019un autre <strong>scandale<\/strong>. Le 10 septembre, il<br \/>\ns\u2019est retrouv\u00e9 en pleine <strong>altercation<\/strong> violente avec<br \/>\n<a href=\"https:\/\/www.closermag.fr\/people\/shanna-kress-et-jonathan-matijas-harceles-le-couple-confronte-a-une-terrible-situation-en-presence-de-leur-fils-3563307\" target=\"_blank\" rel=\"noopener\"><br \/>\nJonathan Matijas<\/a>. Le compagnon de <a href=\"https:\/\/www.closermag.fr\/tv_tele_realite\/on-parle-de-grosses-sommes-dargent-thibault-garcia-poursuivi-par-shanna-kress-3504979\" target=\"_blank\" rel=\"noopener\"><br \/>\nShanna Kress<\/a> lui aurait tendu un <strong>guet-apens<\/strong> en<br \/>\npleine rue, laissant Illan le visage en <strong>sang<\/strong> et<br \/>\n<strong>bless\u00e9<\/strong> au poignet. Sur les r\u00e9seaux, le candidat de<br \/>\nt\u00e9l\u00e9-r\u00e9alit\u00e9 a d\u00e9taill\u00e9 la sc\u00e8ne et exhib\u00e9 ses plaies. Il a accus\u00e9<br \/>\nJonathan de l\u2019avoir attaqu\u00e9 \u2018\u2018<strong>en tra\u00eetre<\/strong>.\u201d<\/p>\n<p data-start=\"1433\" data-end=\"1776\">Jonathan Matijas a <strong>ni\u00e9<br \/>\ncette version des faits et<\/strong> publi\u00e9 des clich\u00e9s affirmant<br \/>\nqu\u2019il avait simplement <strong>interpell\u00e9 Illan.<\/strong> Une<br \/>\nnouvelle <strong>querelle<\/strong> qui s\u2019ajoute \u00e0 une longue liste<br \/>\nde pol\u00e9miques entre les deux hommes.<\/p>\n<p>Entre<br \/>\ncage de combat et guerre m\u00e9diatique : jusqu\u2019o\u00f9 vont-ils aller<br \/>\n?<\/p>\n<p data-start=\"1831\" data-end=\"2222\">L\u2019affaire ne s\u2019arr\u00eate pas l\u00e0.<br \/>\nIllan Castronovo pr\u00e9pare sa participation \u00e0 un <strong>combat de<br \/>\nMMA<\/strong> pr\u00e9vu le 4 octobre face \u00e0 d\u2019autres personnalit\u00e9s de la<br \/>\nt\u00e9l\u00e9-r\u00e9alit\u00e9 comme <strong>SebyDaddy, Samos, Ricardo ou encore<br \/>\nVirgil.<\/strong> Si Jonathan Matijas a <strong>refus\u00e9<br \/>\nd\u2019int\u00e9grer<\/strong> la carte officielle de l\u2019\u00e9v\u00e9nement, Illan ne<br \/>\ncache pas qu\u2019il aurait aim\u00e9 r\u00e9gler ses comptes avec lui<br \/>\n<strong>dans l\u2019octogone plut\u00f4t que dans la rue.\u00a0<\/strong><\/p>\n<p data-start=\"2224\" data-end=\"2593\">Mais au vu des r\u00e9cents<br \/>\n<strong>d\u00e9rapages et provocations,<\/strong> ce retour sur le devant<br \/>\nde la sc\u00e8ne m\u00e9diatique ressemble davantage \u00e0 une <strong>escalade<br \/>\nincontr\u00f4lable<\/strong> qu\u2019\u00e0 une renaissance sportive. Entre<br \/>\n<strong>exhibition choquante, bagarre sanglante et clashs<br \/>\nincessants,<\/strong> Illan Castronovo continue d\u2019alimenter une<br \/>\nimage sulfureuse qui fait autant parler d\u2019elle qu\u2019elle inqui\u00e8te ses<br \/>\nd\u00e9tracteurs. Jusqu\u2019o\u00f9 va-t-il aller ?<\/p>\n","protected":false},"excerpt":{"rendered":"Illan Castronovo, habitu\u00e9 aux pol\u00e9miques, a encore franchi une ligne rouge sur les r\u00e9seaux sociaux. D\u00e9termin\u00e9 \u00e0 r\u00e9pondre&hellip;\n","protected":false},"author":2,"featured_media":387139,"comment_status":"","ping_status":"","sticky":false,"template":"","format":"standard","meta":{"footnotes":""},"categories":[8],"tags":[548,58,59,1011,27,682],"class_list":{"0":"post-387138","1":"post","2":"type-post","3":"status-publish","4":"format-standard","5":"has-post-thumbnail","7":"category-divertissement","8":"tag-article-simple","9":"tag-divertissement","10":"tag-entertainment","11":"tag-fr","12":"tag-france","13":"tag-tele-realite"},"share_on_mastodon":{"url":"https:\/\/pubeurope.com\/@fr\/115195478325552858","error":""},"_links":{"self":[{"href":"https:\/\/www.europesays.com\/fr\/wp-json\/wp\/v2\/posts\/387138","targetHints":{"allow":["GET"]}}],"collection":[{"href":"https:\/\/www.europesays.com\/fr\/wp-json\/wp\/v2\/posts"}],"about":[{"href":"https:\/\/www.europesays.com\/fr\/wp-json\/wp\/v2\/types\/post"}],"author":[{"embeddable":true,"href":"https:\/\/www.europesays.com\/fr\/wp-json\/wp\/v2\/users\/2"}],"replies":[{"embeddable":true,"href":"https:\/\/www.europesays.com\/fr\/wp-json\/wp\/v2\/comments?post=387138"}],"version-history":[{"count":0,"href":"https:\/\/www.europesays.com\/fr\/wp-json\/wp\/v2\/posts\/387138\/revisions"}],"wp:featuredmedia":[{"embeddable":true,"href":"https:\/\/www.europesays.com\/fr\/wp-json\/wp\/v2\/media\/387139"}],"wp:attachment":[{"href":"https:\/\/www.europesays.com\/fr\/wp-json\/wp\/v2\/media?parent=387138"}],"wp:term":[{"taxonomy":"category","embeddable":true,"href":"https:\/\/www.europesays.com\/fr\/wp-json\/wp\/v2\/categories?post=387138"},{"taxonomy":"post_tag","embeddable":true,"href":"https:\/\/www.europesays.com\/fr\/wp-json\/wp\/v2\/tags?post=387138"}],"curies":[{"name":"wp","href":"https:\/\/api.w.org\/{rel}","templated":true}]}}