{"id":387144,"date":"2025-09-13T06:06:13","date_gmt":"2025-09-13T06:06:13","guid":{"rendered":"https:\/\/www.europesays.com\/fr\/387144\/"},"modified":"2025-09-13T06:06:13","modified_gmt":"2025-09-13T06:06:13","slug":"a-londres-un-rassemblement-pour-la-liberte-dexpression-porte-par-une-figure-de-lextreme-droite-actualites","status":"publish","type":"post","link":"https:\/\/www.europesays.com\/fr\/387144\/","title":{"rendered":"A Londres, un rassemblement pour la libert\u00e9 d&rsquo;expression port\u00e9 par une figure de l&rsquo;extr\u00eame droite : Actualit\u00e9s"},"content":{"rendered":"<p class=\"lead \">Des dizaines de milliers de personnes sont attendues samedi \u00e0 Londres \u00e0 l&rsquo;appel de Tommy Robinson, figure de l&rsquo;extr\u00eame droite britannique, pour ce qu&rsquo;il pr\u00e9sente comme un rassemblement \u00ab\u00a0pour la libert\u00e9 d&rsquo;expression\u00a0\u00bb, sujet qui agite le d\u00e9bat public au Royaume-Uni.<\/p>\n<p class=\"lead \">Ce rendez-vous intervient apr\u00e8s un \u00e9t\u00e9 marqu\u00e9 par des manifestations anti-immigration devant des h\u00f4tels h\u00e9bergeant des demandeurs d&rsquo;asile, largement relay\u00e9es sur les r\u00e9seaux sociaux par l&rsquo;activiste.<\/p>\n<p class=\"lead \">Une contre-manifestation \u00e0 l&rsquo;initiative d&rsquo;une organisation antiraciste, Stand Up To Racism UK, doit se d\u00e9rouler samedi au m\u00eame moment \u00e0 la mi-journ\u00e9e, dans le centre de la capitale britannique. <\/p>\n<p class=\"lead \">La police de Londres a indiqu\u00e9 qu&rsquo;elle mobiliserait quelque 1.000 agents pour garantir que \u00ab\u00a0les deux manifestations se d\u00e9roulent pacifiquement\u00a0\u00bb.<\/p>\n<p class=\"lead \">Tommy Robinson, 42 ans, de son vrai nom Stephen Yaxley-Lennon, est le fondateur de l&rsquo;ex-groupuscule English Defence League (Ligue de d\u00e9fense anglaise), issu de la mouvance hooligan.<\/p>\n<p class=\"lead \">\u00ab\u00a0Marchez pour votre pays, marchez pour la libert\u00e9, marchez pour vos enfants et marchez pour Charlie Kirk\u00a0\u00bb, a-t-il d\u00e9clar\u00e9 jeudi sur X, en r\u00e9f\u00e9rence \u00e0 l&rsquo;influenceur conservateur am\u00e9ricain Charlie Kirk, porte-drapeau de la jeunesse trumpiste, tu\u00e9 mercredi par balles aux \u00c9tats-Unis.<\/p>\n<p class=\"lead \">Connu pour ses positions anti-immigration et anti-islam, Tommy Robinson a \u00e9t\u00e9 condamn\u00e9 \u00e0 plusieurs reprises, notamment pour troubles \u00e0 l&rsquo;ordre public. Il a \u00e9t\u00e9 emprisonn\u00e9 en 2018 pour outrage au tribunal, puis en 2024 pour avoir r\u00e9p\u00e9t\u00e9 des propos diffamatoires sur un r\u00e9fugi\u00e9.<\/p>\n<p class=\"lead \">Lib\u00e9r\u00e9 en mai, il avait notamment re\u00e7u le soutien du milliardaire am\u00e9ricain Elon Musk. <\/p>\n<p class=\"lead \">Plusieurs mobilisations de ses partisans ont par le pass\u00e9 rassembl\u00e9 des milliers voire des dizaines de milliers de personnes, comme en juillet 2024 o\u00f9 ils \u00e9taient entre 20.000 et 30.000, selon des estimations de l&rsquo;organisation antiraciste Hope Not Hate.<\/p>\n<p class=\"lead \">&#8211; D\u00e9bat sur la libert\u00e9 d&rsquo;expression &#8211;<\/p>\n<p class=\"lead \">Tommy Robinson pr\u00e9sente depuis des mois ce rassemblement comme \u00ab\u00a0le plus grand jamais consacr\u00e9 \u00e0 la libert\u00e9 d&rsquo;expression\u00a0\u00bb. <\/p>\n<p class=\"lead \">Les participants sont appel\u00e9s \u00e0 se retrouver \u00e0 11H00 (10H00 GMT), avant de marcher en direction de Whitehall, c\u0153ur du pouvoir politique du pays. <\/p>\n<p class=\"lead \">Les organisateurs ont annonc\u00e9 la pr\u00e9sence de plusieurs personnalit\u00e9s de la droite et de l&rsquo;extr\u00eame droite britanniques et \u00e9trang\u00e8res, dont Steve Bannon, l&rsquo;ancien conseiller du pr\u00e9sident am\u00e9ricain Donald Trump. Le pr\u00e9sident du parti fran\u00e7ais d&rsquo;extr\u00eame droite Reconqu\u00eate, Eric Zemmour, a confirm\u00e9 sa pr\u00e9sence. <\/p>\n<p class=\"lead \">Ce sujet de la libert\u00e9 d&rsquo;expression, au c\u0153ur d&rsquo;un d\u00e9bat public au Royaume-Uni depuis plusieurs mois, a \u00e9t\u00e9 raviv\u00e9 d\u00e9but septembre lorsque des policiers arm\u00e9s ont arr\u00eat\u00e9 \u00e0 l&rsquo;a\u00e9roport londonien de Heathrow un cr\u00e9ateur de s\u00e9ries accus\u00e9 d&rsquo;avoir diffus\u00e9 des messages hostiles aux personnes transgenres.<\/p>\n<p class=\"lead \">Le d\u00e9bat est le plus souvent soulev\u00e9 par la droite et l&rsquo;extr\u00eame droite, mais il a aussi \u00e9t\u00e9 \u00e9voqu\u00e9 en lien avec les centaines d&rsquo;arrestations de manifestants exprimant leur soutien au groupe Palestine Action, qui a \u00e9t\u00e9 class\u00e9 \u00ab\u00a0organisation terroriste\u00a0\u00bb par le gouvernement.<\/p>\n<p class=\"lead \">Face au toll\u00e9, le Premier ministre Keir Starmer s&rsquo;est dit \u00ab\u00a0tr\u00e8s fier\u00a0\u00bb de la \u00ab\u00a0longue tradition de libert\u00e9 d&rsquo;expression\u00a0\u00bb dans le pays, qu&rsquo;il \u00ab\u00a0d\u00e9fendra toujours\u00a0\u00bb. <\/p>\n<p class=\"lead \">Tommy Robinson doit \u00e0 nouveau \u00eatre jug\u00e9 en octobre 2026 pour avoir refus\u00e9 de donner le code PIN de son t\u00e9l\u00e9phone portable, que la police lui r\u00e9clamait en vertu des pouvoirs \u00e9tendus dont elle dispose dans le cadre de la loi sur le terrorisme de 2020.<\/p>\n<p class=\"small font-weight-bold text-gray3 \"> publi\u00e9 le 13 septembre \u00e0 04h33, AFP<\/p>\n<p>                             Partager<\/p>\n","protected":false},"excerpt":{"rendered":"Des dizaines de milliers de personnes sont attendues samedi \u00e0 Londres \u00e0 l&rsquo;appel de Tommy Robinson, figure de&hellip;\n","protected":false},"author":2,"featured_media":387145,"comment_status":"","ping_status":"","sticky":false,"template":"","format":"standard","meta":{"footnotes":""},"categories":[5],"tags":[11,1011,27,6228,14,2088,12,3848,1072,28],"class_list":{"0":"post-387144","1":"post","2":"type-post","3":"status-publish","4":"format-standard","5":"has-post-thumbnail","7":"category-international","8":"tag-actualites","9":"tag-fr","10":"tag-france","11":"tag-gb","12":"tag-international","13":"tag-manifestation","14":"tag-news","15":"tag-partis","16":"tag-police","17":"tag-world"},"share_on_mastodon":{"url":"https:\/\/pubeurope.com\/@fr\/115195490109329168","error":""},"_links":{"self":[{"href":"https:\/\/www.europesays.com\/fr\/wp-json\/wp\/v2\/posts\/387144","targetHints":{"allow":["GET"]}}],"collection":[{"href":"https:\/\/www.europesays.com\/fr\/wp-json\/wp\/v2\/posts"}],"about":[{"href":"https:\/\/www.europesays.com\/fr\/wp-json\/wp\/v2\/types\/post"}],"author":[{"embeddable":true,"href":"https:\/\/www.europesays.com\/fr\/wp-json\/wp\/v2\/users\/2"}],"replies":[{"embeddable":true,"href":"https:\/\/www.europesays.com\/fr\/wp-json\/wp\/v2\/comments?post=387144"}],"version-history":[{"count":0,"href":"https:\/\/www.europesays.com\/fr\/wp-json\/wp\/v2\/posts\/387144\/revisions"}],"wp:featuredmedia":[{"embeddable":true,"href":"https:\/\/www.europesays.com\/fr\/wp-json\/wp\/v2\/media\/387145"}],"wp:attachment":[{"href":"https:\/\/www.europesays.com\/fr\/wp-json\/wp\/v2\/media?parent=387144"}],"wp:term":[{"taxonomy":"category","embeddable":true,"href":"https:\/\/www.europesays.com\/fr\/wp-json\/wp\/v2\/categories?post=387144"},{"taxonomy":"post_tag","embeddable":true,"href":"https:\/\/www.europesays.com\/fr\/wp-json\/wp\/v2\/tags?post=387144"}],"curies":[{"name":"wp","href":"https:\/\/api.w.org\/{rel}","templated":true}]}}