{"id":387146,"date":"2025-09-13T06:07:13","date_gmt":"2025-09-13T06:07:13","guid":{"rendered":"https:\/\/www.europesays.com\/fr\/387146\/"},"modified":"2025-09-13T06:07:13","modified_gmt":"2025-09-13T06:07:13","slug":"la-ministre-du-travail-demissionnaire-astrid-panosyan-bouvet-visee-par-une-plainte-se-justifie","status":"publish","type":"post","link":"https:\/\/www.europesays.com\/fr\/387146\/","title":{"rendered":"La ministre du Travail d\u00e9missionnaire, Astrid Panosyan-Bouvet, vis\u00e9e par une plainte, se justifie"},"content":{"rendered":"<p>        <img decoding=\"async\" loading=\"lazy\" src=\"https:\/\/www.europesays.com\/fr\/wp-content\/uploads\/2025\/09\/15469ee_upload-1-xzqzvrn3dsix-afp-20250903-739n3fa-v1-highres-francepoliticsgovernmentcabinet.jpg\"  width=\"728\" height=\"409\" alt=\"La ministre du Travail, Astrid Panosyan-Bouvet, quittant le conseil des ministres hebdomadaire \u00e0 l\u2019\u00c9lys\u00e9e, \u00e0 Paris, le 3\u00a0septembre 2025.\"\/>  <\/p>\n<p>LUDOVIC MARIN \/ AFP<\/p>\n<p>La ministre du Travail, Astrid Panosyan-Bouvet, quittant le conseil des ministres hebdomadaire \u00e0 l\u2019\u00c9lys\u00e9e, \u00e0 Paris, le 3\u00a0septembre 2025.<\/p>\n<p class=\"asset asset-text\">POLITIQUE &#8211; La ministre du Travail d\u00e9missionnaire contrainte de s\u2019expliquer. L\u2019association AC !! Anticorruption a annonc\u00e9 ce vendredi 12\u00a0septembre \u00e0 l\u2019AFP avoir d\u00e9pos\u00e9 plainte contre <a href=\"https:\/\/www.huffingtonpost.fr\/politique\/article\/fin-de-vie-la-ministre-panosyan-bouvet-reclame-un-referendum-et-alimente-la-cacophonie-gouvernementale_246671.html\" target=\"_blank\" rel=\"noopener\">Astrid Panosyan-Bouvet<\/a> \u00e0 propos d\u2019un redressement fiscal \u00e9vit\u00e9 \u00e0 une entreprise. L\u2019\u00e9lue d\u00e9fend pour sa part un \u00ab\u00a0acte de gestion\u00a0\u00bb justifi\u00e9.<\/p>\n<p class=\"asset asset-text\">Le cabinet d\u2019Astrid Panosyan-Bouvet a justifi\u00e9 son action, soulignant qu\u2019il s\u2019agissait d\u2019un \u00ab\u00a0acte de gestion\u00a0\u00bb par lequel \u00ab\u00a0un ministre prend la responsabilit\u00e9 de combler un vide juridique ou d\u2019une interpr\u00e9tation de la loi\u00a0\u00bb. La ministre souligne qu\u2019elle n\u2019a \u00ab\u00a0aucun lien ni de pr\u00e8s ni de loin avec cette entreprise et son repreneur\u00a0\u00bb.<\/p>\n<p class=\"asset asset-text\">La plainte contre X, dont l\u2019AFP a eu copie, d\u00e9nonce plusieurs infractions possibles comme la prise ill\u00e9gale d\u2019int\u00e9r\u00eats, le d\u00e9tournement de fonds publics ou la concussion, mais aussi l\u2019abus d\u2019autorit\u00e9, l\u2019abus de biens sociaux ou la pr\u00e9sentation inexacte des comptes annuels.<\/p>\n<p class=\"asset asset-text\">Le document cible notamment un redressement fiscal que la ministre du Travail Astrid Panosyan-Bouvet aurait \u00e9vit\u00e9 \u00e0 la soci\u00e9t\u00e9 Setforge, et ce possiblement contre l\u2019avis de la justice, <a href=\"https:\/\/www.mediapart.fr\/journal\/france\/010925\/la-ministre-du-travail-efface-l-ardoise-d-une-entreprise-au-prejudice-de-la-securite-sociale\" target=\"_blank\" rel=\"noopener\" title=\"Nouvelle fen\u00eatre\">comme l\u2019avait \u00e9crit Mediapart d\u00e9but septembre<\/a>.<\/p>\n<p class=\"asset asset-text\">D\u2019apr\u00e8s la plainte, l\u2019Urssaf a engag\u00e9 contre Setforge \u00ab\u00a0un redressement significatif portant sur plusieurs exercices de cotisations sociales impay\u00e9es. Ce redressement avait \u00e9t\u00e9 notifi\u00e9, accept\u00e9 par les services comp\u00e9tents et \u00e9tait en voie de recouvrement.\u00a0\u00bb<\/p>\n<p class=\"asset asset-text\">Mediapart soulignait que la d\u00e9cision aurait en outre fait l\u2019objet d\u2019une d\u00e9cision de justice d\u00e9favorable \u00e0 Setforge.<\/p>\n<p>    Taux major\u00e9    <\/p>\n<p class=\"asset asset-text\">\u00ab\u00a0Or, contre toute attente\u00a0\u00bb, accuse AC !! Anti-corruption, \u00ab\u00a0la ministre du Travail est intervenue personnellement pour faire annuler purement et simplement ce redressement.\u00a0\u00bb \u00ab\u00a0Cette d\u00e9cision, prise sans base l\u00e9gale identifiable et contre l\u2019avis des organismes charg\u00e9s du recouvrement, a eu pour cons\u00e9quence directe de soustraire \u00e0 la S\u00e9curit\u00e9 sociale des sommes qui lui \u00e9taient dues et de faire b\u00e9n\u00e9ficier Setforge d\u2019un effacement de dette sociale injustifi\u00e9\u00a0\u00bb, d\u00e9nonce encore l\u2019association.<\/p>\n<p class=\"asset asset-text\">Le minist\u00e8re a renvoy\u00e9 ce vendredi \u00e0 sa r\u00e9ponse \u00e0 l\u2019article de Mediapart. Astrid Panosyan-Bouvet y explique que sa d\u00e9cision \u00ab\u00a0fait suite \u00e0 une instruction de plusieurs mois et des v\u00e9rifications fines de la situation de l\u2019entreprise par les services de l\u2019\u00c9tat\u00a0\u00bb. Elle rappelle avoir \u00e9t\u00e9 saisie par plusieurs responsables dont des repr\u00e9sentants syndicaux, des \u00e9lus ou le pr\u00e9fet.<\/p>\n<p class=\"asset asset-text\">L\u2019entreprise aurait d\u00fb voir ses cotisations sociales major\u00e9es apr\u00e8s que des salari\u00e9s ont obtenu la reconnaissance qu\u2019ils avaient \u00e9t\u00e9 expos\u00e9s \u00e0 l\u2019amiante, souligne-t-elle.<\/p>\n<p class=\"asset asset-text\">Elle explique avoir d\u00e9cid\u00e9 de ne pas appliquer ce taux major\u00e9, car l\u2019entreprise n\u2019utilisait plus l\u2019amiante depuis au moins 2021, qu\u2019elle avait \u00e9t\u00e9 rachet\u00e9e par son nouveau propri\u00e9taire, Setforge, en 2021, et qu\u2019une augmentation de cotisation mena\u00e7ait \u00ab\u00a0la viabilit\u00e9 de l\u2019entreprise\u00a0\u00bb et sa centaine d\u2019emplois.<\/p>\n<p class=\"asset asset-text\">La plainte vise par ailleurs la \u00ab\u00a0disproportion manifeste\u00a0\u00bb entre l\u2019\u00ab\u00a0activit\u00e9 r\u00e9elle\u00a0\u00bb de Setforge \u00ab\u00a0et les masses financi\u00e8res qu\u2019elle manipule\u00a0\u00bb.<\/p>\n<p class=\"asset asset-text\">Pour AC!! Anti-corruption, cette \u00ab\u00a0soci\u00e9t\u00e9 structurellement d\u00e9ficitaire et financi\u00e8rement artificialis\u00e9e a d\u00e9tourn\u00e9 ou employ\u00e9 de fa\u00e7on suspecte des financements publics et priv\u00e9s\u00a0\u00bb. \u00ab\u00a0Quand nous voyons la situation de la France et surtout la situation de la S\u00e9curit\u00e9 sociale, nous ne pouvons comprendre la d\u00e9cision d\u2019une ministre, \u00e0 contre-courant d\u2019une d\u00e9cision de justice. Nous esp\u00e9rons qu\u2019une enqu\u00eate permettra de nous dire pourquoi une telle d\u00e9cision\u00a0\u00bb a r\u00e9agi aupr\u00e8s de l\u2019AFP Marcel Claude, pr\u00e9sident d\u2019AC !! Anti-corruption.<\/p>\n","protected":false},"excerpt":{"rendered":"LUDOVIC MARIN \/ AFP La ministre du Travail, Astrid Panosyan-Bouvet, quittant le conseil des ministres hebdomadaire \u00e0 l\u2019\u00c9lys\u00e9e,&hellip;\n","protected":false},"author":2,"featured_media":387147,"comment_status":"","ping_status":"","sticky":false,"template":"","format":"standard","meta":{"footnotes":""},"categories":[4],"tags":[11,257,1011,27,32208,12,316,1024,25,3847],"class_list":{"0":"post-387146","1":"post","2":"type-post","3":"status-publish","4":"format-standard","5":"has-post-thumbnail","7":"category-france","8":"tag-actualites","9":"tag-entreprise","10":"tag-fr","11":"tag-france","12":"tag-ministre-du-travail","13":"tag-news","14":"tag-politique","15":"tag-redressement-fiscal","16":"tag-republique-francaise","17":"tag-travail"},"share_on_mastodon":{"url":"https:\/\/pubeurope.com\/@fr\/115195494082152154","error":""},"_links":{"self":[{"href":"https:\/\/www.europesays.com\/fr\/wp-json\/wp\/v2\/posts\/387146","targetHints":{"allow":["GET"]}}],"collection":[{"href":"https:\/\/www.europesays.com\/fr\/wp-json\/wp\/v2\/posts"}],"about":[{"href":"https:\/\/www.europesays.com\/fr\/wp-json\/wp\/v2\/types\/post"}],"author":[{"embeddable":true,"href":"https:\/\/www.europesays.com\/fr\/wp-json\/wp\/v2\/users\/2"}],"replies":[{"embeddable":true,"href":"https:\/\/www.europesays.com\/fr\/wp-json\/wp\/v2\/comments?post=387146"}],"version-history":[{"count":0,"href":"https:\/\/www.europesays.com\/fr\/wp-json\/wp\/v2\/posts\/387146\/revisions"}],"wp:featuredmedia":[{"embeddable":true,"href":"https:\/\/www.europesays.com\/fr\/wp-json\/wp\/v2\/media\/387147"}],"wp:attachment":[{"href":"https:\/\/www.europesays.com\/fr\/wp-json\/wp\/v2\/media?parent=387146"}],"wp:term":[{"taxonomy":"category","embeddable":true,"href":"https:\/\/www.europesays.com\/fr\/wp-json\/wp\/v2\/categories?post=387146"},{"taxonomy":"post_tag","embeddable":true,"href":"https:\/\/www.europesays.com\/fr\/wp-json\/wp\/v2\/tags?post=387146"}],"curies":[{"name":"wp","href":"https:\/\/api.w.org\/{rel}","templated":true}]}}