{"id":387148,"date":"2025-09-13T06:08:13","date_gmt":"2025-09-13T06:08:13","guid":{"rendered":"https:\/\/www.europesays.com\/fr\/387148\/"},"modified":"2025-09-13T06:08:13","modified_gmt":"2025-09-13T06:08:13","slug":"maprimerenov-de-retour-fin-2025-laide-qui-pourrait-vraiment-soulager-votre-budget-des-septembre","status":"publish","type":"post","link":"https:\/\/www.europesays.com\/fr\/387148\/","title":{"rendered":"MaPrimeR\u00e9nov\u2019 de retour fin 2025 : l\u2019aide qui pourrait vraiment soulager votre budget d\u00e8s septembre"},"content":{"rendered":"<p>L&rsquo;\u00e9t\u00e9 touche \u00e0 sa fin, et avec la rentr\u00e9e, de nombreux m\u00e9nages fran\u00e7ais se pr\u00e9parent \u00e0 jongler avec de nouvelles hausses, en particulier sur la TVA et l&rsquo;\u00e9nergie. Pourtant, parmi les feuilles mortes de septembre, une bonne nouvelle s&rsquo;appr\u00eate \u00e0 pousser et \u00e0 redonner un peu de couleur au portefeuille : <strong>MaPrimeR\u00e9nov&rsquo; fait son grand retour<\/strong>. Apr\u00e8s plusieurs semaines d&rsquo;attente, son nouveau guichet promet de raviver l&rsquo;espoir d&rsquo;un budget domestique enfin all\u00e9g\u00e9, tout en incitant \u00e0 am\u00e9liorer son logement. Quels sont les nouveaux contours de cette aide phare, et surtout, comment les Fran\u00e7ais peuvent-ils en profiter au mieux au moment o\u00f9 chaque euro compte ? Le point sur une rentr\u00e9e sous le signe de la r\u00e9novation\u2026 et du pouvoir d&rsquo;achat malin.<\/p>\n<p>MaPrimeR\u00e9nov&rsquo; revient en force : une bouff\u00e9e d&rsquo;oxyg\u00e8ne pour votre portefeuille d\u00e8s septembre<\/p>\n<p>La suspension du dispositif au d\u00e9but de l&rsquo;\u00e9t\u00e9 avait sem\u00e9 l&rsquo;inqui\u00e9tude chez bien des propri\u00e9taires. D\u00e9sormais, la bonne nouvelle est tomb\u00e9e : <strong>le guichet MaPrimeR\u00e9nov&rsquo; rouvre officiellement ses portes le 30 septembre<\/strong>. En cette p\u00e9riode o\u00f9 la TVA sur l&rsquo;\u00e9nergie et quelques produits essentiels s&rsquo;envolent, la r\u00e9ouverture de l&rsquo;aide tombe \u00e0 pic, offrant une opportunit\u00e9 rare de compenser la hausse des factures !<\/p>\n<p> Pourquoi le retour de MaPrimeR\u00e9nov&rsquo; tombe \u00e0 pic face \u00e0 la hausse de la TVA sur l&rsquo;\u00e9nergie<\/p>\n<p>Alors que l&rsquo;inflation continue de bousculer le panier de la m\u00e9nag\u00e8re, la r\u00e9cente augmentation de la TVA sur l&rsquo;\u00e9lectricit\u00e9 et le gaz vient grignoter le budget des foyers. Dans ce contexte tendu, b\u00e9n\u00e9ficier d&rsquo;une subvention pour des travaux d&rsquo;\u00e9conomie d&rsquo;\u00e9nergie rel\u00e8ve presque du miracle. <strong>La r\u00e9novation \u00e9nerg\u00e9tique redevient non seulement un enjeu \u00e9cologique, mais surtout une arme de d\u00e9fense massive contre les d\u00e9penses en hausse<\/strong>. MaPrimeR\u00e9nov&rsquo; peut donc permettre \u00e0 ceux qui y acc\u00e8dent de soulager leurs mensualit\u00e9s \u00e9nerg\u00e9tiques, une \u00e9quation gagnante pour le pouvoir d&rsquo;achat !<\/p>\n<p> Les changements cl\u00e9s attendus pour cette nouvelle phase de l&rsquo;aide<\/p>\n<p>Pour cette rentr\u00e9e 2025, la formule \u00e9volue : priorit\u00e9 aux Fran\u00e7ais les plus vuln\u00e9rables face \u00e0 la pr\u00e9carit\u00e9 \u00e9nerg\u00e9tique. En effet, <strong>13 000 dossiers seulement seront accept\u00e9s jusqu&rsquo;\u00e0 la fin de l&rsquo;ann\u00e9e<\/strong>, avec une attention particuli\u00e8re pour les propri\u00e9taires tr\u00e8s modestes. Grosse nouveaut\u00e9 \u00e0 retenir : seuls les logements \u00e9tiquet\u00e9s E, F ou G au DPE sont d\u00e9sormais \u00e9ligibles \u00e0 la \u00ab R\u00e9novation d&rsquo;ampleur \u00bb, ciblant ainsi sp\u00e9cifiquement les passoires thermiques. Ajoutons que <strong>les plafonds de travaux pris en charge sont revus \u00e0 la baisse : 30 000 \u20ac ou 40 000 \u20ac maximum selon la performance obtenue<\/strong>, bien loin des 70 000 \u20ac d&rsquo;antan. Enfin, le bonus de sortie de passoire de 10 % dispara\u00eet, n\u00e9cessitant donc une planification plus rigoureuse et une r\u00e9flexion approfondie sur les travaux \u00e0 privil\u00e9gier.<\/p>\n<p> Qui pourra vraiment b\u00e9n\u00e9ficier de ce coup de pouce \u00e0 la r\u00e9novation \u00e9nerg\u00e9tique ?<\/p>\n<p><strong>La r\u00e9ouverture vise en priorit\u00e9 les foyers tr\u00e8s modestes, puis modestes<\/strong>, selon la rapidit\u00e9 de d\u00e9p\u00f4t des dossiers par territoire. Concr\u00e8tement, cela signifie que la course aux premi\u00e8res places est lanc\u00e9e d\u00e8s l&rsquo;ouverture du guichet. Les biens concern\u00e9s sont ceux qui affichent une mauvaise note \u00e9nerg\u00e9tique ; autrement dit, ceux pour qui isoler maintenant ou payer toujours plus cher ensuite devient le dilemme quotidien dans la gestion du budget familial.<\/p>\n<tr>\nCat\u00e9gorie de b\u00e9n\u00e9ficiaires<br \/>\nSituation du logement<br \/>\nMontant maximal subventionnable<br \/>\n<\/tr>\n<tr>\n<td>Tr\u00e8s modestes<\/td>\n<td>DPE E, F ou G<\/td>\n<td>Jusqu&rsquo;\u00e0 40 000 \u20ac<\/td>\n<\/tr>\n<tr>\n<td>Modestes<\/td>\n<td>DPE E, F ou G<\/td>\n<td>Jusqu&rsquo;\u00e0 30 000 \u20ac<\/td>\n<\/tr>\n<p>Profiter \u00e0 fond de MaPrimeR\u00e9nov&rsquo; : \u00e9tapes et astuces pour maximiser vos gains<\/p>\n<p>Comprendre ce qui change, c&rsquo;est bien. <strong>Passer \u00e0 l&rsquo;acte au bon moment, c&rsquo;est encore mieux !<\/strong> Pour \u00e9viter que les d\u00e9marches ne se transforment en parcours du combattant, mieux vaut s&rsquo;y pr\u00e9parer d\u00e8s maintenant avec m\u00e9thode et anticipation.<\/p>\n<p> Les d\u00e9marches simplifi\u00e9es pour enclencher vos travaux d\u00e8s la rentr\u00e9e<\/p>\n<p>La proc\u00e9dure a \u00e9t\u00e9 pens\u00e9e pour \u00eatre efficace : tout se passe en ligne sur la plateforme d\u00e9di\u00e9e. Les dossiers peuvent \u00eatre d\u00e9pos\u00e9s d\u00e8s le 30 septembre midi. Les documents n\u00e9cessaires ? Un diagnostic de performance \u00e9nerg\u00e9tique r\u00e9cent, des devis \u00e9tablis par des professionnels agr\u00e9\u00e9s, et la preuve de votre statut de propri\u00e9taire occupant. <strong>Anticiper et rassembler les justificatifs \u00e0 l&rsquo;avance<\/strong> peut v\u00e9ritablement faire la diff\u00e9rence face \u00e0 la limitation du nombre de dossiers accept\u00e9s et vous placer parmi les premiers servis.<\/p>\n<p> Les erreurs \u00e0 \u00e9viter pour ne pas passer \u00e0 c\u00f4t\u00e9 des meilleures subventions<\/p>\n<p>Certains pi\u00e8ges classiques pourraient vous co\u00fbter cher. Le plus r\u00e9pandu ? Se lancer dans les travaux avant validation du dossier : cela annule automatiquement la prime. Autre erreur fr\u00e9quente : n\u00e9gliger de v\u00e9rifier le classement \u00e9nerg\u00e9tique du logement apr\u00e8s travaux. Enfin, <strong>ne pas consulter les nouvelles r\u00e8gles de cumul des aides peut significativement r\u00e9duire le montant final de votre subvention<\/strong>. La vigilance et l&rsquo;organisation constitueront donc vos meilleurs atouts pour r\u00e9ussir votre projet de r\u00e9novation.<\/p>\n<p> Les solutions pour cumuler les aides et booster la performance de votre logement<\/p>\n<p>MaPrimeR\u00e9nov&rsquo; n&rsquo;est pas le seul dispositif disponible ! <strong>D&rsquo;autres subventions locales, les Certificats d&rsquo;\u00c9conomies d&rsquo;\u00c9nergie, et MaPrimeR\u00e9nov&rsquo; D\u00e9carbonation pour les \u00e9quipements bas-carbone<\/strong> restent accessibles en 2025. Pour ceux qui envisagent l&rsquo;installation d&rsquo;une pompe \u00e0 chaleur ou d&rsquo;une chaudi\u00e8re biomasse, combiner ces diff\u00e9rentes aides peut r\u00e9duire la facture de plusieurs milliers d&rsquo;euros et am\u00e9liorer consid\u00e9rablement la classe \u00e9nerg\u00e9tique de leur logement. Une strat\u00e9gie d&rsquo;optimisation financi\u00e8re \u00e0 ne surtout pas n\u00e9gliger !<\/p>\n<p>MaPrimeR\u00e9nov&rsquo; apr\u00e8s septembre : anticiper, s&rsquo;adapter et all\u00e9ger durablement son budget<\/p>\n<p>Une fois la prime obtenue, quels b\u00e9n\u00e9fices concrets peut-on esp\u00e9rer \u00e0 moyen et long terme ? Et comment naviguer intelligemment dans ce dispositif pour l&rsquo;avenir ?<\/p>\n<p> L&rsquo;impact concret sur vos factures et la valeur de votre propri\u00e9t\u00e9<\/p>\n<p>Investir dans la r\u00e9novation \u00e9nerg\u00e9tique, c&rsquo;est faire coup double. D&rsquo;un c\u00f4t\u00e9, <strong>les \u00e9conomies sur l&rsquo;\u00e9nergie se r\u00e9percutent rapidement sur les factures mensuelles<\/strong>. Un gain de deux \u00e0 trois classes au DPE peut g\u00e9n\u00e9rer des centaines d&rsquo;euros \u00e9conomis\u00e9s chaque ann\u00e9e sur vos consommations. De l&rsquo;autre, la valorisation du bien immobilier devient un argument substantiel en cas de revente ou de mise en location. Un avantage consid\u00e9rable dans un march\u00e9 immobilier qui privil\u00e9gie d\u00e9sormais l&rsquo;efficacit\u00e9 environnementale !<\/p>\n<p> Adapter ses projets de r\u00e9novation aux nouvelles r\u00e8gles pour optimiser l&rsquo;aide<\/p>\n<p>La strat\u00e9gie gagnante ? Prioriser les travaux qui g\u00e9n\u00e8rent <strong>un maximum de gain \u00e9nerg\u00e9tique par rapport \u00e0 l&rsquo;investissement consenti<\/strong>. Avec le plafonnement des montants \u00e9ligibles et la suppression du bonus, les choix doivent \u00eatre judicieux : isolation globale, remplacement des \u00e9quipements \u00e9nergivores et pr\u00e9f\u00e9rence pour les solutions bas-carbone constituent des options particuli\u00e8rement rentables. Il est \u00e9galement essentiel de planifier m\u00e9thodiquement les diff\u00e9rentes phases de travaux pour respecter l&rsquo;enveloppe budg\u00e9taire allou\u00e9e.<\/p>\n<p> Ce qu&rsquo;il faut retenir pour envisager sereinement l&rsquo;avenir malgr\u00e9 les augmentations annonc\u00e9es<\/p>\n<p>En 2025, les r\u00e8gles du jeu ont \u00e9volu\u00e9 : l&rsquo;improvisation n&rsquo;a plus sa place, mais les opportunit\u00e9s s&rsquo;ouvrent pour les m\u00e9nages les mieux inform\u00e9s. <strong>D\u00e9poser son dossier d\u00e8s l&rsquo;ouverture du guichet, anticiper l&rsquo;ensemble du parcours et optimiser chaque \u00e9tape<\/strong> constituent les cl\u00e9s du succ\u00e8s. M\u00eame si le contexte \u00e9conomique demeure incertain, une strat\u00e9gie de r\u00e9novation intelligente permettra d&rsquo;att\u00e9nuer consid\u00e9rablement l&rsquo;impact des hausses futures et d&rsquo;aborder les saisons froides avec confiance et ma\u00eetrise de ses d\u00e9penses \u00e9nerg\u00e9tiques.<\/p>\n<p>MaPrimeR\u00e9nov&rsquo; dans sa version septembre 2025 r\u00e9compense donc l&rsquo;anticipation et l&rsquo;adaptabilit\u00e9 des propri\u00e9taires. Savoir saisir cette fen\u00eatre d&rsquo;opportunit\u00e9 repr\u00e9sente d\u00e9j\u00e0 un pas vers un avenir o\u00f9 le budget familial s&rsquo;accordera mieux avec confort et tranquillit\u00e9 d&rsquo;esprit. Face \u00e0 l&rsquo;augmentation in\u00e9luctable des factures, la r\u00e9novation \u00e9nerg\u00e9tique s&rsquo;impose d\u00e9sormais comme un investissement rationnel et profitable \u00e0 adopter sans plus tarder.<\/p>\n","protected":false},"excerpt":{"rendered":"L&rsquo;\u00e9t\u00e9 touche \u00e0 sa fin, et avec la rentr\u00e9e, de nombreux m\u00e9nages fran\u00e7ais se pr\u00e9parent \u00e0 jongler avec&hellip;\n","protected":false},"author":2,"featured_media":387149,"comment_status":"","ping_status":"","sticky":false,"template":"","format":"standard","meta":{"footnotes":""},"categories":[2],"tags":[11,1011,27,12,56],"class_list":{"0":"post-387148","1":"post","2":"type-post","3":"status-publish","4":"format-standard","5":"has-post-thumbnail","7":"category-actualites","8":"tag-actualites","9":"tag-fr","10":"tag-france","11":"tag-news","12":"tag-push"},"share_on_mastodon":{"url":"https:\/\/pubeurope.com\/@fr\/115195497891150128","error":""},"_links":{"self":[{"href":"https:\/\/www.europesays.com\/fr\/wp-json\/wp\/v2\/posts\/387148","targetHints":{"allow":["GET"]}}],"collection":[{"href":"https:\/\/www.europesays.com\/fr\/wp-json\/wp\/v2\/posts"}],"about":[{"href":"https:\/\/www.europesays.com\/fr\/wp-json\/wp\/v2\/types\/post"}],"author":[{"embeddable":true,"href":"https:\/\/www.europesays.com\/fr\/wp-json\/wp\/v2\/users\/2"}],"replies":[{"embeddable":true,"href":"https:\/\/www.europesays.com\/fr\/wp-json\/wp\/v2\/comments?post=387148"}],"version-history":[{"count":0,"href":"https:\/\/www.europesays.com\/fr\/wp-json\/wp\/v2\/posts\/387148\/revisions"}],"wp:featuredmedia":[{"embeddable":true,"href":"https:\/\/www.europesays.com\/fr\/wp-json\/wp\/v2\/media\/387149"}],"wp:attachment":[{"href":"https:\/\/www.europesays.com\/fr\/wp-json\/wp\/v2\/media?parent=387148"}],"wp:term":[{"taxonomy":"category","embeddable":true,"href":"https:\/\/www.europesays.com\/fr\/wp-json\/wp\/v2\/categories?post=387148"},{"taxonomy":"post_tag","embeddable":true,"href":"https:\/\/www.europesays.com\/fr\/wp-json\/wp\/v2\/tags?post=387148"}],"curies":[{"name":"wp","href":"https:\/\/api.w.org\/{rel}","templated":true}]}}