{"id":387156,"date":"2025-09-13T06:12:27","date_gmt":"2025-09-13T06:12:27","guid":{"rendered":"https:\/\/www.europesays.com\/fr\/387156\/"},"modified":"2025-09-13T06:12:27","modified_gmt":"2025-09-13T06:12:27","slug":"sante-comment-la-maternite-du-chru-de-nancy-a-supprime-lepisiotomie-et-les-forceps","status":"publish","type":"post","link":"https:\/\/www.europesays.com\/fr\/387156\/","title":{"rendered":"Sant\u00e9. Comment la maternit\u00e9 du CHRU de Nancy a supprim\u00e9 l\u2019\u00e9pisiotomie et les forceps"},"content":{"rendered":"<blockquote class=\"question\"><p>Avant d\u2019aborder vos objectifs \u00e0 la maternit\u00e9 du CHRU de Nancy, pouvez-vous rappeler ce qu\u2019est une \u00e9pisiotomie\ufeff ?<\/p><\/blockquote>\n<p>\u00ab Il s\u2019agit d\u2019un geste qui se pratique au moment de ce qu\u2019on appelle le \u00ab d\u00e9gagement \u00bb. Il vise \u00e0 faciliter la sortie du b\u00e9b\u00e9 par un acte chirurgical. L\u2019\u00e9pisiotomie\ufeff consiste \u00e0 couper au niveau d\u2019un angle vaginal, c\u2019est-\u00e0-dire en arri\u00e8re, en regard de l\u2019anus. On coupe un muscle qui s\u2019appelle le \u00ab releveur de l\u2019anus \u00bb. Il vient s\u2019attacher \u00e0 proximit\u00e9 du sphincter de l\u2019anus, mais est beaucoup plus solide que le sphincter de l\u2019anus. \u00bb<\/p>\n<blockquote class=\"question\"><p>Quel est l\u2019int\u00e9r\u00eat m\u00e9dical de l\u2019\u00e9pisiotomie\ufeff ?<\/p><\/blockquote>\n<p>\u00ab L\u2019hypoth\u00e8se historique \u00e9tait de dire que si l\u2019on coupe le releveur de l\u2019anus, on va prot\u00e9ger le sphincter de l\u2019anus. On va prot\u00e9ger les femmes contre une d\u00e9chirure du sphincter de l\u2019anus. Cette d\u00e9chirure est l\u2019une des complications qu\u2019on essaye d\u2019\u00e9viter au maximum \u00e0 l\u2019accouchement. C\u2019est une des complications classiques (0,4 % des accouchements selon l\u2019OMS) parce que si elle n\u2019est pas diagnostiqu\u00e9e,&#8230;<\/p>\n","protected":false},"excerpt":{"rendered":"Avant d\u2019aborder vos objectifs \u00e0 la maternit\u00e9 du CHRU de Nancy, pouvez-vous rappeler ce qu\u2019est une \u00e9pisiotomie\ufeff ?&hellip;\n","protected":false},"author":2,"featured_media":387157,"comment_status":"","ping_status":"","sticky":false,"template":"","format":"standard","meta":{"footnotes":""},"categories":[9635],"tags":[1111,11,9223,1777,674,1011,27,775,5362,224,3457,198,1702,12,298,3456,25,71,104],"class_list":{"0":"post-387156","1":"post","2":"type-post","3":"status-publish","4":"format-standard","5":"has-post-thumbnail","7":"category-nancy","8":"tag-actu","9":"tag-actualites","10":"tag-carnet-du-jour","11":"tag-eu","12":"tag-europe","13":"tag-fr","14":"tag-france","15":"tag-grand-est","16":"tag-magazine-sante","17":"tag-medecine","18":"tag-meurthe-et-moselle","19":"tag-naissance","20":"tag-nancy","21":"tag-news","22":"tag-psychologie","23":"tag-region-lorraine","24":"tag-republique-francaise","25":"tag-sante","26":"tag-societe"},"share_on_mastodon":{"url":"https:\/\/pubeurope.com\/@fr\/115195513718968253","error":""},"_links":{"self":[{"href":"https:\/\/www.europesays.com\/fr\/wp-json\/wp\/v2\/posts\/387156","targetHints":{"allow":["GET"]}}],"collection":[{"href":"https:\/\/www.europesays.com\/fr\/wp-json\/wp\/v2\/posts"}],"about":[{"href":"https:\/\/www.europesays.com\/fr\/wp-json\/wp\/v2\/types\/post"}],"author":[{"embeddable":true,"href":"https:\/\/www.europesays.com\/fr\/wp-json\/wp\/v2\/users\/2"}],"replies":[{"embeddable":true,"href":"https:\/\/www.europesays.com\/fr\/wp-json\/wp\/v2\/comments?post=387156"}],"version-history":[{"count":0,"href":"https:\/\/www.europesays.com\/fr\/wp-json\/wp\/v2\/posts\/387156\/revisions"}],"wp:featuredmedia":[{"embeddable":true,"href":"https:\/\/www.europesays.com\/fr\/wp-json\/wp\/v2\/media\/387157"}],"wp:attachment":[{"href":"https:\/\/www.europesays.com\/fr\/wp-json\/wp\/v2\/media?parent=387156"}],"wp:term":[{"taxonomy":"category","embeddable":true,"href":"https:\/\/www.europesays.com\/fr\/wp-json\/wp\/v2\/categories?post=387156"},{"taxonomy":"post_tag","embeddable":true,"href":"https:\/\/www.europesays.com\/fr\/wp-json\/wp\/v2\/tags?post=387156"}],"curies":[{"name":"wp","href":"https:\/\/api.w.org\/{rel}","templated":true}]}}