{"id":387159,"date":"2025-09-13T06:14:12","date_gmt":"2025-09-13T06:14:12","guid":{"rendered":"https:\/\/www.europesays.com\/fr\/387159\/"},"modified":"2025-09-13T06:14:12","modified_gmt":"2025-09-13T06:14:12","slug":"zach-mercer-le-nouveau-destroyer-de-toulon","status":"publish","type":"post","link":"https:\/\/www.europesays.com\/fr\/387159\/","title":{"rendered":"Zach Mercer, le nouveau destroyer de Toulon"},"content":{"rendered":"<p>L\u2019Anglais, qui fit les beaux jours de Montpellier en 2022, est de retour en France. Assoiff\u00e9 de revanche et affam\u00e9 de jeu. R\u00e9cit d\u2019un retour en force.<\/p>\n<p class=\"fig-paragraph\">Avant que la saison ne d\u00e9bute,\u00a0<a href=\"http:\/\/www.lefigaro.fr\/sports\/rugby\/top-14\/top-14-l-anglais-mercer-et-l-italien-brex-tetes-d-affiche-du-recrutement-de-toulon-20250523\" data-fig-type=\"NewsFlash\" data-gtm-custom-categorie=\"navigation\" data-gtm-custom-action=\"crossclick\" data-gtm-custom-label=\"Contextuel\" data-gtm-event=\"customEventSPE\" data-fig-domain=\"LEFIGARO\" rel=\"nofollow noopener\" target=\"_blank\">le manager du RCT, Pierre Mignoni,\u00a0<\/a>avait gliss\u00e9, avec un sourire entendu\u00a0: \u00abJe le crois revanchard par rapport \u00e0 son aventure anglaise. Vous lui demanderez un peu plus\u2026\u00bb Avant de donner la parole \u00e0 l\u2019int\u00e9ress\u00e9, un petit rappel s\u2019impose. Zach Mercer, lass\u00e9 de ne pas avoir sa chance avec le XV de la Rose, d\u00e9barque, durant l\u2019\u00e9t\u00e9 2021, \u00e0 Montpellier. Presque en anonyme.<\/p>\n<p class=\"fig-paragraph\">Il a 24 ans, un titre de champion du monde junior qui remonte \u00e0 2016 et deux bouts de s\u00e9lection sans lendemain. Un CV inversement proportionnel \u00e0 son abattage sur le terrain. Un troisi\u00e8me-ligne plaqueur et omnipr\u00e9sent sur chaque point chaud, \u00e9galement habile ballon en mains pour assurer la continuit\u00e9 du jeu.<\/p>\n<p>                                    <a class=\"fig-a11y-skip a11y-hidden\" href=\"#fig-a11y-skip-main-inarticle\"><br \/>\n        Passer la publicit\u00e9<br \/>\n    <\/a><\/p>\n<p>Le XV de la Rose se refuse \u00e0 lui<\/p>\n<p class=\"fig-paragraph\">Au MHR, sa cote explose.\u00a0<a href=\"http:\/\/www.lefigaro.fr\/sports\/rugby\/top-14\/top-14-zack-mercer-la-revelation-de-l-annee-a-montpellier-20220623\" data-fig-type=\"Article\" data-gtm-custom-categorie=\"navigation\" data-gtm-custom-action=\"crossclick\" data-gtm-custom-label=\"Contextuel\" data-gtm-event=\"customEventSPE\" data-fig-domain=\"LEFIGARO\" rel=\"nofollow noopener\" target=\"_blank\">D\u00e8s sa premi\u00e8re saison, il emm\u00e8ne Montpellier en finale<\/a>, y envoie Arthur Vincent \u00e0 l\u2019essai d\u2019un coup de pied rasant,\u00a0<a href=\"http:\/\/www.lefigaro.fr\/sports\/rugby\/top-14\/zach-mercer-champion-de-france-avec-le-mhr-je-suis-a-montpellier-pour-y-rester-20220626\" data-fig-type=\"Article\" data-gtm-custom-categorie=\"navigation\" data-gtm-custom-action=\"crossclick\" data-gtm-custom-label=\"Contextuel\" data-gtm-event=\"customEventSPE\" data-fig-domain=\"LEFIGARO\" rel=\"nofollow noopener\" target=\"_blank\">soul\u00e8ve le bouclier de Brennus avec ses co\u00e9quipiers<\/a>, seule rature dans l\u2019h\u00e9g\u00e9monie toulousaine depuis 2019. Dans la foul\u00e9e, Zach Mercer est \u00e9lu par ses pairs\u00a0<a href=\"http:\/\/www.lefigaro.fr\/sports\/rugby\/top-14\/rugby-la-revelation-mercer-sacree-meilleur-joueur-du-top-14-devant-dupont-20220926\" data-fig-type=\"NewsFlash\" data-gtm-custom-categorie=\"navigation\" data-gtm-custom-action=\"crossclick\" data-gtm-custom-label=\"Contextuel\" data-gtm-event=\"customEventSPE\" data-fig-domain=\"LEFIGARO\" rel=\"nofollow noopener\" target=\"_blank\">meilleur joueur de la saison de Top 14.<\/a><\/p>\n<p class=\"fig-paragraph\"><a href=\"http:\/\/www.lefigaro.fr\/sports\/rugby\/top-14\/top-14-couronne-en-france-zach-mercer-veut-quitter-montpellier-sur-une-bonne-note-20221002\" data-fig-type=\"Article\" data-gtm-custom-categorie=\"navigation\" data-gtm-custom-action=\"crossclick\" data-gtm-custom-label=\"Contextuel\" data-gtm-event=\"customEventSPE\" data-fig-domain=\"LEFIGARO\" rel=\"nofollow noopener\" target=\"_blank\">Il effectue sa seconde saison dans l\u2019H\u00e9rault<\/a>\u00a0en pr\u00e9venant qu\u2019il repartira en Angleterre \u00e0 son terme. Le s\u00e9lectionneur anglais lui a fait miroiter une place dans le groupe qui disputera la Coupe du monde 2023 \u00e0 condition qu\u2019il rentre au bercail. Il signe donc \u00e0 Gloucester. Un choix fort, une volont\u00e9 assum\u00e9e. Pour une terrible d\u00e9sillusion. Il n\u2019est pas retenu dans le squad du XV de la Rose.<\/p>\n<p>Je pr\u00e9f\u00e8re tout donner pour \u00eatre un grand joueur de club que de courir apr\u00e8s une carri\u00e8re internationale qui ne veut pas d\u00e9coller<\/p>\n<p class=\"fig-paragraph\">Comment a-t-il v\u00e9cu cette trahison donc\u00a0? \u00abPour ce qui est du rugby, j\u2019ai mis du temps \u00e0 le dig\u00e9rer, mais c\u2019est d\u00e9sormais clair dans ma t\u00eate\u00a0: je pr\u00e9f\u00e8re tout donner pour \u00eatre un grand joueur de club que de courir apr\u00e8s une carri\u00e8re internationale qui ne veut pas d\u00e9coller, a-t-il confi\u00e9 \u00e0 Var Matin. Peut-\u00eatre que mon visage ne leur revenait pas\u00a0? Ou simplement que mon profil n\u2019\u00e9tait pas celui attendu\u00a0? En tout cas, qu\u2019importe, ce n\u2019\u00e9tait probablement pas mon histoire&#8230;\u00bb<\/p>\n<p class=\"fig-body-link\">\n            \u00c0 lire aussi<br \/>\n        <a class=\"fig-body-link__link\" href=\"http:\/\/www.lefigaro.fr\/sports\/rugby\/6-nations\/six-nations-encore-recale-par-l-angleterre-le-coup-de-gueule-de-zach-mercer-20240119\" data-fig-type=\"NewsFlash\" data-gtm-custom-categorie=\"navigation\" data-gtm-custom-action=\"crossclick\" data-gtm-custom-label=\"Contextuel\" data-gtm-event=\"customEventSPE\" data-fig-domain=\"LEFIGARO\" rel=\"nofollow noopener\" target=\"_blank\">Six Nations\u00a0: encore recal\u00e9 par l&rsquo;Angleterre, le coup de gueule de Zach Mercer<br \/>\n    <\/a>\n<\/p>\n<p class=\"fig-paragraph\">Aujourd\u2019hui, il le jure, l\u2019amertume est pass\u00e9e. \u00abJe me suis donn\u00e9 les moyens de postuler, en prenant la d\u00e9cision de rentrer en Angleterre pour tenter ma chance. Elle n\u2019est pas venue. En revanche, j\u2019ai pass\u00e9 deux belles ann\u00e9es \u00e0 Gloucester, o\u00f9 j\u2019ai aim\u00e9 ce club, et surtout o\u00f9 j\u2019ai vu na\u00eetre mes deux enfants.\u00bb Et il est ravi de son nouveau d\u00e9fi fran\u00e7ais, cette fois au RCT. \u00abFinalement, regardez o\u00f9 \u00e7a me m\u00e8ne\u00a0: je porte le maillot de Toulon, l\u2019un des plus grands clubs du monde, si ce n\u2019est le plus grand. Que demander de plus\u00a0?\u00bb<\/p>\n<p class=\"fig-paragraph\">Il ne faut pas beaucoup de temps \u00e0 Zach Mercer pour en demander plus. Soulever \u00e0 nouveau le bouclier de Brennus, remporter la Champions Cup, il ne fait pas myst\u00e8re de ses grandes ambitions. Qui ne sont pas sans rappeler celle de son compatriote, et l\u00e9gende du RCT, Jonny Wilkinson\u2026<\/p>\n<p>                                    <a class=\"fig-a11y-skip a11y-hidden\" href=\"#fig-a11y-skip-main-inarticle_mtf\"><br \/>\n        Passer la publicit\u00e9<br \/>\n    <\/a><\/p>\n<p class=\"fig-paragraph\">Revanchard, certainement. Mais \u00e9galement dans sa meilleure forme physique et mentale. En novembre dernier, le troisi\u00e8me-ligne s\u2019est gravement bless\u00e9\u00a0: rupture du ligament crois\u00e9 ant\u00e9rieur du genou gauche. Fin de saison et huit mois sans rugby. Et m\u00eame sans club puisqu\u2019il r\u00e9v\u00e8le que \u00abGloucester ne voulait plus que je sois au club. J\u2019\u00e9tais donc chez moi, \u00e0 faire ma propre r\u00e9\u00e9ducation avec un kin\u00e9 priv\u00e9\u2026\u00bb<\/p>\n<p>Je sens comme un renouveau. Dans la t\u00eate, dans le corps. L\u00e0, j\u2019ai fait du frais, et j\u2019ai plus faim encore<\/p>\n<p class=\"fig-paragraph\">C\u2019est donc avec une envie d\u00e9cupl\u00e9e et une fra\u00eecheur in\u00e9dite qu\u2019il retrouve les terrains. \u00abCette blessure a, finalement, \u00e9t\u00e9 une opportunit\u00e9 inou\u00efe d\u2019aider mon corps \u00e0 r\u00e9cup\u00e9rer. Je suis pro depuis l\u2019\u00e2ge de 18 ans, je n\u2019avais jamais eu de r\u00e9elle interruption pour lui permettre de se r\u00e9g\u00e9n\u00e9rer, a-t-il racont\u00e9 \u00e0 L\u2019\u00c9quipe. C\u2019est sain de prendre de la distance avec le rugby, de prioriser autre chose. J\u2019ai enfin pu passer du temps avec ma famille. J\u2019ai deux enfants en bas \u00e2ge (..), j\u2019ai pu me rendre disponible. \u00c7a m\u2019a fait un bien fou&#8230;\u00bb En conf\u00e9rence de presse, il confirmera les bienfaits de cette pause forc\u00e9e. \u00abJe sens comme un renouveau. Dans la t\u00eate, dans le corps. L\u00e0, j\u2019ai fait du frais, et j\u2019ai plus faim encore.\u00bb<\/p>\n<p class=\"fig-paragraph\">Il l\u2019a d\u00e9montr\u00e9 d\u00e8s sa premi\u00e8re avec le maillot au muguet, samedi dernier \u00e0\u2026 Montpellier. O\u00f9 il a jou\u00e9 un vilain tour \u00e0 son ancienne \u00e9quipe. Victoire de Toulon 27 \u00e0 17, avec, au passage, un essai \u00e0 son actif. Sans regret\u00a0? \u00abMon histoire \u00e0 Montpellier \u00e9tait magnifique. J\u2019en garde beaucoup de souvenirs m\u00e9morables. Mais j\u2019aime les nouvelles aventures, les nouveaux d\u00e9fis. Et j\u2019aurais \u00e9t\u00e9 fou de refuser Toulon, avec un tel effectif, un super coach et un endroit \u00e0 part\u00bb, a r\u00e9pondu Zach Mercer au Midi Libre. Avant d\u2019ajouter\u00a0: \u00abJ\u2019ai voulu cr\u00e9er quelque chose de nouveau ailleurs. Je veux gagner des titres avec Toulon ces trois prochaines saisons et je suis tr\u00e8s enthousiaste \u00e0 l\u2019id\u00e9e de ce d\u00e9fi.\u00bb Pierre Mignoni avait raison. Zach Mercer est (tr\u00e8s) revanchard.<\/p>\n","protected":false},"excerpt":{"rendered":"L\u2019Anglais, qui fit les beaux jours de Montpellier en 2022, est de retour en France. Assoiff\u00e9 de revanche&hellip;\n","protected":false},"author":2,"featured_media":387160,"comment_status":"","ping_status":"","sticky":false,"template":"","format":"standard","meta":{"footnotes":""},"categories":[9619],"tags":[1111,11,1777,674,1011,27,14987,12,882,3461,25,2310],"class_list":{"0":"post-387159","1":"post","2":"type-post","3":"status-publish","4":"format-standard","5":"has-post-thumbnail","7":"category-toulon","8":"tag-actu","9":"tag-actualites","10":"tag-eu","11":"tag-europe","12":"tag-fr","13":"tag-france","14":"tag-mhr","15":"tag-news","16":"tag-provence-alpes-cote-dazur","17":"tag-rct","18":"tag-republique-francaise","19":"tag-toulon"},"share_on_mastodon":{"url":"https:\/\/pubeurope.com\/@fr\/115195521491655838","error":""},"_links":{"self":[{"href":"https:\/\/www.europesays.com\/fr\/wp-json\/wp\/v2\/posts\/387159","targetHints":{"allow":["GET"]}}],"collection":[{"href":"https:\/\/www.europesays.com\/fr\/wp-json\/wp\/v2\/posts"}],"about":[{"href":"https:\/\/www.europesays.com\/fr\/wp-json\/wp\/v2\/types\/post"}],"author":[{"embeddable":true,"href":"https:\/\/www.europesays.com\/fr\/wp-json\/wp\/v2\/users\/2"}],"replies":[{"embeddable":true,"href":"https:\/\/www.europesays.com\/fr\/wp-json\/wp\/v2\/comments?post=387159"}],"version-history":[{"count":0,"href":"https:\/\/www.europesays.com\/fr\/wp-json\/wp\/v2\/posts\/387159\/revisions"}],"wp:featuredmedia":[{"embeddable":true,"href":"https:\/\/www.europesays.com\/fr\/wp-json\/wp\/v2\/media\/387160"}],"wp:attachment":[{"href":"https:\/\/www.europesays.com\/fr\/wp-json\/wp\/v2\/media?parent=387159"}],"wp:term":[{"taxonomy":"category","embeddable":true,"href":"https:\/\/www.europesays.com\/fr\/wp-json\/wp\/v2\/categories?post=387159"},{"taxonomy":"post_tag","embeddable":true,"href":"https:\/\/www.europesays.com\/fr\/wp-json\/wp\/v2\/tags?post=387159"}],"curies":[{"name":"wp","href":"https:\/\/api.w.org\/{rel}","templated":true}]}}