{"id":387165,"date":"2025-09-13T06:18:20","date_gmt":"2025-09-13T06:18:20","guid":{"rendered":"https:\/\/www.europesays.com\/fr\/387165\/"},"modified":"2025-09-13T06:18:20","modified_gmt":"2025-09-13T06:18:20","slug":"le-feu-aurait-bien-pris-dans-le-site-de-lusine-selon-un-nouveau-rapport-dexperts","status":"publish","type":"post","link":"https:\/\/www.europesays.com\/fr\/387165\/","title":{"rendered":"le feu aurait bien pris dans le site de l&rsquo;usine selon un nouveau rapport d&rsquo;experts"},"content":{"rendered":"<p class=\"article__intro\">Le point de d\u00e9part de l&rsquo;incendie du 26 septembre 2019 \u00e0 Rouen \u00e9tait-il dans l&rsquo;usine Lubrizol ou chez Normandie Logistique ? Les expertises ne sont pas termin\u00e9es. D&rsquo;apr\u00e8s nos confr\u00e8res du journal d&rsquo;investigation \u00ab\u00a0le Poulpe\u00a0\u00bb, un nouveau rapport conclut \u00e0 un d\u00e9part de feu sur le site de Lubrizol.<\/p>\n<p>\n      L\u2019actu des r\u00e9gions\n    <\/p>\n<p>\n      Chaque jour, un tour d\u2019horizon des principales infos de toutes les r\u00e9gions.\n    <\/p>\n<p>    France T\u00e9l\u00e9visions utilise votre adresse e-mail afin de vous envoyer la newsletter \u00ab\u00a0L\u2019actu des r\u00e9gions\u00a0\u00bb. Vous pouvez vous d\u00e9sinscrire \u00e0 tout moment via le lien en bas de cette newsletter. <a target=\"_blank\" href=\"https:\/\/www.francetelevisions.fr\/groupe\/confidentialite\/politique-de-confidentialite\/politique-de-confidentialite-de-france-televisions-6503\" rel=\"nofollow noopener\">Notre politique de confidentialit\u00e9<\/a><\/p>\n<p>Pr\u00e8s de 6 ann\u00e9es se sont \u00e9coul\u00e9es depuis l&rsquo;incendie de l&rsquo;usine Lubrizol et de Normandie Logistique. C&rsquo;\u00e9tait le 26 septembre 2019. Pr\u00e8s de 10.000 tonnes de produits s&rsquo;\u00e9taient consum\u00e9es dans le ciel de l&rsquo;agglom\u00e9ration rouennaise.<\/p>\n<p>La cause de l&rsquo;incendie reste inconnue. La question du lieu d&rsquo;o\u00f9 est parti le feu a fait l&rsquo;objet d&rsquo;une troisi\u00e8me expertise \u00e0 la demande du tribunal de commerce de Nanterre, dans le volet civil (pour les indemnisations des victimes).<\/p>\n<p>Lors de l&rsquo;incendie, trois hectares avaient br\u00fbl\u00e9 \u00e0 l&rsquo;usine Lubrizol, et plus de 7000 m\u00e8tres carr\u00e9s dans le site voisin de Normandie Logistique. (Source :<a>\u00a0rapport d&rsquo;information parlementaire<\/a>)<\/p>\n<p>Le journal d&rsquo;investigation normand,<a href=\"https:\/\/www.lepoulpe.info\/nouveau-rapport-categorique-sur-l-incendie-lubrizol-le-feu-s-est-bien-declenche-chez-l-industriel-americain\" target=\"_blank\" rel=\"noopener nofollow\"> \u00ab\u00a0le Poulpe\u00a0\u00bb <\/a>divulgue des informations sur la note de synth\u00e8se des experts.<\/p>\n<p>\n<a data-article-figure=\"\" href=\"https:\/\/france3-regions.franceinfo.fr\/image\/1MfY896Y6Q7y4xYmDImj5mMNJlc\/1920x1080\/regions\/2025\/09\/12\/futs-lubrizol-oflavien-68c424c03adb0868184095.jpg\" data-pswp-width=\"1920\" data-pswp-height=\"1080\" target=\"_blank\" rel=\"nofollow noopener\"><\/p>\n<p>          <img width=\"600\" height=\"400\" class=\"article-image lazy\" data-src=\"https:\/\/www.europesays.com\/fr\/wp-content\/uploads\/2025\/09\/futs-lubrizol-oflavien-68c424c03adb0868184095.jpg\" alt=\"Un stockage de f\u00fbts carbonis\u00e9s apr\u00e8s l'incendie de l'usine Lubrizol et de Normandie Logistique \u00e0 Petit-Quevilly pr\u00e8s de Rouen le 26 septembre 2019 .\" fetchpriority=\"high\" as=\"image\"\/><\/p>\n<p>\n            Un stockage de f\u00fbts carbonis\u00e9s apr\u00e8s l&rsquo;incendie de l&rsquo;usine Lubrizol et de Normandie Logistique \u00e0 Petit-Quevilly pr\u00e8s de Rouen le 26 septembre 2019 .<br \/>\n                           \u2022<br \/>\n                                      \u00a9 Olivier Flavien\/ France T\u00e9l\u00e9visions\n                      <\/p>\n<p><\/a><\/p>\n<p>Le journal publie une citation extraite du document des deux experts \u00ab\u00a0affili\u00e9s au laboratoire central de la pr\u00e9fecture de Police de Paris\u00a0\u00bb.<\/p>\n<blockquote class=\"ftvi_content_quote\">\n<p class=\"ftvi_citation_quote\">Le sc\u00e9nario retenu concernant l&rsquo;origine de l&rsquo;incendie du 26 septembre 2019 est donc celui d&rsquo;un d\u00e9part de feu dans l&rsquo;environnement imm\u00e9diat de la tire Brindle sur le site de Lubrizol.<\/p>\n<p>Article le 8\/09\/2025, \u00ab\u00a0Nouveau rapport cat\u00e9gorique sur l&rsquo;incendie Lubrizol : le feu s&rsquo;est bien d\u00e9clench\u00e9 chez l&rsquo;industriel am\u00e9ricain\u00a0\u00bb<\/p>\n<p class=\"ftvi_citation_source\">Journal \u00ab\u00a0le Poulpe\u00a0\u00bb<\/p>\n<\/blockquote>\n<p>La \u00ab\u00a0tire Brindle\u00a0\u00bb, expliquent nos confr\u00e8res, \u00e9tait un b\u00e2timent de stockage de \u00ab\u00a0plusieurs niveaux de<a href=\"https:\/\/www.hirschfeld-emballages.fr\/conteneur-ibc-industrie\/\" target=\"_blank\" rel=\"noopener nofollow\"> f\u00fbts IBC,<\/a> sortes de cuves en plastique contenant des produits liquides, pour certains hautement inflammables\u00a0\u00bb. Rappelons que Lubrizol fabriquait principalement \u00e0 Rouen des additifs pour les huiles de moteurs.<\/p>\n<p>En 2020, <strong><a href=\"https:\/\/www.lemonde.fr\/\" target=\"_blank\" rel=\"noopener nofollow\">Le Monde<\/a><\/strong>\u00a0et le site\u00a0<strong><a href=\"https:\/\/www.mediapart.fr\/journal\/france\" target=\"_blank\" rel=\"noopener nofollow\">Mediapart<\/a><\/strong> avaient r\u00e9v\u00e9l\u00e9 que ces f\u00fbts en plastique avaient \u00e9t\u00e9 jug\u00e9s dangereux par l&rsquo;assureur am\u00e9ricain de Lubrizol en 2019. Ils avaient publi\u00e9 des extraits du rapport de risque.<\/p>\n<p>\u00ab\u00a0Lors d\u2019un incendie, les conteneurs interm\u00e9diaires en plastique (IBC) fondraient rapidement et le liquide combustible et\/ou inflammable se\u00a0r\u00e9pandrait sur le sol, cr\u00e9ant comme un grand feu de piscine\u00a0\u00bb<br \/>( Extrait du rapport de risque de l&rsquo;assurance FM Global, publi\u00e9 par le journal Le Monde, <strong><a href=\"https:\/\/www.lemonde.fr\/planete\/article\/2020\/02\/07\/lubrizol-le-rapport-qui-avait-prevu-le-scenario-de-l-incendie-du-26-septembre-sur-le-site-de-rouen_6028708_3244.html\" target=\"_blank\" rel=\"noopener nofollow\">7 f\u00e9vrier 2020<\/a><\/strong>)<\/p>\n<p>Nos confr\u00e8res expliquaient alors que l&rsquo;assureur recommande que ces conteneurs soient remplac\u00e9s par \u00ab\u00a0des bidons m\u00e9talliques \u00e9quip\u00e9s de syst\u00e8mes de s\u00e9curit\u00e9 sp\u00e9cifiques\u00a0\u00bb (Mediapart,\u00a0<strong><a href=\"https:\/\/www.mediapart.fr\/journal\/france\/280120\/lubrizol-depuis-2008-son-assureur-signalait-des-defaillances-incendie?onglet=full\" target=\"_blank\" rel=\"noopener nofollow\">28 janvier 2020)<\/a><\/strong><\/p>\n<p>Interrog\u00e9 par notre \u00e9quipe de reportage, le service charg\u00e9 de la communication de Lubrizol d\u00e9clare que la direction prend connaissance du rapport d&rsquo;expertise de 2025 mais ne peut pas le commenter \u00e0 la presse :\u00a0<\/p>\n<p>\u00a0\u00bb En raison du caract\u00e8re confidentiel du document, Lubrizol ne peut pas commenter son contenu, mais tient \u00e0 pr\u00e9ciser qu&rsquo;aucune conclusion n&rsquo;y est \u00e9tablie quant aux causes de l&rsquo;incendie. <\/p>\n<p>Lubrizol continue de se concentrer sur l&rsquo;exploitation de ses sites en toute s\u00e9curit\u00e9. Lubrizol reste engag\u00e9e en tant qu&rsquo;acteur responsable de l&rsquo;industrie aupr\u00e8s de ses communaut\u00e9s locales.\u00a0\u00bb<\/p>\n<p>(Communication Lubrizol, 12 septembre 2025)<\/p>\n","protected":false},"excerpt":{"rendered":"Le point de d\u00e9part de l&rsquo;incendie du 26 septembre 2019 \u00e0 Rouen \u00e9tait-il dans l&rsquo;usine Lubrizol ou chez&hellip;\n","protected":false},"author":2,"featured_media":387166,"comment_status":"","ping_status":"","sticky":false,"template":"","format":"standard","meta":{"footnotes":""},"categories":[9587],"tags":[1111,11,1777,674,1011,27,12,5161,25,9590],"class_list":{"0":"post-387165","1":"post","2":"type-post","3":"status-publish","4":"format-standard","5":"has-post-thumbnail","7":"category-rouen","8":"tag-actu","9":"tag-actualites","10":"tag-eu","11":"tag-europe","12":"tag-fr","13":"tag-france","14":"tag-news","15":"tag-normandie","16":"tag-republique-francaise","17":"tag-rouen"},"share_on_mastodon":{"url":"https:\/\/pubeurope.com\/@fr\/115195537185014652","error":""},"_links":{"self":[{"href":"https:\/\/www.europesays.com\/fr\/wp-json\/wp\/v2\/posts\/387165","targetHints":{"allow":["GET"]}}],"collection":[{"href":"https:\/\/www.europesays.com\/fr\/wp-json\/wp\/v2\/posts"}],"about":[{"href":"https:\/\/www.europesays.com\/fr\/wp-json\/wp\/v2\/types\/post"}],"author":[{"embeddable":true,"href":"https:\/\/www.europesays.com\/fr\/wp-json\/wp\/v2\/users\/2"}],"replies":[{"embeddable":true,"href":"https:\/\/www.europesays.com\/fr\/wp-json\/wp\/v2\/comments?post=387165"}],"version-history":[{"count":0,"href":"https:\/\/www.europesays.com\/fr\/wp-json\/wp\/v2\/posts\/387165\/revisions"}],"wp:featuredmedia":[{"embeddable":true,"href":"https:\/\/www.europesays.com\/fr\/wp-json\/wp\/v2\/media\/387166"}],"wp:attachment":[{"href":"https:\/\/www.europesays.com\/fr\/wp-json\/wp\/v2\/media?parent=387165"}],"wp:term":[{"taxonomy":"category","embeddable":true,"href":"https:\/\/www.europesays.com\/fr\/wp-json\/wp\/v2\/categories?post=387165"},{"taxonomy":"post_tag","embeddable":true,"href":"https:\/\/www.europesays.com\/fr\/wp-json\/wp\/v2\/tags?post=387165"}],"curies":[{"name":"wp","href":"https:\/\/api.w.org\/{rel}","templated":true}]}}