{"id":387167,"date":"2025-09-13T06:21:17","date_gmt":"2025-09-13T06:21:17","guid":{"rendered":"https:\/\/www.europesays.com\/fr\/387167\/"},"modified":"2025-09-13T06:21:17","modified_gmt":"2025-09-13T06:21:17","slug":"municipales-a-grenoble-le-footballeur-nassim-akrour-rejoint-herve-gerbi","status":"publish","type":"post","link":"https:\/\/www.europesays.com\/fr\/387167\/","title":{"rendered":"Municipales \u00e0 Grenoble. Le footballeur Nassim Akrour rejoint Herv\u00e9 Gerbi"},"content":{"rendered":"<p>Ils nous avaient donn\u00e9 rendez-vous devant le Stade des Alpes de Grenoble, bien s\u00fbr. Et avec, dans les mains, le maillot du match inaugural. Et tout de suite, on a demand\u00e9 si, en cas de victoire d\u2019<a href=\"https:\/\/www.ledauphine.com\/p\/herve-gerbi\" target=\"_blank\" rel=\"noopener\">Herv\u00e9 Gerbi<\/a> <a href=\"https:\/\/www.ledauphine.com\/elections\/2025\/08\/28\/municipales-herve-gerbi-appelle-les-moderes-de-gauche-et-de-droite-a-faire-front-face-a-la-radicalite\" target=\"_blank\" rel=\"noopener\">aux municipales de mars\u00a02026<\/a> , <a href=\"https:\/\/www.ledauphine.com\/p\/nassim-akrour\" target=\"_blank\" rel=\"noopener\">Nassim Akrour<\/a> serait son adjoint aux sports, les deux hommes nous ont r\u00e9pondu\u00a0: \u00ab\u00a0Chaque chose en son temps\u00a0\u00bb.<\/p>\n<p>Le footballeur, figure embl\u00e9matique du GF38, a certes rejoint l\u2019\u00e9quipe de campagne du chef de file d\u2019Horizons (le parti d\u2019<a href=\"https:\/\/www.ledauphine.com\/p\/edouard-philippe\" target=\"_blank\" rel=\"noopener\">\u00c9douard Philippe<\/a>), mais pour l\u2019instant, officiellement, c\u2019est pour construire un nouveau projet sportif pour Grenoble. \u00ab\u00a0Il faut un projet sportif populaire, qui ram\u00e8ne le sport au centre de la vie politique de la ville, en bonne intelligence avec la M\u00e9tropole. Je crois que nous partageons tous les deux l\u2019id\u00e9e qu\u2019\u00e0 travers le football, mais \u00e0 travers le sport de fa\u00e7on g\u00e9n\u00e9rale, on arrive \u00e0 cr\u00e9er toutes les passerelles possibles\u00a0\u00bb, a dit Herv\u00e9 Gerbi. Et Nassim Akrour a ajout\u00e9\u00a0: \u00ab\u00a0Si je peux aider, c\u2019est avec un immense plaisir que je le ferai.\u00a0\u00bb<\/p>\n","protected":false},"excerpt":{"rendered":"Ils nous avaient donn\u00e9 rendez-vous devant le Stade des Alpes de Grenoble, bien s\u00fbr. Et avec, dans les&hellip;\n","protected":false},"author":2,"featured_media":387168,"comment_status":"","ping_status":"","sticky":false,"template":"","format":"standard","meta":{"footnotes":""},"categories":[9566],"tags":[1111,11,2430,112,4188,1777,674,107,1011,27,2731,2732,3540,108,12,316,25],"class_list":{"0":"post-387167","1":"post","2":"type-post","3":"status-publish","4":"format-standard","5":"has-post-thumbnail","7":"category-grenoble","8":"tag-actu","9":"tag-actualites","10":"tag-auvergne-rhone-alpes","11":"tag-edition-grenoble-agglomeration","12":"tag-elections-municipales","13":"tag-eu","14":"tag-europe","15":"tag-fil-info","16":"tag-fr","17":"tag-france","18":"tag-grenoble","19":"tag-grenoble-bassin","20":"tag-horizons","21":"tag-isere","22":"tag-news","23":"tag-politique","24":"tag-republique-francaise"},"share_on_mastodon":{"url":"https:\/\/pubeurope.com\/@fr\/115195549033635459","error":""},"_links":{"self":[{"href":"https:\/\/www.europesays.com\/fr\/wp-json\/wp\/v2\/posts\/387167","targetHints":{"allow":["GET"]}}],"collection":[{"href":"https:\/\/www.europesays.com\/fr\/wp-json\/wp\/v2\/posts"}],"about":[{"href":"https:\/\/www.europesays.com\/fr\/wp-json\/wp\/v2\/types\/post"}],"author":[{"embeddable":true,"href":"https:\/\/www.europesays.com\/fr\/wp-json\/wp\/v2\/users\/2"}],"replies":[{"embeddable":true,"href":"https:\/\/www.europesays.com\/fr\/wp-json\/wp\/v2\/comments?post=387167"}],"version-history":[{"count":0,"href":"https:\/\/www.europesays.com\/fr\/wp-json\/wp\/v2\/posts\/387167\/revisions"}],"wp:featuredmedia":[{"embeddable":true,"href":"https:\/\/www.europesays.com\/fr\/wp-json\/wp\/v2\/media\/387168"}],"wp:attachment":[{"href":"https:\/\/www.europesays.com\/fr\/wp-json\/wp\/v2\/media?parent=387167"}],"wp:term":[{"taxonomy":"category","embeddable":true,"href":"https:\/\/www.europesays.com\/fr\/wp-json\/wp\/v2\/categories?post=387167"},{"taxonomy":"post_tag","embeddable":true,"href":"https:\/\/www.europesays.com\/fr\/wp-json\/wp\/v2\/tags?post=387167"}],"curies":[{"name":"wp","href":"https:\/\/api.w.org\/{rel}","templated":true}]}}