{"id":387169,"date":"2025-09-13T06:22:12","date_gmt":"2025-09-13T06:22:12","guid":{"rendered":"https:\/\/www.europesays.com\/fr\/387169\/"},"modified":"2025-09-13T06:22:12","modified_gmt":"2025-09-13T06:22:12","slug":"il-transporte-son-frigo-dans-le-metro-de-rennes-est-ce-autorise","status":"publish","type":"post","link":"https:\/\/www.europesays.com\/fr\/387169\/","title":{"rendered":"Il transporte son frigo dans le m\u00e9tro de Rennes\u00a0: est-ce autoris\u00e9\u00a0?"},"content":{"rendered":"<p>C\u2019est une dr\u00f4le de sc\u00e8ne \u00e0 laquelle a assist\u00e9 Samir* dans le m\u00e9tro de Rennes dimanche 2 septembre. Alors qu\u2019il empruntait la ligne B, ce Rennais est tomb\u00e9 nez \u00e0 nez avec un \u00e9norme frigo transport\u00e9 par un autre usager.<\/p>\n<p>\u00ab L\u2019homme transportait le r\u00e9frig\u00e9rateur sur une planche ab\u00eem\u00e9e avec deux petites roulettes \u00bb, pr\u00e9cise Samir. \u00ab Cette planche avait des bords tranchants. Imaginez si le frigo avait fonc\u00e9 sur une femme enceinte ou un enfant \u00bb.<\/p>\n<p>Les pr\u00e9cisions du STAR<\/p>\n<p>Contact\u00e9 par Le T\u00e9l\u00e9gramme, le STAR rappelle les r\u00e8gles : \u00ab Il est interdit d\u2019entrer dans les bus ou de p\u00e9n\u00e9trer dans l\u2019enceinte du m\u00e9tro avec des colis encombrants. Sont consid\u00e9r\u00e9s comme encombrants, tous les colis dont la plus grande dimension exc\u00e8de 1 m\u00e8tre. Exception est faite pour les colis longs qui sont admis sous r\u00e9serve que leur plus grande dimension n\u2019exc\u00e8de pas 2 m\u00e8tres et que les autres dimensions restent inf\u00e9rieures \u00e0 0,20 m\u00e8tre. Ces colis longs doivent \u00eatre transport\u00e9s verticalement. Toute personne contrevenant \u00e0 ces dispositions est responsable des cons\u00e9quences physiques et mat\u00e9rielles dues \u00e0 son comportement. \u00bb<\/p>\n<p>Heureusement, l\u2019usager a pu terminer son trajet sans faire de bless\u00e9. Et contrairement \u00e0 cette Parisienne qui avait \u00e9cop\u00e9 d\u2018une amende de 150 euros, en mai dernier, pour avoir transport\u00e9 sa plante verte jug\u00e9e trop imposante, il s\u2019en est tir\u00e9 sans verbalisation.<\/p>\n<p class=\"note\">*Le pr\u00e9nom a \u00e9t\u00e9 chang\u00e9<\/p>\n","protected":false},"excerpt":{"rendered":"C\u2019est une dr\u00f4le de sc\u00e8ne \u00e0 laquelle a assist\u00e9 Samir* dans le m\u00e9tro de Rennes dimanche 2 septembre.&hellip;\n","protected":false},"author":2,"featured_media":387170,"comment_status":"","ping_status":"","sticky":false,"template":"","format":"standard","meta":{"footnotes":""},"categories":[2821],"tags":[1111,11,829,1777,674,1011,27,848,12,584,25],"class_list":{"0":"post-387169","1":"post","2":"type-post","3":"status-publish","4":"format-standard","5":"has-post-thumbnail","7":"category-rennes","8":"tag-actu","9":"tag-actualites","10":"tag-bretagne","11":"tag-eu","12":"tag-europe","13":"tag-fr","14":"tag-france","15":"tag-ille-et-vilaine","16":"tag-news","17":"tag-rennes","18":"tag-republique-francaise"},"share_on_mastodon":{"url":"https:\/\/pubeurope.com\/@fr\/115195552997863632","error":""},"_links":{"self":[{"href":"https:\/\/www.europesays.com\/fr\/wp-json\/wp\/v2\/posts\/387169","targetHints":{"allow":["GET"]}}],"collection":[{"href":"https:\/\/www.europesays.com\/fr\/wp-json\/wp\/v2\/posts"}],"about":[{"href":"https:\/\/www.europesays.com\/fr\/wp-json\/wp\/v2\/types\/post"}],"author":[{"embeddable":true,"href":"https:\/\/www.europesays.com\/fr\/wp-json\/wp\/v2\/users\/2"}],"replies":[{"embeddable":true,"href":"https:\/\/www.europesays.com\/fr\/wp-json\/wp\/v2\/comments?post=387169"}],"version-history":[{"count":0,"href":"https:\/\/www.europesays.com\/fr\/wp-json\/wp\/v2\/posts\/387169\/revisions"}],"wp:featuredmedia":[{"embeddable":true,"href":"https:\/\/www.europesays.com\/fr\/wp-json\/wp\/v2\/media\/387170"}],"wp:attachment":[{"href":"https:\/\/www.europesays.com\/fr\/wp-json\/wp\/v2\/media?parent=387169"}],"wp:term":[{"taxonomy":"category","embeddable":true,"href":"https:\/\/www.europesays.com\/fr\/wp-json\/wp\/v2\/categories?post=387169"},{"taxonomy":"post_tag","embeddable":true,"href":"https:\/\/www.europesays.com\/fr\/wp-json\/wp\/v2\/tags?post=387169"}],"curies":[{"name":"wp","href":"https:\/\/api.w.org\/{rel}","templated":true}]}}