{"id":387171,"date":"2025-09-13T06:23:23","date_gmt":"2025-09-13T06:23:23","guid":{"rendered":"https:\/\/www.europesays.com\/fr\/387171\/"},"modified":"2025-09-13T06:23:23","modified_gmt":"2025-09-13T06:23:23","slug":"ol-pres-dun-millier-de-lyonnais-au-roazhon-park","status":"publish","type":"post","link":"https:\/\/www.europesays.com\/fr\/387171\/","title":{"rendered":"OL : pr\u00e8s d&rsquo;un millier de Lyonnais au Roazhon Park"},"content":{"rendered":"<p>                            <img width=\"770\" height=\"433\" src=\"https:\/\/www.europesays.com\/fr\/wp-content\/uploads\/2025\/09\/AFP__20250816__69PJ29F__v1__HighRes__FblFraLigue1LensLyon-770x433.jpg\" class=\"attachment-article size-article wp-post-image\" alt=\"Le parcage des supporters de l'OL \u00e0 Lens\" decoding=\"async\" fetchpriority=\"high\"  \/><\/p>\n<p>Le parcage des supporters de l\u2019OL \u00e0 Lens (Photo by Sameer Al-DOUMY \/ AFP)<\/p>\n<p>En marge de la deuxi\u00e8me rencontre \u00e0 l&rsquo;ext\u00e9rieur de cette saison, le parcage du Roazhon Parc sera garni de pr\u00e8s d&rsquo;un millier de supporters de l&rsquo;OL.<\/p>\n<p>Cela t\u00e9moigne du solide d\u00e9but de saison n\u00e9goci\u00e9 par les joueurs de l&rsquo;OL. Trois matchs, trois victoires. La nouvelle mentalit\u00e9 affich\u00e9e par les joueurs de Paulo <strong>Fonseca <\/strong>pla\u00eet aux supporters. La preuve, pour le deuxi\u00e8me d\u00e9placement de la saison, le parcage sera \u00e0 nouveau bien garni, <a href=\"https:\/\/www.olympique-et-lyonnais.com\/lens-ol-un-parcage-plein-pour-les-lyonnais,375246.html\" target=\"_blank\" rel=\"noreferrer noopener\">apr\u00e8s celui \u00e0 Lens<\/a>. L&rsquo;OL entend maintenir cette synergie <a href=\"https:\/\/www.olympique-et-lyonnais.com\/face-a-rennes-lol-va-se-lancer-dans-un-rythme-denfer,379437.html\" target=\"_blank\" rel=\"noreferrer noopener\">en parall\u00e8le<\/a> de ses performances en championnat et Ligue Europa dans les prochains jours.<\/p>\n<p>Dans la lign\u00e9e du d\u00e9placement \u00e0 Lens<\/p>\n<p>Avant l&rsquo;entame des futures \u00e9ch\u00e9ances, <strong>l&rsquo;OL <\/strong>se d\u00e9place sur la pelouse d&rsquo;un <strong>Stade Rennais <\/strong>en difficult\u00e9 dans ce d\u00e9but de saison. Les hommes d&rsquo;Habib <strong>Beye <\/strong>cherchent \u00e0 <a href=\"https:\/\/www.olympique-et-lyonnais.com\/contre-lol-rennes-veut-lancer-sa-saison,379404.html\" target=\"_blank\" rel=\"noreferrer noopener\">lancer leur saison<\/a>. Aux Lyonnais de rester lucides et de ne pas tomber dans <a href=\"https:\/\/www.olympique-et-lyonnais.com\/un-bilan-historique-defavorable-a-lol-en-bretagne,379166.html#google_vignette\" target=\"_blank\" rel=\"noreferrer noopener\">le pi\u00e8ge du Roazhon Park<\/a>. En remportant un quatri\u00e8me match, les Rhodaniens pourraient \u00e9galer la performance de 1981 et les quatre succ\u00e8s inauguraux \u00e0 la suite.<\/p>\n<p>En tout cas, les co\u00e9quipiers de Corentin <strong>Tolisso <\/strong>pourront compter sur le soutien de leurs supporters. Pr\u00e8s d&rsquo;un millier (900) feront le d\u00e9placement de D\u00e9cines jusqu&rsquo;\u00e0 la ville de Bretagne. Le destin est d\u00e9sormais entre les mains de l&rsquo;effectif lyonnais. Prouver que ce mois d&rsquo;ao\u00fbt n&rsquo;\u00e9tait pas anecdotique et que l&rsquo;OL peut \u00eatre un candidat s\u00e9rieux du haut de tableau.<\/p>\n<p>\t\t\t\t\t<a href=\"https:\/\/www.olympique-et-lyonnais.com\/face-a-rennes-lol-pourrait-egaler-un-record-de-1981,379607.html\" title=\"Face \u00e0 Rennes, l&#039;OL pourrait \u00e9galer un record de 1981\" target=\"_blank\" rel=\"noopener\"><img loading=\"lazy\" width=\"580\" height=\"326\" src=\"https:\/\/www.europesays.com\/fr\/wp-content\/uploads\/2025\/09\/AFP__20250831__72Z39AH__v1__HighRes__FblFraLigue1LyonMarseille-580x326.jpg\" class=\"attachment-actularge size-actularge wp-post-image\" alt=\"Les joueurs de l'OL apr\u00e8s la victoire face \u00e0 l'OM\" decoding=\"async\"  \/>\t\t\t\t\t<\/a><\/p>\n","protected":false},"excerpt":{"rendered":"Le parcage des supporters de l\u2019OL \u00e0 Lens (Photo by Sameer Al-DOUMY \/ AFP) En marge de la&hellip;\n","protected":false},"author":2,"featured_media":387172,"comment_status":"","ping_status":"","sticky":false,"template":"","format":"standard","meta":{"footnotes":""},"categories":[2821],"tags":[1111,11,829,1777,674,1011,27,12,241,47419,584,25],"class_list":{"0":"post-387171","1":"post","2":"type-post","3":"status-publish","4":"format-standard","5":"has-post-thumbnail","7":"category-rennes","8":"tag-actu","9":"tag-actualites","10":"tag-bretagne","11":"tag-eu","12":"tag-europe","13":"tag-fr","14":"tag-france","15":"tag-news","16":"tag-ol","17":"tag-parcage","18":"tag-rennes","19":"tag-republique-francaise"},"share_on_mastodon":{"url":"https:\/\/pubeurope.com\/@fr\/115195557405466058","error":""},"_links":{"self":[{"href":"https:\/\/www.europesays.com\/fr\/wp-json\/wp\/v2\/posts\/387171","targetHints":{"allow":["GET"]}}],"collection":[{"href":"https:\/\/www.europesays.com\/fr\/wp-json\/wp\/v2\/posts"}],"about":[{"href":"https:\/\/www.europesays.com\/fr\/wp-json\/wp\/v2\/types\/post"}],"author":[{"embeddable":true,"href":"https:\/\/www.europesays.com\/fr\/wp-json\/wp\/v2\/users\/2"}],"replies":[{"embeddable":true,"href":"https:\/\/www.europesays.com\/fr\/wp-json\/wp\/v2\/comments?post=387171"}],"version-history":[{"count":0,"href":"https:\/\/www.europesays.com\/fr\/wp-json\/wp\/v2\/posts\/387171\/revisions"}],"wp:featuredmedia":[{"embeddable":true,"href":"https:\/\/www.europesays.com\/fr\/wp-json\/wp\/v2\/media\/387172"}],"wp:attachment":[{"href":"https:\/\/www.europesays.com\/fr\/wp-json\/wp\/v2\/media?parent=387171"}],"wp:term":[{"taxonomy":"category","embeddable":true,"href":"https:\/\/www.europesays.com\/fr\/wp-json\/wp\/v2\/categories?post=387171"},{"taxonomy":"post_tag","embeddable":true,"href":"https:\/\/www.europesays.com\/fr\/wp-json\/wp\/v2\/tags?post=387171"}],"curies":[{"name":"wp","href":"https:\/\/api.w.org\/{rel}","templated":true}]}}