{"id":387173,"date":"2025-09-13T06:24:12","date_gmt":"2025-09-13T06:24:12","guid":{"rendered":"https:\/\/www.europesays.com\/fr\/387173\/"},"modified":"2025-09-13T06:24:12","modified_gmt":"2025-09-13T06:24:12","slug":"tous-les-films-a-5-euros-pendant-5-jours","status":"publish","type":"post","link":"https:\/\/www.europesays.com\/fr\/387173\/","title":{"rendered":"tous les films \u00e0 5 euros pendant 5 jours"},"content":{"rendered":"<p>L\u2019op\u00e9ration se faisait habituellement fin ao\u00fbt et s\u2019\u00e9talait sur huit jours. \u00ab\u00a0Mais cela se faisait en m\u00eame temps que des festivals qui bloquaient pas mal d\u2019\u00e9quipes de films\u00a0\u00bb, rappelle Denis Blum, pr\u00e9sident de l\u2019association des cin\u00e9mas ind\u00e9pendants de l\u2019Est et chef d\u2019orchestre d\u2019une initiative qui concerne cette ann\u00e9e 89 cin\u00e9mas dans le Grand Est, dont 25 en Alsace. Des petites salles, souvent ferm\u00e9es fin ao\u00fbt, ont rejoint cette ann\u00e9e ce dispositif qui s\u00e9duit aussi les plus grosses exploitations. Denis Blum note \u00e0 ce propos l\u2019entr\u00e9e en jeu de Kinepolis.<\/p>\n<p>\u00ab\u00a0Cin\u00e9-Cool a d\u00e9marr\u00e9 en 1997 \u00e0 Strasbourg\u00a0\u00bb, rappelle \u00e0 son tour Jean-Philippe Hochwelker du syndicat des directeurs de cin\u00e9ma Rhin-Moselle qui, avec le syndicat des directeurs de cin\u00e9ma de l\u2019Est, appuie cette op\u00e9ration. \u00ab\u00a0Avec l\u2019id\u00e9e, apr\u00e8s l\u2019\u00e9t\u00e9, de redonner envie aux gens d\u2019aller dans les salles tout en leur donnant un avant-go\u00fbt des sorties \u00e0 venir\u00a0\u00bb, pr\u00e9cise l\u2019exploitant. Cin\u00e9-Cool s\u2019est ensuite \u00e9tendu \u00e0 l\u2019Alsace puis au Grand Est. Une trentaine de films, dont quatre r\u00e9alis\u00e9s dans le Grand Est, sont propos\u00e9s cette ann\u00e9e en avant-premi\u00e8re. Une offre tr\u00e8s diversifi\u00e9e dans laquelle on retrouve autant \u201cLa Petite Derni\u00e8re\u00a0\u00bb d\u2019Hasfia Herzi que le film d\u2019animation Super grand prix produit par Michael Mack (cog\u00e9rant d\u2019<a href=\"https:\/\/www.dna.fr\/p\/europa-park\" target=\"_blank\" rel=\"noopener\">Europa-Park<\/a>). Certaines s\u00e9ances se faisant m\u00eame en pr\u00e9sence des \u00e9quipes de film. Une v\u00e9ritable aubaine pour de petites exploitations peu habitu\u00e9es \u00e0 ce type de visites.<\/p>\n<p class=\"note\">Plus d\u2019infos sur www.cine-cool.com<\/p>\n","protected":false},"excerpt":{"rendered":"L\u2019op\u00e9ration se faisait habituellement fin ao\u00fbt et s\u2019\u00e9talait sur huit jours. \u00ab\u00a0Mais cela se faisait en m\u00eame temps&hellip;\n","protected":false},"author":2,"featured_media":387174,"comment_status":"","ping_status":"","sticky":false,"template":"","format":"standard","meta":{"footnotes":""},"categories":[2820],"tags":[1111,11,2389,650,1687,2880,1777,674,107,1011,27,775,3035,12,25,640,2879],"class_list":{"0":"post-387173","1":"post","2":"type-post","3":"status-publish","4":"format-standard","5":"has-post-thumbnail","7":"category-strasbourg","8":"tag-actu","9":"tag-actualites","10":"tag-alsace","11":"tag-cinema","12":"tag-culture-loisirs","13":"tag-edition-strasbourg","14":"tag-eu","15":"tag-europe","16":"tag-fil-info","17":"tag-fr","18":"tag-france","19":"tag-grand-est","20":"tag-la-matinale-strasbourg","21":"tag-news","22":"tag-republique-francaise","23":"tag-strasbourg","24":"tag-strasbourg-ville"},"share_on_mastodon":{"url":"https:\/\/pubeurope.com\/@fr\/115195560801678143","error":""},"_links":{"self":[{"href":"https:\/\/www.europesays.com\/fr\/wp-json\/wp\/v2\/posts\/387173","targetHints":{"allow":["GET"]}}],"collection":[{"href":"https:\/\/www.europesays.com\/fr\/wp-json\/wp\/v2\/posts"}],"about":[{"href":"https:\/\/www.europesays.com\/fr\/wp-json\/wp\/v2\/types\/post"}],"author":[{"embeddable":true,"href":"https:\/\/www.europesays.com\/fr\/wp-json\/wp\/v2\/users\/2"}],"replies":[{"embeddable":true,"href":"https:\/\/www.europesays.com\/fr\/wp-json\/wp\/v2\/comments?post=387173"}],"version-history":[{"count":0,"href":"https:\/\/www.europesays.com\/fr\/wp-json\/wp\/v2\/posts\/387173\/revisions"}],"wp:featuredmedia":[{"embeddable":true,"href":"https:\/\/www.europesays.com\/fr\/wp-json\/wp\/v2\/media\/387174"}],"wp:attachment":[{"href":"https:\/\/www.europesays.com\/fr\/wp-json\/wp\/v2\/media?parent=387173"}],"wp:term":[{"taxonomy":"category","embeddable":true,"href":"https:\/\/www.europesays.com\/fr\/wp-json\/wp\/v2\/categories?post=387173"},{"taxonomy":"post_tag","embeddable":true,"href":"https:\/\/www.europesays.com\/fr\/wp-json\/wp\/v2\/tags?post=387173"}],"curies":[{"name":"wp","href":"https:\/\/api.w.org\/{rel}","templated":true}]}}