{"id":387179,"date":"2025-09-13T06:27:11","date_gmt":"2025-09-13T06:27:11","guid":{"rendered":"https:\/\/www.europesays.com\/fr\/387179\/"},"modified":"2025-09-13T06:27:11","modified_gmt":"2025-09-13T06:27:11","slug":"une-grosse-foule-attendue-dans-ce-quartier","status":"publish","type":"post","link":"https:\/\/www.europesays.com\/fr\/387179\/","title":{"rendered":"une grosse foule attendue dans ce quartier"},"content":{"rendered":"<p>            Par<br \/>\n        <strong><br \/>\n            <a href=\"https:\/\/actu.fr\/auteur\/manon-reinhardt\" title=\"Consulter tous les articles de Manon Reinhardt\" target=\"_blank\" rel=\"noopener\">Manon Reinhardt<\/a><br \/>\n        <\/strong><\/p>\n<p>        Publi\u00e9 le<\/p>\n<p>            13 sept. 2025 \u00e0 8h06        <\/p>\n<p>Le Gym recevra le FC Nantes dans le cadre de la quatri\u00e8me journ\u00e9e de Ligue\u00a01, ce samedi 13\u00a0septembre 2025, \u00e0 l\u2019Allianz Riviera \u00e0 <a href=\"https:\/\/actu.fr\/provence-alpes-cote-d-azur\/nice_06088\" target=\"_blank\" rel=\"noopener\">Nice<\/a> (<a href=\"https:\/\/actu.fr\/provence-alpes-cote-d-azur\/alpes-maritimes_06\" target=\"_blank\" rel=\"noopener\">Alpes-Maritimes<\/a>). Plusieurs milliers de spectateurs sont attendus dans le secteur pour assister \u00e0 la rencontre.<\/p>\n<p class=\" wall-content\">Les conditions de circulation<strong> seront modifi\u00e9es<\/strong>, voici ce qu\u2019il faut savoir pour s\u2019\u00e9viter les embouteillages.<\/p>\n<p>Comment s\u2019\u00e9viter les bouchons<\/p>\n<p class=\" wall-content\">Ce samedi 13\u00a0septembre, \u00e0 17h, l\u2019OGC Nice affrontera le FC Nantes \u00e0 l\u2019Allianz Riviera, dans le cadre de la quatri\u00e8me journ\u00e9e de Ligue\u00a01. Un \u00e9v\u00e9nement qui devrait attirer une foule importante de supporters. Des places sont d\u2019ailleurs toujours disponibles \u00e0 partir de 14\u00a0euros, 5\u00a0euros pour les enfants.<\/p>\n<p class=\" wall-content\">\n<p class=\" wall-content\">Avec l\u2019affluence pr\u00e9vue, la circulation pourrait ainsi \u00eatre difficile dans le secteur Saint-Isidore. Les transports en commun sont donc \u00e0 privil\u00e9gier. \u00c0 noter <a href=\"https:\/\/actu.fr\/provence-alpes-cote-d-azur\/nice_06088\/nice-lignes-d-azur-ce-qui-change-dans-les-transports-en-commun-des-la-rentree_63084631.html\" target=\"_blank\" rel=\"noopener\">qu\u2019une nouvelle ligne permet aux spectateurs de se rendre au stade en tramway<\/a> directement depuis le Port Lympia avec la ligne 3. Une rame partira toutes les 10\u00a0minutes.<\/p>\n<p class=\" wall-content\">Lignes d\u2019Azur pr\u00e9voit \u00e9galement de <strong>modifier son fonctionnement<\/strong>. En effet, les lignes de bus 17, 22, 59, 90, 91 et 92 sont d\u00e9vi\u00e9es le samedi 13\u00a0septembre 2025.<\/p>\n<p>Les d\u00e9tails des d\u00e9viations<\/p>\n<p class=\" wall-content\">Voici les d\u00e9tails de ces d\u00e9viations<\/p>\n<ul class=\" wall-content\">\n<li><strong>Ligne 17\u2009: de 14h00 \u00e0 20h00<\/strong><\/li>\n<\/ul>\n<p>Votre r\u00e9gion, votre actu !<\/p>\n<p>Recevez chaque jour les infos qui comptent pour vous.<\/p>\n<p>\t<a href=\"https:\/\/actu.fr\/newsletter\" class=\"ac-btn ac-btn--corner ac-btn--medium ac-btn--blue800\" target=\"_blank\" rel=\"noopener\">S&rsquo;incrire<\/a><\/p>\n<p class=\" wall-content\">En direction de\u00a0STAPS \/ Arboras\u2009:<br \/>Apr\u00e8s avoir desservi l\u2019arr\u00eat\u00a0Amboise, la ligne prolonge son itin\u00e9raire par la Digue des Fran\u00e7ais et effectue son terminus \u00e0 l\u2019arr\u00eat\u00a0CADAM \/ Centre Administratif.<br \/>Arr\u00eats\u00a0non desservis\u2009:<\/p>\n<p class=\" wall-content\">\u2013 Coll\u00e8ge Jules Romains<br \/>\u2013 M\u00e9ridia<br \/>\u2013 Les Olympiades<br \/>\u2013 La Chapelle \/ Sainte-Marguerite<br \/>\u2013 Jardins Sainte-Marguerite<br \/>\u2013 Gros Ch\u00eanes<br \/>\u2013 Les Arboras<br \/>\u2013 STAPS \/ Arboras<\/p>\n<p class=\" wall-content\">Arr\u00eat desservi en remplacement\u2009:<br \/>Arr\u00eat provisoire situ\u00e9 entre la traverse de la Digue des Fran\u00e7ais et l\u2019avenue Simone Veil.<\/p>\n<p class=\" wall-content\">En direction de\u00a0Ferber\u2009:<br \/>Au d\u00e9part de\u00a0CADAM \/ Centre Administratif, la ligne prolonge son itin\u00e9raire par la Digue des Fran\u00e7ais. Elle reprend son itin\u00e9raire normal \u00e0 partir de l\u2019arr\u00eat\u00a0Amboise.<br \/>Arr\u00eats\u00a0non desservis\u2009:<\/p>\n<p class=\" wall-content\">\u2013 STAPS \/ Arboras<br \/>\u2013 Les Arboras<br \/>\u2013 Gros Ch\u00eanes<br \/>\u2013 Jardins Sainte-Marguerite<br \/>\u2013 La Chapelle \/ Sainte-Marguerite<br \/>\u2013 Les Olympiades<br \/>\u2013 M\u00e9ridia<br \/>\u2013 Coll\u00e8ge Jules Romains<\/p>\n<p class=\" wall-content\">Arr\u00eat desservi en remplacement\u2009:<br \/>Arr\u00eat provisoire situ\u00e9 entre la traverse de la Digue des Fran\u00e7ais et l\u2019avenue Simone Veil.<\/p>\n<ul class=\" wall-content\">\n<li><strong>Ligne 22\u2009: de 14h00 \u00e0 la fin de service<\/strong><\/li>\n<\/ul>\n<p class=\" wall-content\">En direction de\u00a0CADAM \/ Centre Administratif\u2009:<br \/>Apr\u00e8s avoir desservi l\u2019arr\u00eat\u00a0P\u00f4le d\u2019Echanges Pierre Servella, la ligne prolonge son itin\u00e9raire par la M6202. Elle reprend son itin\u00e9raire normal \u00e0 partir de l\u2019arr\u00eat \u00ab\u2009Robini\u2009\u00bb.<br \/>Arr\u00eats\u00a0non desservis\u2009:<\/p>\n<p class=\" wall-content\">\u2013 Chemin des Baraques<br \/>\u2013 Les Arboras \/ Universit\u00e9<\/p>\n<p class=\" wall-content\">Arr\u00eat desservi en remplacement\u2009:<br \/>\u2013 Arboras \/ Mercantour<\/p>\n<p class=\" wall-content\">En direction de\u00a0Carros Pagnol \/ Le Peyron\u2009:<br \/>Apr\u00e8s avoir desservi l\u2019arr\u00eat\u00a0Robini, la ligne prolonge son itin\u00e9raire jusqu\u2019au\u00a0giratoire des Baraques. Elle reprend son itin\u00e9raire normal \u00e0 partir de l\u2019arr\u00eat \u00ab\u2009P\u00f4le d\u2019Echanges Pierre Servella\u2009\u00bb.<br \/>Arr\u00eats\u00a0non desservis\u2009:<\/p>\n<p class=\" wall-content\">\u2013 Les Arboras \/ Universit\u00e9<br \/>\u2013\u00a0Chemin des Baraques<\/p>\n<p class=\" wall-content\">Arr\u00eat desservi en remplacement\u2009:<br \/>\u2013 Arboras \/ Mercantour<\/p>\n<ul class=\" wall-content\">\n<li><strong>Ligne 59\u2009: de 14h00 \u00e0 la fin de service<\/strong><\/li>\n<\/ul>\n<p class=\" wall-content\">En direction de\u00a0CADAM \/ Centre Administratif\u2009:<br \/>Apr\u00e8s avoir desservi l\u2019arr\u00eat\u00a0Centre Commercial Lingosti\u00e8re, la ligne prolonge son itin\u00e9raire par la M6202. Elle reprend son itin\u00e9raire normal \u00e0 partir de l\u2019arr\u00eat \u00ab\u2009Robini\u2009\u00bb.<br \/>Arr\u00eats\u00a0non desservis\u2009:<\/p>\n<p class=\" wall-content\">\u2013 Centre Commercial\/ Saint-Isidore<br \/>\u2013 V\u00e9rola<br \/>\u2013 Saint-Isidore<br \/>\u2013 Stade<br \/>\u2013 Les Arboras \/ Universit\u00e9<\/p>\n<p class=\" wall-content\">Arr\u00eats desservis en remplacement\u2009:<br \/>\u2013 Les Baraques<br \/>\u2013 Arboras \/ Mercantour<\/p>\n<p class=\" wall-content\">En direction de\u00a0Plan du Var\u2009:<br \/>Apr\u00e8s avoir desservi l\u2019arr\u00eat\u00a0Robini, la ligne prolonge son itin\u00e9raire jusqu\u2019au\u00a0giratoire des Baraques. Elle reprend son itin\u00e9raire normal \u00e0 partir de l\u2019arr\u00eat \u00ab\u2009Saint-Isidore \/ Mercantour\u2009\u00bb.<br \/>Arr\u00eats\u00a0non desservis\u2009:<\/p>\n<p class=\" wall-content\">\u2013 Les Arboras \/ Universit\u00e9<br \/>\u2013 Stade<br \/>\u2013 Saint-Isidore<br \/>\u2013 V\u00e9rola<br \/>\u2013 Centre Commercial\/ Saint-Isidore<\/p>\n<p class=\" wall-content\">Arr\u00eats desservis en remplacement\u2009:<br \/>\u2013 Arboras \/ Mercantour<br \/>\u2013 Les Baraques<\/p>\n<ul class=\" wall-content\">\n<li><strong>Ligne 90\u2009: de 14h00 \u00e0 la fin de service<\/strong><\/li>\n<\/ul>\n<p class=\" wall-content\">En direction de\u00a0Les Arboras \/ Universit\u00e9\u2009:<br \/>Apr\u00e8s avoir desservi l\u2019arr\u00eat\u00a0Colomars La Manda, la ligne prolonge son itin\u00e9raire par la M6202 jusqu\u2019au MIN Fleurs. Elle effectue son terminus \u00e0 la gare routi\u00e8re \u00ab\u2009Grand Ar\u00e9nas\u2009\u00bb quai n\u00b01.<br \/>Arr\u00eats\u00a0non desservis\u2009:<\/p>\n<p class=\" wall-content\">\u2013 Centre Commercial \/ Saint-Isidore<br \/>\u2013 Saint-Isidore<br \/>\u2013 Les Arboras \/ Universit\u00e9<\/p>\n<p class=\" wall-content\">Arr\u00eat desservi en remplacement\u2009:<br \/>\u2013 Arboras \/ Mercantour<br \/>\u2013 Grand Ar\u00e9nas<\/p>\n<p class=\" wall-content\">D\u00e9part concern\u00e9\u2009: 15h30 de La Bolline<\/p>\n<p class=\" wall-content\">En direction de\u00a0La Bolline\u2009:<br \/>Au d\u00e9part de la gare routi\u00e8re \u00ab\u2009Grand Ar\u00e9nas\u2009\u00bb quai n\u00b01, la ligne prolonge son itin\u00e9raire par le boulevard du Mercantour et la M6202. Elle reprend son itin\u00e9raire normal \u00e0 partir de l\u2019arr\u00eat \u00ab\u2009Colomars La Manda\u2009\u00bb.<br \/>Arr\u00eats\u00a0non desservis\u2009:<\/p>\n<p class=\" wall-content\">\u2013 Les Arboras \/ Universit\u00e9<br \/>\u2013\u00a0Saint-Isidore<br \/>\u2013 Centre Commercial \/ Saint-Isidore<\/p>\n<p class=\" wall-content\">Arr\u00eat desservi en remplacement\u2009:<br \/>\u2013 Grand Ar\u00e9nas<br \/>\u2013\u00a0Arboras \/ Mercantour<br \/>\u2013 Saint-Isidore \/ Mercantour<\/p>\n<p class=\" wall-content\">D\u00e9parts concern\u00e9s\u2009: 16h40 et 18h40 sont effectu\u00e9s de Grand Ar\u00e9nas.<\/p>\n<ul class=\" wall-content\">\n<li><strong>Ligne 91\u2009: de 14h00 \u00e0 la fin de service<\/strong><\/li>\n<\/ul>\n<p class=\" wall-content\">En direction de\u00a0Les Arboras \/ Universit\u00e9\u2009:<br \/>Apr\u00e8s avoir desservi l\u2019arr\u00eat\u00a0Colomars La Manda, la ligne prolonge son itin\u00e9raire par la M6202 jusqu\u2019au MIN Fleurs. Elle effectue son terminus \u00e0 la gare routi\u00e8re \u00ab\u2009Grand Ar\u00e9nas\u2009\u00bb quai n\u00b01.<br \/>Arr\u00eats\u00a0non desservis\u2009:<\/p>\n<p class=\" wall-content\">\u2013 Centre Commercial \/ Saint-Isidore<br \/>\u2013 Saint-Isidore<br \/>\u2013 Les Arboras \/ Universit\u00e9<\/p>\n<p class=\" wall-content\">Arr\u00eat desservi en remplacement\u2009:<br \/>\u2013 Arboras \/ Mercantour<br \/>\u2013 Grand Ar\u00e9nas<\/p>\n<p class=\" wall-content\">D\u00e9part concern\u00e9\u2009: 16h00 d\u2019Auron<\/p>\n<p class=\" wall-content\">En direction d\u2019Auron\u2009:<br \/>Au d\u00e9part de la gare routi\u00e8re \u00ab\u2009Grand Ar\u00e9nas\u2009\u00bb quai n\u00b01, la ligne prolonge son itin\u00e9raire par le boulevard du Mercantour et la M6202. Elle reprend son itin\u00e9raire normal \u00e0 partir de l\u2019arr\u00eat \u00ab\u2009Colomars La Manda\u2009\u00bb.<br \/>Arr\u00eats\u00a0non desservis\u2009:<\/p>\n<p class=\" wall-content\">\u2013 Les Arboras \/ Universit\u00e9<br \/>\u2013\u00a0Saint-Isidore<br \/>\u2013 Centre Commercial \/ Saint-Isidore<\/p>\n<p class=\" wall-content\">Arr\u00eat desservi en remplacement\u2009:<br \/>\u2013 Grand Ar\u00e9nas<br \/>\u2013\u00a0Arboras \/ Mercantour<br \/>\u2013 Saint-Isidore \/ Mercantour<\/p>\n<p class=\" wall-content\">D\u00e9part concern\u00e9\u2009: 16h10 et 18h40 sont effectu\u00e9s de Grand Ar\u00e9nas.<\/p>\n<ul class=\" wall-content\">\n<li><strong>Ligne 92\u2009: de 14h00 \u00e0 la fin de service<\/strong><\/li>\n<\/ul>\n<p class=\" wall-content\">En direction de\u00a0Les Arboras \/ Universit\u00e9, l\u2019itin\u00e9raire est inchang\u00e9.<\/p>\n<p class=\" wall-content\">En direction d\u2019Isola 2000 Les Hameaux\u2009:<br \/>Au d\u00e9part de la gare routi\u00e8re \u00ab\u2009Grand Ar\u00e9nas\u2009\u00bb quai n\u00b01, la ligne prolonge son itin\u00e9raire par le boulevard du Mercantour et la M6202. Elle reprend son itin\u00e9raire normal \u00e0 partir de l\u2019arr\u00eat \u00ab\u2009Colomars La Manda\u2009\u00bb.<br \/>Arr\u00eats\u00a0non desservis\u2009:<\/p>\n<p class=\" wall-content\">\u2013 Les Arboras \/ Universit\u00e9<br \/>\u2013\u00a0Saint-Isidore<br \/>\u2013 Centre Commercial \/ Saint-Isidore<\/p>\n<p class=\" wall-content\">Arr\u00eat desservi en remplacement\u2009:<br \/>\u2013 Grand Ar\u00e9nas<br \/>\u2013\u00a0Arboras \/ Mercantour<br \/>\u2013 Saint-Isidore \/ Mercantour\u00a0\u00bb<\/p>\n<p class=\" wall-content\">Personnalisez votre actualit\u00e9 en ajoutant vos villes et m\u00e9dias en favori avec <a href=\"https:\/\/moncompte.actu.fr\" title=\"D\u00e9couvez Mon Actu\" rel=\"nofollow noopener\" data-trk=\"{&quot;cta&quot;:{&quot;action&quot;:&quot;https:\\\/\\\/moncompte.actu.fr&quot;,&quot;category&quot;:&quot;mon compte&quot;,&quot;from&quot;:&quot;article footer&quot;,&quot;name&quot;:&quot;Mon actu&quot;,&quot;type&quot;:&quot;cta&quot;}}\" target=\"_blank\">Mon Actu<\/a>.<\/p>\n","protected":false},"excerpt":{"rendered":"Par Manon Reinhardt Publi\u00e9 le 13 sept. 2025 \u00e0 8h06 Le Gym recevra le FC Nantes dans le&hellip;\n","protected":false},"author":2,"featured_media":387180,"comment_status":"","ping_status":"","sticky":false,"template":"","format":"standard","meta":{"footnotes":""},"categories":[2819],"tags":[1111,11,3542,1777,674,3696,1011,27,803,12,2401,882,25],"class_list":{"0":"post-387179","1":"post","2":"type-post","3":"status-publish","4":"format-standard","5":"has-post-thumbnail","7":"category-nice","8":"tag-actu","9":"tag-actualites","10":"tag-circulation","11":"tag-eu","12":"tag-europe","13":"tag-evenements","14":"tag-fr","15":"tag-france","16":"tag-info-trafic","17":"tag-news","18":"tag-nice","19":"tag-provence-alpes-cote-dazur","20":"tag-republique-francaise"},"share_on_mastodon":{"url":"https:\/\/pubeurope.com\/@fr\/115195572581180833","error":""},"_links":{"self":[{"href":"https:\/\/www.europesays.com\/fr\/wp-json\/wp\/v2\/posts\/387179","targetHints":{"allow":["GET"]}}],"collection":[{"href":"https:\/\/www.europesays.com\/fr\/wp-json\/wp\/v2\/posts"}],"about":[{"href":"https:\/\/www.europesays.com\/fr\/wp-json\/wp\/v2\/types\/post"}],"author":[{"embeddable":true,"href":"https:\/\/www.europesays.com\/fr\/wp-json\/wp\/v2\/users\/2"}],"replies":[{"embeddable":true,"href":"https:\/\/www.europesays.com\/fr\/wp-json\/wp\/v2\/comments?post=387179"}],"version-history":[{"count":0,"href":"https:\/\/www.europesays.com\/fr\/wp-json\/wp\/v2\/posts\/387179\/revisions"}],"wp:featuredmedia":[{"embeddable":true,"href":"https:\/\/www.europesays.com\/fr\/wp-json\/wp\/v2\/media\/387180"}],"wp:attachment":[{"href":"https:\/\/www.europesays.com\/fr\/wp-json\/wp\/v2\/media?parent=387179"}],"wp:term":[{"taxonomy":"category","embeddable":true,"href":"https:\/\/www.europesays.com\/fr\/wp-json\/wp\/v2\/categories?post=387179"},{"taxonomy":"post_tag","embeddable":true,"href":"https:\/\/www.europesays.com\/fr\/wp-json\/wp\/v2\/tags?post=387179"}],"curies":[{"name":"wp","href":"https:\/\/api.w.org\/{rel}","templated":true}]}}