{"id":387183,"date":"2025-09-13T06:29:23","date_gmt":"2025-09-13T06:29:23","guid":{"rendered":"https:\/\/www.europesays.com\/fr\/387183\/"},"modified":"2025-09-13T06:29:23","modified_gmt":"2025-09-13T06:29:23","slug":"loire-atlantique-handball-cest-zone-interdite-et-tireur-delite-exigee-pour-le-hbc-nantes","status":"publish","type":"post","link":"https:\/\/www.europesays.com\/fr\/387183\/","title":{"rendered":"Loire Atlantique &#8211; Handball. C\u2019est zone interdite et tireur d\u2019\u00e9lite exig\u00e9e pour le HBC Nantes"},"content":{"rendered":"<tr wp_automatic_readability=\"5.8909090909091\">\n<td valign=\"middle\" align=\"center\" class=\"col-logo\" wp_automatic_readability=\"5\">\n    <img decoding=\"async\" src=\"https:\/\/maville.com\/design\/images\/logo-of-monetise.svg?version=20130627\" alt=\"logo Ouest-France\" height=\"66\"\/><\/p>\n<p>Contenu r\u00e9serv\u00e9 aux abonn\u00e9s<\/p>\n<\/td>\n<td class=\"col-titre\">\n\t\t\tSamedi 13 septembre 2025 07:00<br \/>\n\t\t\t<a class=\"icon-bulle sizeL count\" href=\"#ancreAvis\"><br \/>\n\t&#8230;<br \/>\n<\/a><\/td>\n<\/tr>\n<p>\t\t<a class=\"mavillebox2 elmt-photo\" href=\"https:\/\/maville.com\/photosmvi\/2025\/09\/13\/P35459496D6973730G.jpg\" title=\" Noam Leopold essaie de se fier \u00e0 son instinct.  \u00a9  J\u00e9r\u00f4me Fouquet, Ouest-France  &lt;!--TAG-BLC credit--&gt;\" rel=\"galerie_actu nofollow noopener\" target=\"_blank\"><br \/>\n\t<img decoding=\"async\" src=\"https:\/\/www.europesays.com\/fr\/wp-content\/uploads\/2025\/09\/P35459496D6973730G_crop_640-330_.jpg\" alt=\"photo  noam leopold essaie de se fier \u00e0 son instinct.  \u00a9  j\u00e9r\u00f4me fouquet, ouest-france \"\/><br \/>\n\t1<br \/>\n<\/a><\/p>\n<p class=\"elmt-legende\"> Noam Leopold essaie de se fier \u00e0 son instinct.  \u00a9  J\u00e9r\u00f4me Fouquet, Ouest-France  <\/p>\n<p>\t\tQue ce soit en championnat ou en Ligue des champions, les arbitres n\u2019h\u00e9sitent pas en ce d\u00e9but de saison \u00e0 siffler des jets de sept m\u00e8tres pour un pied qui tra\u00eene en zone. Les joueurs ont \u00e9t\u00e9 pr\u00e9venus. L\u2019exercice du penalty prend du m\u00eame coup une plus grande importance. Le HBCN affiche un joli 14\/15\u00a0dans cet exercice mais ses adversaires sont pas mal non plus.Starligue. HBC Nantes \u2013 Toulouse. La r\u00e8gle a chang\u00e9, la d\u00e9fense en zone est syst\u00e9matiquement sanctionn\u00e9e d\u2019un jet de sept m\u00e8tres d\u2019o\u00f9 l\u2019importance d\u2019avoir de tr\u00e8s bons tireurs de penalties.<\/p>\n<p><b>Cet article est r\u00e9serv\u00e9 aux abonn\u00e9s<\/b><\/p>\n<p>Pour un acc\u00e8s imm\u00e9diat, abonnez-vous<\/p>\n<p><b>1\u00e8re semaine offerte<\/b><\/p>\n<p>\t\t Christophe DELACROIX. \u00a0\u00a0<br \/>\n\t\tOuest-France<\/p>\n<p>Retrouvez d&rsquo;autres actus sur la commune de :<\/p>\n<p>\t\t&#13;<\/p>\n","protected":false},"excerpt":{"rendered":"Contenu r\u00e9serv\u00e9 aux abonn\u00e9s Samedi 13 septembre 2025 07:00 &#8230; 1 Noam Leopold essaie de se fier \u00e0&hellip;\n","protected":false},"author":2,"featured_media":387184,"comment_status":"","ping_status":"","sticky":false,"template":"","format":"standard","meta":{"footnotes":""},"categories":[2818],"tags":[1111,11,3809,1465,1777,674,63,1011,27,1792,1922,766,12,2636,25,479,517,1470],"class_list":{"0":"post-387183","1":"post","2":"type-post","3":"status-publish","4":"format-standard","5":"has-post-thumbnail","7":"category-nantes","8":"tag-actu","9":"tag-actualites","10":"tag-ball","11":"tag-basket","12":"tag-eu","13":"tag-europe","14":"tag-football","15":"tag-fr","16":"tag-france","17":"tag-handball","18":"tag-info","19":"tag-nantes","20":"tag-news","21":"tag-pays-de-la-loire","22":"tag-republique-francaise","23":"tag-rugby","24":"tag-sport","25":"tag-volley"},"share_on_mastodon":{"url":"https:\/\/pubeurope.com\/@fr\/115195580530455783","error":""},"_links":{"self":[{"href":"https:\/\/www.europesays.com\/fr\/wp-json\/wp\/v2\/posts\/387183","targetHints":{"allow":["GET"]}}],"collection":[{"href":"https:\/\/www.europesays.com\/fr\/wp-json\/wp\/v2\/posts"}],"about":[{"href":"https:\/\/www.europesays.com\/fr\/wp-json\/wp\/v2\/types\/post"}],"author":[{"embeddable":true,"href":"https:\/\/www.europesays.com\/fr\/wp-json\/wp\/v2\/users\/2"}],"replies":[{"embeddable":true,"href":"https:\/\/www.europesays.com\/fr\/wp-json\/wp\/v2\/comments?post=387183"}],"version-history":[{"count":0,"href":"https:\/\/www.europesays.com\/fr\/wp-json\/wp\/v2\/posts\/387183\/revisions"}],"wp:featuredmedia":[{"embeddable":true,"href":"https:\/\/www.europesays.com\/fr\/wp-json\/wp\/v2\/media\/387184"}],"wp:attachment":[{"href":"https:\/\/www.europesays.com\/fr\/wp-json\/wp\/v2\/media?parent=387183"}],"wp:term":[{"taxonomy":"category","embeddable":true,"href":"https:\/\/www.europesays.com\/fr\/wp-json\/wp\/v2\/categories?post=387183"},{"taxonomy":"post_tag","embeddable":true,"href":"https:\/\/www.europesays.com\/fr\/wp-json\/wp\/v2\/tags?post=387183"}],"curies":[{"name":"wp","href":"https:\/\/api.w.org\/{rel}","templated":true}]}}