{"id":387185,"date":"2025-09-13T06:30:15","date_gmt":"2025-09-13T06:30:15","guid":{"rendered":"https:\/\/www.europesays.com\/fr\/387185\/"},"modified":"2025-09-13T06:30:15","modified_gmt":"2025-09-13T06:30:15","slug":"izon-les-passionnes-de-porsche-sportives-ont-rendez-vous-dimanche","status":"publish","type":"post","link":"https:\/\/www.europesays.com\/fr\/387185\/","title":{"rendered":"Izon. Les passionn\u00e9s de Porsche sportives ont rendez-vous dimanche"},"content":{"rendered":"<p>Le Boxster Aquitaine Club organise la 4e \u00e9dition de son rassemblement annuel le dimanche 14 septembre. De 9h30 \u00e0 15 heures, les passionn\u00e9s de Porsche sportives se retrouveront sur la place de la mairie. Cet \u00e9v\u00e9nement est ouvert aux sportives Classics et modernes, des P356 aux P911 type 992 phase 2. \u00ab\u202fNous avons accueilli 140 v\u00e9hicules l\u2019an pass\u00e9 malgr\u00e9 des conditions climatiques d\u00e9sastreuses.<\/p>\n<p>Cette ann\u00e9e, plus de 150 v\u00e9hicules sont d\u00e9j\u00e0 inscrits avec des Porsche Boxster, des Porsche Cayman mais \u00e9galement des Porsche embl\u00e9matiques\u202f\u00bb pr\u00e9cise St\u00e9phane Roumi, le pr\u00e9sident de l\u2019association. Pour cette \u00e9dition, l\u2019association Boxster Aquitaine Club \u00e9tendra son espace d\u2019exposition avec des v\u00e9hicules d\u2019exception sur l\u2019\u00eelot central mais aussi de nombreuses Porsche sur le terrain derri\u00e8re la m\u00e9diath\u00e8que.<\/p>\n<p>Sur la place du march\u00e9, les foodtrucks seront plus nombreux tout comme les stands d\u2019exposants avec des vendeurs, des m\u00e9caniciens auto sp\u00e9cialis\u00e9s dans les voitures sportives r\u00e9centes et classiques, un sellier et des techniciens sp\u00e9cialis\u00e9s dans la reprogrammation du mat\u00e9riel. Tombola bapt\u00eames et animations rythmeront ce rassemblement automobile.<\/p>\n<p><strong>Pratique<\/strong><\/p>\n<p>Renseignements sur <a href=\"http:\/\/www.facebook.com\/boxsteraquitaineclub\" rel=\"nofollow noopener\" target=\"_blank\">www.facebook.com\/boxsteraquitaineclub<\/a><\/p>\n","protected":false},"excerpt":{"rendered":"Le Boxster Aquitaine Club organise la 4e \u00e9dition de son rassemblement annuel le dimanche 14 septembre. De 9h30&hellip;\n","protected":false},"author":2,"featured_media":387186,"comment_status":"","ping_status":"","sticky":false,"template":"","format":"standard","meta":{"footnotes":""},"categories":[2817],"tags":[1111,11,1997,1777,674,1011,27,12,2219,25],"class_list":{"0":"post-387185","1":"post","2":"type-post","3":"status-publish","4":"format-standard","5":"has-post-thumbnail","7":"category-bordeaux","8":"tag-actu","9":"tag-actualites","10":"tag-bordeaux","11":"tag-eu","12":"tag-europe","13":"tag-fr","14":"tag-france","15":"tag-news","16":"tag-nouvelle-aquitaine","17":"tag-republique-francaise"},"share_on_mastodon":{"url":"https:\/\/pubeurope.com\/@fr\/115195584422449886","error":""},"_links":{"self":[{"href":"https:\/\/www.europesays.com\/fr\/wp-json\/wp\/v2\/posts\/387185","targetHints":{"allow":["GET"]}}],"collection":[{"href":"https:\/\/www.europesays.com\/fr\/wp-json\/wp\/v2\/posts"}],"about":[{"href":"https:\/\/www.europesays.com\/fr\/wp-json\/wp\/v2\/types\/post"}],"author":[{"embeddable":true,"href":"https:\/\/www.europesays.com\/fr\/wp-json\/wp\/v2\/users\/2"}],"replies":[{"embeddable":true,"href":"https:\/\/www.europesays.com\/fr\/wp-json\/wp\/v2\/comments?post=387185"}],"version-history":[{"count":0,"href":"https:\/\/www.europesays.com\/fr\/wp-json\/wp\/v2\/posts\/387185\/revisions"}],"wp:featuredmedia":[{"embeddable":true,"href":"https:\/\/www.europesays.com\/fr\/wp-json\/wp\/v2\/media\/387186"}],"wp:attachment":[{"href":"https:\/\/www.europesays.com\/fr\/wp-json\/wp\/v2\/media?parent=387185"}],"wp:term":[{"taxonomy":"category","embeddable":true,"href":"https:\/\/www.europesays.com\/fr\/wp-json\/wp\/v2\/categories?post=387185"},{"taxonomy":"post_tag","embeddable":true,"href":"https:\/\/www.europesays.com\/fr\/wp-json\/wp\/v2\/tags?post=387185"}],"curies":[{"name":"wp","href":"https:\/\/api.w.org\/{rel}","templated":true}]}}