{"id":387189,"date":"2025-09-13T06:32:09","date_gmt":"2025-09-13T06:32:09","guid":{"rendered":"https:\/\/www.europesays.com\/fr\/387189\/"},"modified":"2025-09-13T06:32:09","modified_gmt":"2025-09-13T06:32:09","slug":"cet-acces-direct-vers-toulouse-a-nouveau-ouvert-a-la-circulation","status":"publish","type":"post","link":"https:\/\/www.europesays.com\/fr\/387189\/","title":{"rendered":"cet acc\u00e8s direct vers Toulouse \u00e0 nouveau ouvert \u00e0 la circulation"},"content":{"rendered":"<p>            Par<br \/>\n        <strong><br \/>\n            <a href=\"https:\/\/actu.fr\/auteur\/david-saint-sernin\" title=\"Consulter tous les articles de David Saint-Sernin\" rel=\"nofollow noopener\" target=\"_blank\">David Saint-Sernin<\/a><br \/>\n        <\/strong><\/p>\n<p>        Publi\u00e9 le<\/p>\n<p>            13 sept. 2025 \u00e0 8h12        <\/p>\n<p>C\u2019est un axe routier qui permet de faire la liaison entre trois communes de <a href=\"https:\/\/actu.fr\/occitanie\/castelginest_31116\" rel=\"nofollow noopener\" target=\"_blank\">Castelginest,<\/a> Launaguet et Saint-Loup-Cammas au nord de Toulouse. Il constitue un acc\u00e8s direct pour les automobilistes qui se dirigent vers Toulouse, depuis les coteaux.<\/p>\n<p>Un pont qui \u00e9tait tr\u00e8s d\u00e9grad\u00e9<\/p>\n<p class=\" wall-content\">Depuis avril\u00a02025, cet axe \u00e9tait ferm\u00e9 \u00e0 la circulation pour r\u00e9aliser la d\u00e9molition, puis la reconstruction<a href=\"https:\/\/actu.fr\/occitanie\/castelginest_31116\/pres-de-toulouse-tres-degrade-ce-pont-va-etre-ferme-a-la-circulation-et-demoli-des-deviations-instaurees_62408300.html\" rel=\"nofollow noopener\" target=\"_blank\"> d\u2019un petit pont qui permet de traverser le ruisseau de Carles.<\/a> Son \u00e9tat \u00e9tait en effet tr\u00e8s d\u00e9grad\u00e9.<\/p>\n<p class=\" wall-content\">\u00ab\u2009L\u2019objectif est de s\u00e9curiser et de p\u00e9renniser la circulation sur cet axe\u2009\u00bb, expliquait la mairie de Castelginest.<\/p>\n<p class=\" wall-content\">Une d\u00e9viation avait \u00e9t\u00e9 mise en place. Elle n\u00e9cessitait de faire des kilom\u00e8tres suppl\u00e9mentaires.<\/p>\n<p>Le nouveau pont ouvert \u00e0 la circulation<\/p>\n<p class=\" wall-content\">Le nouveau pont est d\u00e9sormais ouvert \u00e0 la circulation, a annonc\u00e9 la mairie de Castelginest, vendredi 12 septembre 2025. La r\u00e9ouverture a eu lieu \u00e0 14h. Ce nouveau pont mesure 5 m\u00e8tres de large contre 3,20 m\u00e8tres pour l\u2019ancien. Il est donc possible de s\u2019y croiser ce qui n\u2019est pas un luxe.<\/p>\n<p>Vid\u00e9os : en ce moment sur Actu<br \/>\n    <a href=\"https:\/\/www.facebook.com\/plugins\/post.php?href=https%3A%2F%2Fwww.facebook.com%2Fcastelginest31780%2Fposts%2Fpfbid027RvgrMobkyarEkaPUtiGgmptXZBUZK5AyPe3LQDtxqsjssFKheSm7vTW1CeM1wLql&amp;show_text=true&amp;width=350\" title=\"Ouvrie le lien\" rel=\"nofollow noopener\" target=\"_blank\">Cliquez ici pour visualiser le contenu<\/a><\/p>\n<p>Des travaux suppl\u00e9mentaires \u00e0 venir<\/p>\n<p class=\" wall-content\">\u00ab\u2009Des am\u00e9nagements v\u00e9g\u00e9taux pour conforter les talus de part et d\u2019autre du pont seront r\u00e9alis\u00e9s en fin d\u2019ann\u00e9e. Ils n\u00e9cessiteront un alternat de circulation. Nous vous informerons des modalit\u00e9s avant le d\u00e9but des travaux\u2009\u00bb, ajoute n\u00e9anmoins la mairie.<\/p>\n<p>Votre r\u00e9gion, votre actu !<\/p>\n<p>Recevez chaque jour les infos qui comptent pour vous.<\/p>\n<p>\t<a href=\"https:\/\/actu.fr\/newsletter\" class=\"ac-btn ac-btn--corner ac-btn--medium ac-btn--blue800\" rel=\"nofollow noopener\" target=\"_blank\">S&rsquo;incrire<\/a><\/p>\n<p>    <a href=\"https:\/\/www.google.com\/maps\/embed?pb=!1m18!1m12!1m3!1d48935.609671965!2d1.4177755738608468!3d43.65198395086882!2m3!1f0!2f0!3f0!3m2!1i1024!2i768!4f13.1!3m3!1m2!1s0x12aea3007a7a8f55%3A0x8e01db20eebade41!2sPont%20de%20carles!5e0!3m2!1sfr!2sfr!4v1757692521812!5m2!1sfr!2sfr\" title=\"Ouvrie le lien\" rel=\"nofollow noopener\" target=\"_blank\">Cliquez ici pour visualiser le contenu<\/a><\/p>\n<p class=\" wall-content\">Personnalisez votre actualit\u00e9 en ajoutant vos villes et m\u00e9dias en favori avec <a href=\"https:\/\/moncompte.actu.fr\" title=\"D\u00e9couvez Mon Actu\" rel=\"nofollow noopener\" data-trk=\"{&quot;cta&quot;:{&quot;action&quot;:&quot;https:\\\/\\\/moncompte.actu.fr&quot;,&quot;category&quot;:&quot;mon compte&quot;,&quot;from&quot;:&quot;article footer&quot;,&quot;name&quot;:&quot;Mon actu&quot;,&quot;type&quot;:&quot;cta&quot;}}\" target=\"_blank\">Mon Actu<\/a>.<\/p>\n","protected":false},"excerpt":{"rendered":"Par David Saint-Sernin Publi\u00e9 le 13 sept. 2025 \u00e0 8h12 C\u2019est un axe routier qui permet de faire&hellip;\n","protected":false},"author":2,"featured_media":387190,"comment_status":"","ping_status":"","sticky":false,"template":"","format":"standard","meta":{"footnotes":""},"categories":[2816],"tags":[1111,11,3542,1777,674,1011,27,12,2680,25,104,2312,2086],"class_list":{"0":"post-387189","1":"post","2":"type-post","3":"status-publish","4":"format-standard","5":"has-post-thumbnail","7":"category-toulouse","8":"tag-actu","9":"tag-actualites","10":"tag-circulation","11":"tag-eu","12":"tag-europe","13":"tag-fr","14":"tag-france","15":"tag-news","16":"tag-occitanie","17":"tag-republique-francaise","18":"tag-societe","19":"tag-toulouse","20":"tag-travaux"},"share_on_mastodon":{"url":"https:\/\/pubeurope.com\/@fr\/115195592479797219","error":""},"_links":{"self":[{"href":"https:\/\/www.europesays.com\/fr\/wp-json\/wp\/v2\/posts\/387189","targetHints":{"allow":["GET"]}}],"collection":[{"href":"https:\/\/www.europesays.com\/fr\/wp-json\/wp\/v2\/posts"}],"about":[{"href":"https:\/\/www.europesays.com\/fr\/wp-json\/wp\/v2\/types\/post"}],"author":[{"embeddable":true,"href":"https:\/\/www.europesays.com\/fr\/wp-json\/wp\/v2\/users\/2"}],"replies":[{"embeddable":true,"href":"https:\/\/www.europesays.com\/fr\/wp-json\/wp\/v2\/comments?post=387189"}],"version-history":[{"count":0,"href":"https:\/\/www.europesays.com\/fr\/wp-json\/wp\/v2\/posts\/387189\/revisions"}],"wp:featuredmedia":[{"embeddable":true,"href":"https:\/\/www.europesays.com\/fr\/wp-json\/wp\/v2\/media\/387190"}],"wp:attachment":[{"href":"https:\/\/www.europesays.com\/fr\/wp-json\/wp\/v2\/media?parent=387189"}],"wp:term":[{"taxonomy":"category","embeddable":true,"href":"https:\/\/www.europesays.com\/fr\/wp-json\/wp\/v2\/categories?post=387189"},{"taxonomy":"post_tag","embeddable":true,"href":"https:\/\/www.europesays.com\/fr\/wp-json\/wp\/v2\/tags?post=387189"}],"curies":[{"name":"wp","href":"https:\/\/api.w.org\/{rel}","templated":true}]}}