{"id":387193,"date":"2025-09-13T06:34:12","date_gmt":"2025-09-13T06:34:12","guid":{"rendered":"https:\/\/www.europesays.com\/fr\/387193\/"},"modified":"2025-09-13T06:34:12","modified_gmt":"2025-09-13T06:34:12","slug":"villeneuve-dascq-cette-chanteuse-revelee-par-la-star-academy-sera-en-dedicaces-chez-aushopping-v2-mercredi","status":"publish","type":"post","link":"https:\/\/www.europesays.com\/fr\/387193\/","title":{"rendered":"Villeneuve-d&rsquo;Ascq. Cette chanteuse r\u00e9v\u00e9l\u00e9e par la Star Academy sera en d\u00e9dicaces chez Aushopping V2 mercredi"},"content":{"rendered":"<p>            Par<br \/>\n        <strong><br \/>\n            <a href=\"https:\/\/actu.fr\/auteur\/nicolas-demollien\" title=\"Consulter tous les articles de Nicolas Demollien\" rel=\"nofollow noopener\" target=\"_blank\">Nicolas Demollien<\/a><br \/>\n        <\/strong><\/p>\n<p>        Publi\u00e9 le<\/p>\n<p>            13 sept. 2025 \u00e0 7h24        <\/p>\n<p>Il devrait y avoir foule chez <b>Aushopping V2<\/b> \u00e0 <a href=\"https:\/\/actu.fr\/hauts-de-france\/villeneuve-d-ascq_59009\" rel=\"nofollow noopener\" target=\"_blank\">Villeneuve-d\u2019Ascq<\/a> (Nord) ce mercredi 17 septembre 2025. Une <b>chanteuse<\/b> bien connue sur les r\u00e9seaux sociaux et r\u00e9v\u00e9l\u00e9e par la <a href=\"https:\/\/actu.fr\/tag\/star-academy\" rel=\"nofollow noopener\" target=\"_blank\">Star Academy<\/a> sera en effet <b>en d\u00e9dicaces dans le centre commercial<\/b>.<\/p>\n<p>Rencontrez L\u00e9nie chez Aushopping V2 \u00e0 Villeneuve-d\u2019Ascq<\/p>\n<p class=\" wall-content\">Cette artiste, c\u2019est la chanteuse L\u00e9nie ! R\u00e9v\u00e9l\u00e9e par la onzi\u00e8me saison de la Star Academy, elle sera pr\u00e9sente sur place<b>\u00a0<\/b>\u00e0 partir de 15h !<\/p>\n<p class=\" wall-content\">\u00ab\u00a0L\u00e9nie prendra le temps de <b>rencontrer ses fans pour des photos et des autographes<\/b>\u00ab\u00a0, promet-on du c\u00f4t\u00e9 du centre commercial.<\/p>\n<p class=\" wall-content\">La jeune femme a plus d\u2019une corde \u00e0 son arc puisqu\u2019elle s\u2019est aussi r\u00e9v\u00e9l\u00e9e dans l\u2019\u00e9mission Danse avec les stars, remportant le titre en 2025.<\/p>\n<p class=\" wall-content\">Elle sera pr\u00e9sente au niveau 0 du centre commercial face \u00e0 Maisons du Monde. Un <b>\u00e9v\u00e9nement gratuit <\/b>et ouvert \u00e0 tous !<\/p>\n<p>    <a href=\"https:\/\/www.facebook.com\/plugins\/post.php?href=https%3A%2F%2Fwww.facebook.com%2FCCAushoppingV2%2Fposts%2Fpfbid02mhjMjnYfo9o9BHa5vsHftH5phbBLBPRAnmqtRgCHJCsrstBbmv46SBck4d6PD3tnl&amp;show_text=true&amp;width=350\" title=\"Ouvrie le lien\" rel=\"nofollow noopener\" target=\"_blank\">Cliquez ici pour visualiser le contenu<\/a><\/p>\n<p class=\" wall-content\">Plus d\u2019infos sur le site <a href=\"https:\/\/v2.aushopping.com\/actualites\/lenie-en-dedicaces-a-v2?utm_source=abo_news_aus&amp;utm_medium=email&amp;utm_campaign=202509_v2_showcase-dedicace-lenie&amp;aib_index=6\" rel=\"nofollow noopener\" target=\"_blank\">v2.aushopping.com<\/a><\/p>\n<p class=\" wall-content\">Personnalisez votre actualit\u00e9 en ajoutant vos villes et m\u00e9dias en favori avec <a href=\"https:\/\/moncompte.actu.fr\" title=\"D\u00e9couvez Mon Actu\" rel=\"nofollow noopener\" data-trk=\"{&quot;cta&quot;:{&quot;action&quot;:&quot;https:\\\/\\\/moncompte.actu.fr&quot;,&quot;category&quot;:&quot;mon compte&quot;,&quot;from&quot;:&quot;article footer&quot;,&quot;name&quot;:&quot;Mon actu&quot;,&quot;type&quot;:&quot;cta&quot;}}\" target=\"_blank\">Mon Actu<\/a>.<\/p>\n","protected":false},"excerpt":{"rendered":"Par Nicolas Demollien Publi\u00e9 le 13 sept. 2025 \u00e0 7h24 Il devrait y avoir foule chez Aushopping V2&hellip;\n","protected":false},"author":2,"featured_media":387194,"comment_status":"","ping_status":"","sticky":false,"template":"","format":"standard","meta":{"footnotes":""},"categories":[2815],"tags":[1111,11,1777,674,1011,27,811,1307,1652,12,25,5095,252],"class_list":{"0":"post-387193","1":"post","2":"type-post","3":"status-publish","4":"format-standard","5":"has-post-thumbnail","7":"category-lille","8":"tag-actu","9":"tag-actualites","10":"tag-eu","11":"tag-europe","12":"tag-fr","13":"tag-france","14":"tag-hauts-de-france","15":"tag-lille","16":"tag-loisirs-culture","17":"tag-news","18":"tag-republique-francaise","19":"tag-star-academy","20":"tag-television"},"share_on_mastodon":{"url":"https:\/\/pubeurope.com\/@fr\/115195600359141730","error":""},"_links":{"self":[{"href":"https:\/\/www.europesays.com\/fr\/wp-json\/wp\/v2\/posts\/387193","targetHints":{"allow":["GET"]}}],"collection":[{"href":"https:\/\/www.europesays.com\/fr\/wp-json\/wp\/v2\/posts"}],"about":[{"href":"https:\/\/www.europesays.com\/fr\/wp-json\/wp\/v2\/types\/post"}],"author":[{"embeddable":true,"href":"https:\/\/www.europesays.com\/fr\/wp-json\/wp\/v2\/users\/2"}],"replies":[{"embeddable":true,"href":"https:\/\/www.europesays.com\/fr\/wp-json\/wp\/v2\/comments?post=387193"}],"version-history":[{"count":0,"href":"https:\/\/www.europesays.com\/fr\/wp-json\/wp\/v2\/posts\/387193\/revisions"}],"wp:featuredmedia":[{"embeddable":true,"href":"https:\/\/www.europesays.com\/fr\/wp-json\/wp\/v2\/media\/387194"}],"wp:attachment":[{"href":"https:\/\/www.europesays.com\/fr\/wp-json\/wp\/v2\/media?parent=387193"}],"wp:term":[{"taxonomy":"category","embeddable":true,"href":"https:\/\/www.europesays.com\/fr\/wp-json\/wp\/v2\/categories?post=387193"},{"taxonomy":"post_tag","embeddable":true,"href":"https:\/\/www.europesays.com\/fr\/wp-json\/wp\/v2\/tags?post=387193"}],"curies":[{"name":"wp","href":"https:\/\/api.w.org\/{rel}","templated":true}]}}