{"id":387197,"date":"2025-09-13T06:36:12","date_gmt":"2025-09-13T06:36:12","guid":{"rendered":"https:\/\/www.europesays.com\/fr\/387197\/"},"modified":"2025-09-13T06:36:12","modified_gmt":"2025-09-13T06:36:12","slug":"ceux-qui-vivent-ce-sont-ceux-qui-luttent","status":"publish","type":"post","link":"https:\/\/www.europesays.com\/fr\/387197\/","title":{"rendered":"\u00ab Ceux qui vivent, ce sont ceux qui luttent \u00bb"},"content":{"rendered":"\n<p>Vivre bien de son travail et \u00eatre au service des usagers\u00a0: les travailleurs du secteur de l\u2019\u00e9nergie, en gr\u00e8ve depuis le 2\u00a0septembre, notamment \u00e0 Marseille, conjuguent d\u00e9fense des salaires et du pouvoir d\u2019achat. Un combat essentiel alors que, comme l\u2019a r\u00e9v\u00e9l\u00e9 <br \/>le Secours populaire, 39% des Fran\u00e7ais ont du mal \u00e0 payer leur facture d\u2019\u00e9lectricit\u00e9.<\/p>\n<p>Cette lutte, d\u00e9termin\u00e9e et joyeuse, p\u00e9trie de g\u00e9n\u00e9rosit\u00e9 et de solidarit\u00e9, les \u00e9nerg\u00e9ticiens l\u2019inscrivent dans la dur\u00e9e, au moins jusqu\u2019au 18\u00a0septembre. Une journ\u00e9e o\u00f9 l\u2019ensemble des syndicats appellent \u00e0 <br \/>la gr\u00e8ve, dans les entreprises et les services publics, et aux manifestations dans la rue.<\/p>\n<p>Provocation<\/p>\n<p>Une date d\u00e9cid\u00e9e apr\u00e8s l\u2019annonce, au mitan de l\u2019\u00e9t\u00e9, d\u2019un budget 2026 frapp\u00e9 du sceau de l\u2019aust\u00e9rit\u00e9\u00a0: quelque 44\u00a0milliards d\u2019euros d\u2019\u00e9conomies \u00e0 trouver au pr\u00e9texte d\u2019une dette insoutenable selon l\u2019ex-Premier ministre Fran\u00e7ois Bayrou, remplac\u00e9 cette semaine par un macroniste pur jus, S\u00e9bastien Lecornu, ex-ministre des arm\u00e9es.<\/p>\n<p>Cette antienne de la dette est une provocation inou\u00efe pour les travailleurs et leurs repr\u00e9sentants. Elle est aussi l\u2019illustration de l\u2019\u00e9chec cuisant de la politique pro-business d\u2019Emmanuel Macron. Car l\u2019ass\u00e8chement des budgets publics et, par cons\u00e9quent <br \/>le creusement de la dette publique, sont <br \/>le direct des cadeaux fiscaux faramineux aux poss\u00e9dants, au d\u00e9triment des travailleurs.<\/p>\n<p>En r\u00e9ponse, <br \/>le mouvement social, m\u00e9pris\u00e9 par la macronie, exige la justice sociale, la justice fiscale et veut faire plier ce pouvoir minoritaire. Il incarne parmi les plus beaux vers de Victor Hugo\u00a0: \u00ab\u00a0Ceux qui vivent, ce sont ceux qui luttent.\u00a0\u00bb<\/p>\n","protected":false},"excerpt":{"rendered":"Vivre bien de son travail et \u00eatre au service des usagers\u00a0: les travailleurs du secteur de l\u2019\u00e9nergie, en&hellip;\n","protected":false},"author":2,"featured_media":387198,"comment_status":"","ping_status":"","sticky":false,"template":"","format":"standard","meta":{"footnotes":""},"categories":[2814],"tags":[1111,11,1777,674,1011,27,884,12,882,25,11067],"class_list":{"0":"post-387197","1":"post","2":"type-post","3":"status-publish","4":"format-standard","5":"has-post-thumbnail","7":"category-marseille","8":"tag-actu","9":"tag-actualites","10":"tag-eu","11":"tag-europe","12":"tag-fr","13":"tag-france","14":"tag-marseille","15":"tag-news","16":"tag-provence-alpes-cote-dazur","17":"tag-republique-francaise","18":"tag-sebastien-lecornu"},"share_on_mastodon":{"url":"https:\/\/pubeurope.com\/@fr\/115195608081640751","error":""},"_links":{"self":[{"href":"https:\/\/www.europesays.com\/fr\/wp-json\/wp\/v2\/posts\/387197","targetHints":{"allow":["GET"]}}],"collection":[{"href":"https:\/\/www.europesays.com\/fr\/wp-json\/wp\/v2\/posts"}],"about":[{"href":"https:\/\/www.europesays.com\/fr\/wp-json\/wp\/v2\/types\/post"}],"author":[{"embeddable":true,"href":"https:\/\/www.europesays.com\/fr\/wp-json\/wp\/v2\/users\/2"}],"replies":[{"embeddable":true,"href":"https:\/\/www.europesays.com\/fr\/wp-json\/wp\/v2\/comments?post=387197"}],"version-history":[{"count":0,"href":"https:\/\/www.europesays.com\/fr\/wp-json\/wp\/v2\/posts\/387197\/revisions"}],"wp:featuredmedia":[{"embeddable":true,"href":"https:\/\/www.europesays.com\/fr\/wp-json\/wp\/v2\/media\/387198"}],"wp:attachment":[{"href":"https:\/\/www.europesays.com\/fr\/wp-json\/wp\/v2\/media?parent=387197"}],"wp:term":[{"taxonomy":"category","embeddable":true,"href":"https:\/\/www.europesays.com\/fr\/wp-json\/wp\/v2\/categories?post=387197"},{"taxonomy":"post_tag","embeddable":true,"href":"https:\/\/www.europesays.com\/fr\/wp-json\/wp\/v2\/tags?post=387197"}],"curies":[{"name":"wp","href":"https:\/\/api.w.org\/{rel}","templated":true}]}}