{"id":387199,"date":"2025-09-13T06:37:35","date_gmt":"2025-09-13T06:37:35","guid":{"rendered":"https:\/\/www.europesays.com\/fr\/387199\/"},"modified":"2025-09-13T06:37:35","modified_gmt":"2025-09-13T06:37:35","slug":"pres-de-marseille-cette-enseigne-de-street-food-qui-cartonne-ouvre-son-plus-grand-restaurant","status":"publish","type":"post","link":"https:\/\/www.europesays.com\/fr\/387199\/","title":{"rendered":"Pr\u00e8s de Marseille. Cette enseigne de street food qui cartonne ouvre son \u00ab\u00a0plus grand restaurant\u00a0\u00bb"},"content":{"rendered":"<p>            Par<br \/>\n        <strong><br \/>\n            <a href=\"https:\/\/actu.fr\/auteur\/thibault-nadal-actu-fr\" title=\"Consulter tous les articles de Thibault Nadal\" target=\"_blank\" rel=\"noopener\">Thibault Nadal<\/a><br \/>\n        <\/strong><\/p>\n<p>        Publi\u00e9 le<\/p>\n<p>            13 sept. 2025 \u00e0 8h24        <\/p>\n<p>C\u2019est une r\u00e9gion o\u00f9 la client\u00e8le devrait \u00eatre plus ouverte \u00e0 go\u00fbter leur produit. Tant la culture du poisson y est importante avec la M\u00e9diterran\u00e9e. Depuis ce mardi 9\u00a0septembre, l\u2019enseigne P\u00e8re &amp; Fish a <a href=\"https:\/\/actu.fr\/tag\/nouveaux-commerces\" target=\"_blank\" rel=\"noopener\">ouvert ses portes<\/a> dans le parc d\u2019activit\u00e9 commercial de <strong>Plan-de-Campagne<\/strong> (Bouches-du-Rh\u00f4ne), pr\u00e8s de <a href=\"https:\/\/actu.fr\/marseille\/\" target=\"_blank\" rel=\"noopener\">Marseille<\/a>.<\/p>\n<p>Une enseigne qui revisite le poisson<\/p>\n<p class=\" wall-content\">Sur <a href=\"https:\/\/actu.fr\/tag\/reseaux-sociaux\" target=\"_blank\" rel=\"noopener\">les r\u00e9seaux sociaux<\/a>, les fondateurs se f\u00e9licitent d\u2019avoir ouvert leur \u00ab\u2009plus grand restaurant\u2009\u00bb de France avec <strong>200\u00a0m2 de surface et 88 places assises<\/strong>.<\/p>\n<p class=\" wall-content\"><a href=\"https:\/\/www.instagram.com\/p\/DOYgkmcDPsS\/embed\" title=\"Ouvrir le lien sur Instagram\" target=\"_blank\" rel=\"noopener\">Visualiser le contenu sur Instagram<\/a><\/p>\n<p class=\" wall-content\">Lanc\u00e9 il y a sept \u00e0 Paris, l\u2019enseigne P\u00e8re &amp; Fish revisite le poisson en mode <a href=\"https:\/\/actu.fr\/tag\/street-food\" target=\"_blank\" rel=\"noopener\">street food<\/a>, en proposant notamment<strong> plusieurs burgers avec du poisson<\/strong>, comme du lieu noir et de la crevette ou un fish &amp; chips avec du saumon.<\/p>\n<p class=\" wall-content\">\u00ab\u2009Ici, le burger se r\u00e9invente autour du saumon, du cabillaud, de la crevette (mais aussi du poulet et des recettes veggies), avec l\u2019ambition de rendre la cuisine de la mer accessible, gourmande et cr\u00e9ative\u2009\u00bb, explique l\u2019\u00e9tablissement dans un communiqu\u00e9.<\/p>\n<p>Des prix \u00e9lev\u00e9s<\/p>\n<p class=\" wall-content\">Si les prix restent abordables, ils sont tout de m\u00eame plus \u00e9lev\u00e9s que dans un fast-food traditionnel. Il faut compter<strong> 9,90\u00a0euros pour le burger le moins cher de la carte<\/strong> et 14,90\u00a0euros dans un menu. En moyenne, le burger est plut\u00f4t affich\u00e9 entre 12 et 13,50\u00a0euros et le menu entre 16,50 et 18,50\u00a0euros.<\/p>\n<p class=\" wall-content\">Le <a href=\"https:\/\/actu.fr\/tag\/restaurant\" target=\"_blank\" rel=\"noopener\">restaurant<\/a> de Plan-de-Campagne est <strong>le troisi\u00e8me apr\u00e8s Paris et Lyon<\/strong>. Les fondateurs de P\u00e8re &amp; Fish promettent d\u2019autres ouvertures dans les prochains mois.<\/p>\n<p>Le restaurant est ouvert de 11h30 \u00e0 22h30 du lundi au jeudi et de 11h30 \u00e0 23h les vendredis et samedis.<br \/>Il est situ\u00e9 au P\u00f4le Food de la Galerie Barneoud, Les Pennes-Mirabeau.<\/p>\n<p class=\" wall-content\">Personnalisez votre actualit\u00e9 en ajoutant vos villes et m\u00e9dias en favori avec <a href=\"https:\/\/moncompte.actu.fr\" title=\"D\u00e9couvez Mon Actu\" rel=\"nofollow noopener\" data-trk=\"{&quot;cta&quot;:{&quot;action&quot;:&quot;https:\\\/\\\/moncompte.actu.fr&quot;,&quot;category&quot;:&quot;mon compte&quot;,&quot;from&quot;:&quot;article footer&quot;,&quot;name&quot;:&quot;Mon actu&quot;,&quot;type&quot;:&quot;cta&quot;}}\" target=\"_blank\">Mon Actu<\/a>.<\/p>\n<p>                    <script async src=\"\/\/www.instagram.com\/embed.js\"><\/script><\/p>\n","protected":false},"excerpt":{"rendered":"Par Thibault Nadal Publi\u00e9 le 13 sept. 2025 \u00e0 8h24 C\u2019est une r\u00e9gion o\u00f9 la client\u00e8le devrait \u00eatre&hellip;\n","protected":false},"author":2,"featured_media":387200,"comment_status":"","ping_status":"","sticky":false,"template":"","format":"standard","meta":{"footnotes":""},"categories":[2814],"tags":[1111,11,1777,674,1011,27,1305,884,12,3147,882,25,1340,10479],"class_list":{"0":"post-387199","1":"post","2":"type-post","3":"status-publish","4":"format-standard","5":"has-post-thumbnail","7":"category-marseille","8":"tag-actu","9":"tag-actualites","10":"tag-eu","11":"tag-europe","12":"tag-fr","13":"tag-france","14":"tag-lifestyle","15":"tag-marseille","16":"tag-news","17":"tag-nouveaux-commerces","18":"tag-provence-alpes-cote-dazur","19":"tag-republique-francaise","20":"tag-restaurant","21":"tag-street-food"},"share_on_mastodon":{"url":"https:\/\/pubeurope.com\/@fr\/115195611952128841","error":""},"_links":{"self":[{"href":"https:\/\/www.europesays.com\/fr\/wp-json\/wp\/v2\/posts\/387199","targetHints":{"allow":["GET"]}}],"collection":[{"href":"https:\/\/www.europesays.com\/fr\/wp-json\/wp\/v2\/posts"}],"about":[{"href":"https:\/\/www.europesays.com\/fr\/wp-json\/wp\/v2\/types\/post"}],"author":[{"embeddable":true,"href":"https:\/\/www.europesays.com\/fr\/wp-json\/wp\/v2\/users\/2"}],"replies":[{"embeddable":true,"href":"https:\/\/www.europesays.com\/fr\/wp-json\/wp\/v2\/comments?post=387199"}],"version-history":[{"count":0,"href":"https:\/\/www.europesays.com\/fr\/wp-json\/wp\/v2\/posts\/387199\/revisions"}],"wp:featuredmedia":[{"embeddable":true,"href":"https:\/\/www.europesays.com\/fr\/wp-json\/wp\/v2\/media\/387200"}],"wp:attachment":[{"href":"https:\/\/www.europesays.com\/fr\/wp-json\/wp\/v2\/media?parent=387199"}],"wp:term":[{"taxonomy":"category","embeddable":true,"href":"https:\/\/www.europesays.com\/fr\/wp-json\/wp\/v2\/categories?post=387199"},{"taxonomy":"post_tag","embeddable":true,"href":"https:\/\/www.europesays.com\/fr\/wp-json\/wp\/v2\/tags?post=387199"}],"curies":[{"name":"wp","href":"https:\/\/api.w.org\/{rel}","templated":true}]}}