{"id":38721,"date":"2025-04-20T11:09:13","date_gmt":"2025-04-20T11:09:13","guid":{"rendered":"https:\/\/www.europesays.com\/fr\/38721\/"},"modified":"2025-04-20T11:09:13","modified_gmt":"2025-04-20T11:09:13","slug":"rumeurs-de-transfert-de-verstappen-chez-aston-martin-en-2026-lecurie-repond","status":"publish","type":"post","link":"https:\/\/www.europesays.com\/fr\/38721\/","title":{"rendered":"rumeurs de transfert de Verstappen chez Aston Martin en 2026, l\u2019\u00e9curie r\u00e9pond"},"content":{"rendered":"<p>Andy Cowell, le directeur de l\u2019\u00e9curie, a \u00e9t\u00e9 interrog\u00e9 sur la possibilit\u00e9 de voir arriver Max Verstappen la saison prochaine au sein de son \u00e9quipe.<\/p>\n<p class=\"fig-paragraph\">Max Verstappen poursuivra-t-il l\u2019aventure chez Red Bull en 2026 ou rejoindra-t-il Aston Martin, \u00e9quipe au sein de laquelle se trouve d\u00e9sormais\u00a0<a href=\"http:\/\/www.lefigaro.fr\/sports\/formule-1\/formule-1-aston-martin-accueillera-adrian-newey-en-2025-20240910\" data-fig-type=\"NewsFlash\" data-gtm-custom-categorie=\"navigation\" data-gtm-custom-action=\"crossclick\" data-gtm-custom-label=\"Contextuel\" data-gtm-event=\"customEventSPE\" data-fig-domain=\"LEFIGARO\" target=\"_blank\" rel=\"noopener\">Adrian Newey<\/a>, l\u2019ing\u00e9nieur qui a longtemps con\u00e7u les monoplaces de l\u2019\u00e9curie Red Bull\u00a0? Les rumeurs dans le paddock \u00e9voquent une possible arriv\u00e9e du N\u00e9erlandais la saison prochaine mais Andy Cowell, le directeur, s\u2019est bien gard\u00e9 d\u2019\u00e9voquer un transfert, sans d\u00e9mentir toutefois. \u00abOn est tr\u00e8s chanceux car Fernando Alonso et\u00a0Lance Stroll ont des contrats \u00e0 long terme. Ils nous aident dans la cr\u00e9ation de la voiture de l\u2019ann\u00e9e prochaine.\u00bb<\/p>\n<p class=\"fig-paragraph\"><strong>\u00c0 VOIR AUSSI &#8211; <\/strong>Premier League\u00a0: Virgil van Dijk prolonge avec le Liverpool FC<\/p>\n<p>\u00a0\u00bb<br \/>\n        data-script=\u00a0\u00bbhttps:\/\/static.lefigaro.fr\/widget-video\/short-ttl\/dugout\/index.js\u00a0\u00bb<br \/>\n    &gt;<\/p>\n","protected":false},"excerpt":{"rendered":"Andy Cowell, le directeur de l\u2019\u00e9curie, a \u00e9t\u00e9 interrog\u00e9 sur la possibilit\u00e9 de voir arriver Max Verstappen la&hellip;\n","protected":false},"author":2,"featured_media":38722,"comment_status":"","ping_status":"","sticky":false,"template":"","format":"standard","meta":{"footnotes":""},"categories":[1412],"tags":[1709,1977,1976,525,1981,1979,1983,1451,1452,1453,1454,1455,1011,27,1982,2236,1978,1980,60],"class_list":{"0":"post-38721","1":"post","2":"type-post","3":"status-publish","4":"format-standard","5":"has-post-thumbnail","7":"category-f1","8":"tag-aston-martin","9":"tag-auto","10":"tag-auto-moto","11":"tag-calendrier","12":"tag-classement","13":"tag-constructeurs","14":"tag-essai","15":"tag-f1","16":"tag-formula-1","17":"tag-formula1","18":"tag-formule-1","19":"tag-formule1","20":"tag-fr","21":"tag-france","22":"tag-grand-prix","23":"tag-max-verstappen","24":"tag-pilotes","25":"tag-resultats","26":"tag-sports"},"share_on_mastodon":{"url":"https:\/\/pubeurope.com\/@fr\/114369984166305739","error":""},"_links":{"self":[{"href":"https:\/\/www.europesays.com\/fr\/wp-json\/wp\/v2\/posts\/38721","targetHints":{"allow":["GET"]}}],"collection":[{"href":"https:\/\/www.europesays.com\/fr\/wp-json\/wp\/v2\/posts"}],"about":[{"href":"https:\/\/www.europesays.com\/fr\/wp-json\/wp\/v2\/types\/post"}],"author":[{"embeddable":true,"href":"https:\/\/www.europesays.com\/fr\/wp-json\/wp\/v2\/users\/2"}],"replies":[{"embeddable":true,"href":"https:\/\/www.europesays.com\/fr\/wp-json\/wp\/v2\/comments?post=38721"}],"version-history":[{"count":0,"href":"https:\/\/www.europesays.com\/fr\/wp-json\/wp\/v2\/posts\/38721\/revisions"}],"wp:featuredmedia":[{"embeddable":true,"href":"https:\/\/www.europesays.com\/fr\/wp-json\/wp\/v2\/media\/38722"}],"wp:attachment":[{"href":"https:\/\/www.europesays.com\/fr\/wp-json\/wp\/v2\/media?parent=38721"}],"wp:term":[{"taxonomy":"category","embeddable":true,"href":"https:\/\/www.europesays.com\/fr\/wp-json\/wp\/v2\/categories?post=38721"},{"taxonomy":"post_tag","embeddable":true,"href":"https:\/\/www.europesays.com\/fr\/wp-json\/wp\/v2\/tags?post=38721"}],"curies":[{"name":"wp","href":"https:\/\/api.w.org\/{rel}","templated":true}]}}