{"id":387235,"date":"2025-09-13T06:57:10","date_gmt":"2025-09-13T06:57:10","guid":{"rendered":"https:\/\/www.europesays.com\/fr\/387235\/"},"modified":"2025-09-13T06:57:10","modified_gmt":"2025-09-13T06:57:10","slug":"une-premiere-encourageante-pour-le-tvb-en-preparation","status":"publish","type":"post","link":"https:\/\/www.europesays.com\/fr\/387235\/","title":{"rendered":"une premi\u00e8re encourageante pour le TVB en pr\u00e9paration"},"content":{"rendered":"<p><strong>Plessis-Robinson\u00a0&#8211; Tours VB\u00a0: 2-2<\/strong><\/p>\n<p>Quatre mois apr\u00e8s son dixi\u00e8me titre de champion de France, le Tours Volley-ball a lanc\u00e9, vendredi 12\u00a0septembre 2025, sa campagne de matchs de pr\u00e9paration en vue de la saison 2025-2026 sur le terrain du Plessis-Robinson. Et pour cette premi\u00e8re sortie, disput\u00e9e en quatre sets, Tours et Le Plessis-Robinson n\u2019ont pas r\u00e9ussi \u00e0 se d\u00e9partager (2-2).<\/p>\n<p>Pourtant, tout semblait bien se profiler pour les joueurs de Mladen Kasic. \u00c0 l\u2019image <a target=\"_self\" href=\"https:\/\/www.lanouvellerepublique.fr\/tours\/tvb-le-reve-bleu-de-luca-ramon-1755627022\" rel=\"noopener\">du libero Luca Ramon<\/a>, le TVB a brill\u00e9 en d\u00e9fense pour s\u2019offrir le premier set (25-20). En revanche, le deuxi\u00e8me acte est plus serr\u00e9. Le Plessis-Robinson s\u2019est ainsi rebell\u00e9 pour virer en t\u00eate \u00e0 l\u2019approche du money-time (19-17). L&rsquo;occasion parfaite pour Zeljko Coric de sortir de sa bo\u00eete. Gr\u00e2ce \u00e0 deux services appuy\u00e9s, le passeur tourangeau a ramen\u00e9 les siens dans la partie (19-19), avant de faire preuve de malice sur une premi\u00e8re main pour d\u00e9crocher une balle de set (24-22), transform\u00e9e dans la foul\u00e9e (25-22).<\/p>\n<p>Mais dans cette deuxi\u00e8me manche, les co\u00e9quipiers du libero Luca Ramon ont probablement un peu trop laiss\u00e9 d\u2019influx nerveux. Plus s\u00e9rieux et appliqu\u00e9s, les Franciliens sont ensuite parvenus \u00e0 faire d\u00e9jouer la machine adverse pour s\u2019emparer du troisi\u00e8me set (25-19) en 24 petites minutes. M\u00eame punition dans la manche suivante, r\u00e9duite \u00e0 15 points (15-11).<\/p>\n<p>\u00ab\u00a0Il faut qu\u2019on retrouve le rythme\u00a0\u00bb<\/p>\n<p>\u00ab\u00a0Le premier match contre Le Plessis \u00e9tait sp\u00e9cial, car on a jou\u00e9 contre une \u00e9quipe modifi\u00e9e avec les absents et on a jou\u00e9 avec des jeunes du centre de formation qui n\u2019ont pas forc\u00e9ment l\u2019habitude. Forc\u00e9ment, il y a beaucoup de choses \u00e0 am\u00e9liorer, mais il y a du positif dans ce premier match. Il faut aussi que l\u2019on retrouve du rythme, car on n\u2019a pas jou\u00e9 depuis quatre mois. On a envie, mais le corps ne suit pas forc\u00e9ment.\u00a0Mais c\u2019est normal. On va essayer de rectifier \u00e7a pour la suite\u00a0\u00bb, analysait Zeljko Coric, le passeur tourangeau.<\/p>\n<p>M\u00eame sensation du c\u00f4t\u00e9 du libero Luca Ramon\u00a0: \u00ab\u00a0On ne savait pas trop \u00e0 quoi s\u2019attendre lors de ce premier match avec pas mal d\u2019absents. Heureusement que les jeunes sont l\u00e0 pour qu\u2019on puisse s\u2019entra\u00eener convenablement, car sinon, \u00e0 sept, c\u2019est plus compliqu\u00e9. Les deux premiers sets ont \u00e9t\u00e9 qualitatifs, apr\u00e8s on a pein\u00e9 physiquement, mais on a donn\u00e9 ce qu\u2019on avait\u2026\u00a0\u00bb<\/p>\n<p>\u00ab\u00a0J\u2019ai bien aim\u00e9 les deux sets que l\u2019on a gagn\u00e9s, concluait Mladen Kasic. Maintenant, il est vrai que l\u2019on a encore beaucoup de probl\u00e8mes au service. Le Plessis a d\u2019ailleurs beaucoup mieux servi que nous\u2026\u00a0\u00bb Le nouvel entra\u00eeneur du TVB a d\u00fb faire sans plusieurs joueurs pour cause de mondial (Marshman, Mujanovic, Suihkonen, Heslinga). \u00ab\u00a0Jusqu\u2019ici, on a beaucoup travaill\u00e9 la technique et pas beaucoup le collectif. Alors, le r\u00e9sultat n\u2019est peut-\u00eatre pas important, mais on doit mieux faire dans les moments compliqu\u00e9s, surtout au service o\u00f9 on doit \u00eatre plus efficace. Mais on va continuer de travailler\u00a0\u00bb, poursuivait le technicien.<\/p>\n<p>Ce samedi matin, les Tourangeaux effectueront ainsi un deuxi\u00e8me test face \u00e0 cette m\u00eame \u00e9quipe du Plessis-Robinson\u2026 Avant de se retrouver d\u00e8s la deuxi\u00e8me journ\u00e9e de MSL,<a target=\"_self\" href=\"https:\/\/www.lanouvellerepublique.fr\/tours\/msl-le-tours-vb-debutera-la-saison-a-grenon-contre-le-promu-ajaccio-1753785410\" rel=\"noopener\"> le 25\u00a0octobre en r\u00e9gion parisienne<\/a>.<\/p>\n<p>Les sets\u00a0: 20-25 (24&prime;), 22-25 (27&prime;), 25-19 (24&prime;), 15-11 (14&prime;).<\/p>\n<p>\u00a0<\/p>\n","protected":false},"excerpt":{"rendered":"Plessis-Robinson\u00a0&#8211; Tours VB\u00a0: 2-2 Quatre mois apr\u00e8s son dixi\u00e8me titre de champion de France, le Tours Volley-ball a&hellip;\n","protected":false},"author":2,"featured_media":387236,"comment_status":"","ping_status":"","sticky":false,"template":"","format":"standard","meta":{"footnotes":""},"categories":[1417],"tags":[1011,27,1387,60,1390,1471,2767,1470,1469],"class_list":{"0":"post-387235","1":"post","2":"type-post","3":"status-publish","4":"format-standard","5":"has-post-thumbnail","7":"category-volley","8":"tag-fr","9":"tag-france","10":"tag-indre-et-loire","11":"tag-sports","12":"tag-tours","13":"tag-tours-volley-ball","14":"tag-tvb-37","15":"tag-volley","16":"tag-volleyball"},"share_on_mastodon":{"url":"https:\/\/pubeurope.com\/@fr\/115195690646969803","error":""},"_links":{"self":[{"href":"https:\/\/www.europesays.com\/fr\/wp-json\/wp\/v2\/posts\/387235","targetHints":{"allow":["GET"]}}],"collection":[{"href":"https:\/\/www.europesays.com\/fr\/wp-json\/wp\/v2\/posts"}],"about":[{"href":"https:\/\/www.europesays.com\/fr\/wp-json\/wp\/v2\/types\/post"}],"author":[{"embeddable":true,"href":"https:\/\/www.europesays.com\/fr\/wp-json\/wp\/v2\/users\/2"}],"replies":[{"embeddable":true,"href":"https:\/\/www.europesays.com\/fr\/wp-json\/wp\/v2\/comments?post=387235"}],"version-history":[{"count":0,"href":"https:\/\/www.europesays.com\/fr\/wp-json\/wp\/v2\/posts\/387235\/revisions"}],"wp:featuredmedia":[{"embeddable":true,"href":"https:\/\/www.europesays.com\/fr\/wp-json\/wp\/v2\/media\/387236"}],"wp:attachment":[{"href":"https:\/\/www.europesays.com\/fr\/wp-json\/wp\/v2\/media?parent=387235"}],"wp:term":[{"taxonomy":"category","embeddable":true,"href":"https:\/\/www.europesays.com\/fr\/wp-json\/wp\/v2\/categories?post=387235"},{"taxonomy":"post_tag","embeddable":true,"href":"https:\/\/www.europesays.com\/fr\/wp-json\/wp\/v2\/tags?post=387235"}],"curies":[{"name":"wp","href":"https:\/\/api.w.org\/{rel}","templated":true}]}}