{"id":387240,"date":"2025-09-13T07:01:20","date_gmt":"2025-09-13T07:01:20","guid":{"rendered":"https:\/\/www.europesays.com\/fr\/387240\/"},"modified":"2025-09-13T07:01:20","modified_gmt":"2025-09-13T07:01:20","slug":"motogp-2026-qui-prendra-la-derniere-place-sur-la-grille","status":"publish","type":"post","link":"https:\/\/www.europesays.com\/fr\/387240\/","title":{"rendered":"MotoGP 2026 : qui prendra la derni\u00e8re place sur la grille ?"},"content":{"rendered":"\n<p><strong> Le plateau de la saison prochaine est presque plein. Apr\u00e8s les r\u00e9centes signatures de Luca Marini, Johann Zarco, Franco Morbidelli et Jack Miller, il ne reste plus qu\u2019une place chez LCR et on sait pour qui elle sera\u2026<\/strong><\/p>\n<p>Nous ne sommes que d\u00e9but septembre, mais la grille 2026 est d\u00e9j\u00e0 \u00e9tonnamment remplie. Il faut dire que <strong>de nombreux contrats actuels courent d\u00e9j\u00e0 jusqu\u2019\u00e0 fin 2026<\/strong> et qu\u2019il s\u2019agissait essentiellement de confirmer quelques pilotes satellites \u00e0 leur poste. <strong>Ainsi, deux pilotes ne seront plus en MotoGP l\u2019ann\u00e9e prochaine<\/strong> avec un <strong>Miguel Oliveira<\/strong> qui paye cher une blessure en d\u00e9but de saison et des performances d\u00e9cevantes au guidon d\u2019une Yamaha il est vrai elle aussi bien d\u00e9cevante, tandis que <strong>Somkiat Chantra<\/strong> ne sera logiquement pas reconduit apr\u00e8s n\u2019avoir inscrit qu\u2019un seul point depuis le d\u00e9but de l\u2019ann\u00e9e. Et c\u2019est justement dans le box du team LCR, aux c\u00f4t\u00e9s de <a href=\"https:\/\/moto-station.com\/gp-racing\/motogp\/officiel-johann-zarco-reste-chez-honda-lcr-jusquen-2027\/709400\" target=\"_blank\" rel=\"noopener\">Johann Zarco<\/a>, qu\u2019il reste une place \u00e0 prendre. Place qui ira, \u00e0 99%,<strong> au Br\u00e9silien Diogo Moreira<\/strong> actuel troisi\u00e8me du championnat Moto2. Le pilote Italtrans poss\u00e8de pour lui un passeport qui int\u00e9resse les d\u00e9cideurs du MotoGP en qu\u00eate d\u2019internationalisation avec une manche pr\u00e9vue au Br\u00e9sil justement l\u2019an prochain alors que Manuel Gonzales devra patienter une ann\u00e9e de plus pour rejoindre l\u2019\u00e9lite et gonfler (encore) les rangs espagnols en cat\u00e9gorie reine\u2026 N\u2019oublions pas, naturellement, le transfert qui s\u2019est fait attendre de <a href=\"https:\/\/moto-station.com\/gp-racing\/motogp\/motogp-2026-toprak-razgatlioglu-rejoint-yamaha-prima-pramac-racing\/702709\" target=\"_blank\" rel=\"noopener\">Toprak Razgatlioglu du WSBK au MotoGP<\/a> chez Pramac Yamaha et qui constitue, au final, la seule originalit\u00e9 du plateau pour l\u2019an prochain.<\/p><\/p>\n","protected":false},"excerpt":{"rendered":"Le plateau de la saison prochaine est presque plein. Apr\u00e8s les r\u00e9centes signatures de Luca Marini, Johann Zarco,&hellip;\n","protected":false},"author":2,"featured_media":387241,"comment_status":"","ping_status":"","sticky":false,"template":"","format":"standard","meta":{"footnotes":""},"categories":[1413],"tags":[1011,27,1457,1456,60],"class_list":{"0":"post-387240","1":"post","2":"type-post","3":"status-publish","4":"format-standard","5":"has-post-thumbnail","7":"category-moto","8":"tag-fr","9":"tag-france","10":"tag-moto","11":"tag-motocycle","12":"tag-sports"},"share_on_mastodon":{"url":"https:\/\/pubeurope.com\/@fr\/115195706301197976","error":""},"_links":{"self":[{"href":"https:\/\/www.europesays.com\/fr\/wp-json\/wp\/v2\/posts\/387240","targetHints":{"allow":["GET"]}}],"collection":[{"href":"https:\/\/www.europesays.com\/fr\/wp-json\/wp\/v2\/posts"}],"about":[{"href":"https:\/\/www.europesays.com\/fr\/wp-json\/wp\/v2\/types\/post"}],"author":[{"embeddable":true,"href":"https:\/\/www.europesays.com\/fr\/wp-json\/wp\/v2\/users\/2"}],"replies":[{"embeddable":true,"href":"https:\/\/www.europesays.com\/fr\/wp-json\/wp\/v2\/comments?post=387240"}],"version-history":[{"count":0,"href":"https:\/\/www.europesays.com\/fr\/wp-json\/wp\/v2\/posts\/387240\/revisions"}],"wp:featuredmedia":[{"embeddable":true,"href":"https:\/\/www.europesays.com\/fr\/wp-json\/wp\/v2\/media\/387241"}],"wp:attachment":[{"href":"https:\/\/www.europesays.com\/fr\/wp-json\/wp\/v2\/media?parent=387240"}],"wp:term":[{"taxonomy":"category","embeddable":true,"href":"https:\/\/www.europesays.com\/fr\/wp-json\/wp\/v2\/categories?post=387240"},{"taxonomy":"post_tag","embeddable":true,"href":"https:\/\/www.europesays.com\/fr\/wp-json\/wp\/v2\/tags?post=387240"}],"curies":[{"name":"wp","href":"https:\/\/api.w.org\/{rel}","templated":true}]}}