{"id":387242,"date":"2025-09-13T07:02:09","date_gmt":"2025-09-13T07:02:09","guid":{"rendered":"https:\/\/www.europesays.com\/fr\/387242\/"},"modified":"2025-09-13T07:02:09","modified_gmt":"2025-09-13T07:02:09","slug":"officiel-lom-annonce-un-transfert-en-plein-match","status":"publish","type":"post","link":"https:\/\/www.europesays.com\/fr\/387242\/","title":{"rendered":"Officiel : L\u2019OM annonce un transfert en plein match !"},"content":{"rendered":"<p>                    Hugo Chirossel<br \/>\n                        &#8211;<\/p>\n<p>Journaliste<\/p>\n<p>Passionn\u00e9 de football depuis le plus jeune \u00e2ge, devenir journaliste sportif est rapidement devenu une \u00e9vidence pour Hugo. Il se d\u00e9couvrira plus tard un amour pour la NBA, avant d\u2019explorer d\u2019autres horizons comme ceux de la Formule 1 et de la NFL.<\/p>\n<p class=\"heading\">Alors que l\u2019OM s\u2019est largement impos\u00e9 face \u00e0 Lorient (4-0) vendredi soir en ouverture de la quatri\u00e8me journ\u00e9e de Ligue 1, le club a officialis\u00e9 le d\u00e9part d\u2019Amine Harit, qui n\u2019\u00e9tait pas dans le groupe pour affronter les Merlus. L\u2019international marocain \u00e9voluera en Turquie cette saison, \u00e0 Istanbul Basaksehir, o\u00f9 il est pr\u00eat\u00e9 avec option d\u2019achat. <\/p>\n<p>Non inscrit sur la liste du club pour la Ligue des champions, <a href=\"https:\/\/le10sport.com\/football\/mercato\/om-le-beau-cadeau-de-larabie-saoudite-757218\" target=\"_blank\" rel=\"noopener\">Amine Harit<\/a> n\u2019\u00e9tait pas non plus dans le groupe retenu par <strong>Roberto De Zerbi<\/strong> pour la r\u00e9ception de <strong>Lorient<\/strong> vendredi soir (4-0). Bien que le mercato ait ferm\u00e9 ses portes dans la majeure partie des pays d\u2019Europe le 1er septembre dernier, l\u2019international marocain (24 s\u00e9lections) \u00e9tait toujours en instance de d\u00e9part, \u00e0 l\u2019instar de <strong>Neal Maupay<\/strong>, et l\u2019<strong>OM<\/strong> a fini par lui trouver une porte de sortie.  <\/p>\n<p>                                            Harit pr\u00eat\u00e9 avec option d\u2019achat \u00e0 Istanbul Basaksehir<\/p>\n<p>Pendant que les Olympiens disposaient facilement des Merlus, <strong>Istanbul Basaksehir<\/strong> a annonc\u00e9 l\u2019arriv\u00e9e d\u2019<strong>Amine Harit<\/strong> en provenance de Marseille : \u00ab Notre club a conclu un accord avec Amine Harit, joueur du club de Marseille, \u00e9quipe de Ligue 1 fran\u00e7aise, pour un pr\u00eat avec option d&rsquo;achat jusqu&rsquo;\u00e0 la fin de la saison 2025-2026. Nous souhaitons la bienvenue au footballeur international marocain dans notre famille et lui souhaitons beaucoup de succ\u00e8s sous notre maillot orange et bleu. \u00bb<\/p>\n<p>                                            \u00ab L\u2019international marocain est pr\u00eat\u00e9 avec option d\u2019achat au club turc, Istanbul Basaksehir FK \u00bb<\/p>\n<p>Quelques minutes plus tard, l\u2019<strong>OM<\/strong> a \u00e9galement officialis\u00e9 le d\u00e9part du milieu offensif \u00e2g\u00e9 de 28 ans, pr\u00eat\u00e9 avec option d\u2019achat en Turquie : \u00ab Notre milieu de terrain marocain, Amine Harit, portera les couleurs d\u2019Istanbul Basaksehir FK en 2025-26. Arriv\u00e9 \u00e0 l\u2019Olympique de Marseille en provenance de Schalke 04 en septembre 2021, Amine Harit a disput\u00e9 107 rencontres avec Marseille pour un total de 10 buts. Pour la saison 2025-2026, l\u2019international marocain est pr\u00eat\u00e9 avec option d\u2019achat au club turc, Istanbul Basaksehir FK. \u00bb<\/p>\n","protected":false},"excerpt":{"rendered":"Hugo Chirossel &#8211; Journaliste Passionn\u00e9 de football depuis le plus jeune \u00e2ge, devenir journaliste sportif est rapidement devenu&hellip;\n","protected":false},"author":2,"featured_media":387243,"comment_status":"","ping_status":"","sticky":false,"template":"","format":"standard","meta":{"footnotes":""},"categories":[1412],"tags":[1451,1452,1453,1454,1455,1011,27,60],"class_list":{"0":"post-387242","1":"post","2":"type-post","3":"status-publish","4":"format-standard","5":"has-post-thumbnail","7":"category-f1","8":"tag-f1","9":"tag-formula-1","10":"tag-formula1","11":"tag-formule-1","12":"tag-formule1","13":"tag-fr","14":"tag-france","15":"tag-sports"},"share_on_mastodon":{"url":"https:\/\/pubeurope.com\/@fr\/115195710222238761","error":""},"_links":{"self":[{"href":"https:\/\/www.europesays.com\/fr\/wp-json\/wp\/v2\/posts\/387242","targetHints":{"allow":["GET"]}}],"collection":[{"href":"https:\/\/www.europesays.com\/fr\/wp-json\/wp\/v2\/posts"}],"about":[{"href":"https:\/\/www.europesays.com\/fr\/wp-json\/wp\/v2\/types\/post"}],"author":[{"embeddable":true,"href":"https:\/\/www.europesays.com\/fr\/wp-json\/wp\/v2\/users\/2"}],"replies":[{"embeddable":true,"href":"https:\/\/www.europesays.com\/fr\/wp-json\/wp\/v2\/comments?post=387242"}],"version-history":[{"count":0,"href":"https:\/\/www.europesays.com\/fr\/wp-json\/wp\/v2\/posts\/387242\/revisions"}],"wp:featuredmedia":[{"embeddable":true,"href":"https:\/\/www.europesays.com\/fr\/wp-json\/wp\/v2\/media\/387243"}],"wp:attachment":[{"href":"https:\/\/www.europesays.com\/fr\/wp-json\/wp\/v2\/media?parent=387242"}],"wp:term":[{"taxonomy":"category","embeddable":true,"href":"https:\/\/www.europesays.com\/fr\/wp-json\/wp\/v2\/categories?post=387242"},{"taxonomy":"post_tag","embeddable":true,"href":"https:\/\/www.europesays.com\/fr\/wp-json\/wp\/v2\/tags?post=387242"}],"curies":[{"name":"wp","href":"https:\/\/api.w.org\/{rel}","templated":true}]}}